{"id":11921,"date":"2014-04-27T15:27:40","date_gmt":"2014-04-27T13:27:40","guid":{"rendered":"http:\/\/natropie.zhp.pl\/?p=11921"},"modified":"2014-04-27T15:27:40","modified_gmt":"2014-04-27T13:27:40","slug":"znow-komplet-na-arsenale","status":"publish","type":"post","link":"https:\/\/natropie.zhp.pl\/index.php\/znow-komplet-na-arsenale\/","title":{"rendered":"Zn\u00f3w komplet na Arsenale"},"content":{"rendered":"<p style=\"text-align: justify;\"><b>Nie wiedzia\u0142em, czego spodziewa\u0107 si\u0119 na kolejnym \u201eArsenale\u201d. P\u00f3\u017aniej d\u0142ugo nie mog\u0142em okre\u015bli\u0107 swoich odczu\u0107. Jednak jest w Rajdzie co\u015b, co przyci\u0105ga do stolicy ponad 1000 harcerzy z ca\u0142ej Polski.<\/b><\/p>\n<h3 style=\"text-align: justify;\"><b>Wra\u017cenia po 44. Rajdzie \u201eArsena\u0142\u201d<\/b><\/h3>\n<p style=\"text-align: justify;\">Impreza, kt\u00f3rej nie wolno przegapi\u0107? Dla wielu ludzi zdecydowanie tak! Na pewno s\u0105 tacy, kt\u00f3rzy rok harcerski zaczynaj\u0105 od wpisania sztandarowego przedsi\u0119wzi\u0119cia Hufca ZHP Warszawa-Mokot\u00f3w do swoich kalendarzy. Jednak\u017ce mo\u017cna to uj\u0105\u0107 w nieco inny spos\u00f3b \u2013 je\u015bli chodzi o mnie, \u201eArsena\u0142\u201d przywodzi na my\u015bli dobre muzeum ze sta\u0142\u0105 wystaw\u0105 \u2013 ka\u017cdy powinien cho\u0107 raz w nim by\u0107, a je\u015bli przypadnie mu do gustu \u2013 na pewno tam ch\u0119tnie wr\u00f3ci.<\/p>\n<h3 style=\"text-align: justify;\"><b>Majstersztyk<\/b><\/h3>\n<blockquote><p>&#8230;gdyby nie rozp\u0119d i tradycja, z kt\u00f3r\u0105 trudno nam zerwa\u0107, nie by\u0142oby wcale oczywiste organizowanie Rajdu co roku<\/p><\/blockquote>\n<p style=\"text-align: justify;\">Podczas przygotowywania tak ogromnego przedsi\u0119wzi\u0119cia, jakim jest Rajd \u201eArsena\u0142\u201d, organizatorzy musz\u0105 zmaga\u0107 si\u0119 z problemami, kt\u00f3re nawet nie przychodz\u0105 pospolitemu uczestnikowi do g\u0142owy, podczas gdy wychodzi z tramwaju, kt\u00f3rym jecha\u0142 za darmo na punkt w Bibliotece Narodowej! Do chwili obecnej jestem pod wra\u017ceniem tego, jak doskonale wygl\u0105da\u0142a wsp\u00f3\u0142praca z miastem \u2013 darmowa komunikacja miejska, zablokowane ulice w centrum podczas ko\u0144cowej defilady oraz uroczysto\u015bci w naprawd\u0119 najbardziej reprezentatywnych miejscach. Do tego liczni go\u015bcie, asysta s\u0142u\u017cb mundurowych? Sk\u0142adam uk\u0142on w stron\u0119 komendantki hm. Patrycji Adamskiej. Ten aspekt rajdu doprowadzony jest do perfekcji. Warto wspomnie\u0107, \u017ce przygotowania do kolejnej edycji zaczn\u0105 si\u0119 ju\u017c niebawem (je\u015bli ju\u017c si\u0119 nie zacz\u0119\u0142y). Ilo\u015b\u0107 pracy w nie w\u0142o\u017conej jest wprost proporcjonalna do ilo\u015bci ulgi maluj\u0105cej si\u0119 na twarzach komendy po apelu ko\u0144cz\u0105cym \u2013 wierzcie lub nie, jest gigantyczna. Zdecydowanie nie wyrazi tego przybicie pi\u0105tki przez komendantk\u0119 i jej zast\u0119pc\u0119.<\/p>\n<p style=\"text-align: justify;\">Jak trudnym zadaniem jest przygotowanie i przeprowadzenie rajdu dobrze obrazuj\u0105 s\u0142owa druhny hm. Patrycji Adamskiej:<\/p>\n<p style=\"text-align: justify;\">\u201eRajd Arsena\u0142 to du\u017ce wyzwanie dla naszego Hufca. My\u015bl\u0119, \u017ce gdyby nie rozp\u0119d i tradycja, z kt\u00f3r\u0105 trudno nam zerwa\u0107, nie by\u0142oby wcale oczywiste organizowanie Rajdu co roku. I chocia\u017c ju\u017c 44 razy si\u0119 uda\u0142o, to pytanie: robi\u0107 czy nie robi\u0107 wraca do nas jak bumerang, prawie ka\u017cdego roku\u201d.<\/p>\n<h3 style=\"text-align: justify;\"><b>Powiew przedwojennej \u015bwie\u017co\u015bci<\/b><\/h3>\n<p style=\"text-align: justify;\">Z poprzednich edycji \u201eArsena\u0142u\u201d zapami\u0119ta\u0142em, \u017ce organizatorzy rozkochiwali si\u0119 w tematyce wojennej \u2013 wszystko od pocz\u0105tku do ko\u0144ca by\u0142o powi\u0105zane z dzia\u0142alno\u015bci\u0105 Szarych Szereg\u00f3w, ich bohater\u00f3w lub Powstaniem Warszawskim.<\/p>\n<p style=\"text-align: justify;\">To, \u017ce arsena\u0142owe gry: w pi\u0105tkowy wiecz\u00f3r i sobotnia, s\u0105 jednymi wielkimi lekcjami historii, nie uleg\u0142o zmianie w nawet najmniejszym stopniu. Jednak w tym roku, ku og\u00f3lnemu zadowoleniu, uczestnicy mieli okazj\u0119 pozna\u0107 nieistniej\u0105c\u0105 ju\u017c przedwojenn\u0105 Warszaw\u0119. Temat przewodni \u201ePoczt\u00f3wki z Warszawy\u201d okaza\u0142 si\u0119 strza\u0142em w dziesi\u0105tk\u0119. Poczt\u00f3wki z miasta diametralnie r\u00f3\u017cni\u0142y si\u0119 od obecnego wygl\u0105du stolicy naszego postsocjalistycznego kraju. To niezwykle satysfakcjonuj\u0105ce \u2013 us\u0142ysze\u0107, \u017ce miasto, kt\u00f3rego lwia cz\u0119\u015b\u0107 to blokowiska, by\u0142o nazywane \u201ePary\u017cem p\u00f3\u0142nocy\u201d i jednym z najwa\u017cniejszych europejskich o\u015brodk\u00f3w kulturalnych.<\/p>\n<h3 style=\"text-align: justify;\"><b>Punkt!<\/b><\/h3>\n<p style=\"text-align: justify;\">Jak ju\u017c wcze\u015bniej wspomnia\u0142em \u2013 rozmieszczenie punkt\u00f3w podczas gier terenowych by\u0142o bezb\u0142\u0119dne \u2013 ka\u017cdy z nich znajdowa\u0142 si\u0119 w nadzwyczajnym miejscu, kt\u00f3rego raczej nie odwiedza si\u0119, nawet je\u015bli mieszka si\u0119 w Warszawie. Niestety, nawet na ma\u0142o konkurencyjnym rynku lokalizacja nie jest gwarantem sukcesu.<\/p>\n<h3 style=\"text-align: justify;\"><b>Zgrzyt<\/b><\/h3>\n<blockquote><p>Pogodzenie r\u00f3\u017cnorodno\u015bci patroli (&#8230;) jest nie lada wyzwaniem.<\/p><\/blockquote>\n<p style=\"text-align: justify;\">Znacie to uczucie, kiedy widzicie na chodniku z kostki brukowej jeden jedyny \u017ale u\u0142o\u017cony element? W\u0142a\u015bnie tak czuli\u015bmy si\u0119, gdy na punktach w genialnych miejscach dostawali\u015bmy zadania, kt\u00f3re by\u0142yby \u015bwietne dla czwartoklasist\u00f3w i ca\u0142kowicie odstawa\u0142y od standardu, jakiego spodziewali\u015bmy si\u0119 po Rajdzie \u201eArsena\u0142\u201d.<\/p>\n<p style=\"text-align: justify;\">W tym miejscu pragn\u0119 si\u0119 zatrzyma\u0107 i zauwa\u017cy\u0107, \u017ce prawie wszyscy uczestnicy Rajdu to osoby spoza Warszawy, a sama impreza ma r\u00f3wnie\u017c na celu pokazanie im miasta. I tutaj z jednej strony jest wspaniale \u2013 je\u017adzimy od ikon architektury do miejsc symbolicznych. Niestety czas, jaki ma si\u0119 na przejazd, powoduje \u017ce wszystkie te obrazy zlewaj\u0105 si\u0119 w ko\u0144cu w jedn\u0105 wielk\u0105 kulturowo-architektoniczno-historyczno-symboliczn\u0105 mas\u0119, po\u015br\u00f3d kt\u00f3rej w kt\u00f3rym\u015b momencie zaczyna si\u0119 szuka\u0107 tylko szyldu proponuj\u0105cego ostr\u0105 baranin\u0119.<\/p>\n<p style=\"text-align: justify;\">Pogodzenie r\u00f3\u017cnorodno\u015bci patroli (wiekowej jak r\u00f3wnie\u017c pod wzgl\u0119dem d\u0142ugo\u015bci arsena\u0142owego sta\u017cu) jest nie lada wyzwaniem. Zwraca na to uwag\u0119 komendantka rajdu:<\/p>\n<p style=\"text-align: justify;\">\u201ePrzy organizacji Rajdu jednym z wa\u017cniejszych problem\u00f3w jakie mamy, przynajmniej z mojej perspektywy osoby, kt\u00f3ra by\u0142a dwa razy komendantk\u0105 i kilka razy cz\u0142onkiem sztabu, to pogodzenie oczekiwa\u0144 przyje\u017cd\u017caj\u0105cych patroli. Jedni przyje\u017cd\u017caj\u0105 pierwszy raz \u2013 chc\u0105 zobaczy\u0107 Szucha, Pawiak i Pow\u0105zki, m\u0119czy ich tempo, brak wolnego czasu. Inni s\u0105 kolejny raz \u2013 widzieli ju\u017c wszystko, co chcieli zobaczy\u0107, oczekuj\u0105 porywaj\u0105cego programu \u2013 nie kolejnego spotkania z kombatantami, chc\u0105 du\u017co i intensywnie.<\/p>\n<p style=\"text-align: justify;\">Zawsze staramy si\u0119, \u017ceby Rajd by\u0142 atrakcyjny dla wszystkich, ale czasami trafia si\u0119 tak, \u017ce patrol, kt\u00f3ry chcia\u0142 historycznego Rajdu, trafi na punkty bardziej wsp\u00f3\u0142czesne, \u017ce akurat jego punktowy rozchorowa\u0142 si\u0119 dzie\u0144 wcze\u015bniej i musieli\u015bmy poprosi\u0107 kogo\u015b o stani\u0119cie na punkcie w ostatniej chwili, \u017ce pani, kt\u00f3ra mia\u0142a przyj\u015b\u0107 otworzy\u0107 muzeum, zaspa\u0142a i b\u0119dzie za godzin\u0119 \u2013 trzeba czeka\u0107, \u017ce super go\u015b\u0107, kt\u00f3ry do ostatniej chwili potwierdza\u0142 swoj\u0105 obecno\u015b\u0107 na zaj\u0119ciach \u2013 zmieni\u0142 plany, \u017ce na jedn\u0105 baz\u0119 obiad przyjecha\u0142 sp\u00f3\u017aniony i zimny i nie ma znaczenia, \u017ce na pozosta\u0142ych by\u0142 ciep\u0142y i na czas. I ju\u017c mamy gotowy \u015brednio zadowolony patrol\u201d.<\/p>\n<blockquote><p>&#8230;trzeba zada\u0107 sobie pytanie \u2013 czy chodzi nam o to, \u017ceby koniecznie wygra\u0107, czy mo\u017ce zobaczy\u0107 nieco wi\u0119cej?<\/p><\/blockquote>\n<p style=\"text-align: justify;\">Wi\u0119kszo\u015b\u0107 patroli traktuje rywalizacj\u0119 na tyle powa\u017cnie, \u017ce nie mo\u017ce podnie\u015b\u0107 g\u0142owy znad mapy czy te\u017c grypsu, a szkoda, bo naprawd\u0119 trac\u0105 okazj\u0119 zobaczenia, jakie pi\u0119kne rzeczy ich otaczaj\u0105. W ka\u017cdym razie, taki jest urok tego rajdu i nieco trudno wypracowa\u0107 inne, lepsze rozwi\u0105zanie. Tutaj raczej trzeba zada\u0107 sobie pytanie \u2013 czy chodzi nam o to, \u017ceby koniecznie wygra\u0107, czy mo\u017ce zobaczy\u0107 nieco wi\u0119cej?<\/p>\n<p style=\"text-align: justify;\">Rzecz\u0105, kt\u00f3r\u0105 bardzo chcia\u0142em zobaczy\u0107, by\u0142y zadania przedrajdowe innych dru\u017cyn. Na Watrze ogl\u0105danie ich to zdecydowanie m\u00f3j ulubiony wiecz\u00f3r. Z jednej strony powoduje to czysta ciekawo\u015bci, a z drugiej, ch\u0119\u0107 zobaczenia, jak dzia\u0142aj\u0105 inni, by\u0107 mo\u017ce znalezienia cho\u0107 odrobiny inspiracji. Zabrak\u0142o mi tego w Warszawie. Bazy by\u0142y traktowane bardziej jak noclegowania ni\u017c miejsce, w kt\u00f3rym si\u0119 co\u015b dzieje. A gdy spotyka si\u0119 tylu ludzi naraz, to co\u015b dzia\u0107 si\u0119 powinno!<\/p>\n<h3 style=\"text-align: justify;\"><b>Klasa<\/b><\/h3>\n<p style=\"text-align: justify;\">Pewne niezadowolenie z sobotniej gry ca\u0142kowicie zrekompensowa\u0142a mi arcyciekawa konferencja instruktorska, kt\u00f3ra mia\u0142a miejsce w Domu Spotka\u0144 z Histori\u0105. Bez wahania mog\u0119 stwierdzi\u0107, \u017ce by\u0142 to najwa\u017cniejszy punkt ca\u0142ego rajdu. Ju\u017c wcze\u015bniej wspomina\u0142em, \u017ce podczas pobytu w Warszawie mo\u017cna spotka\u0107 ciekawych ludzi nawet tego nie oczekuj\u0105c, ale najwidoczniej w tym aspekcie komenda \u201eArsena\u0142u\u201d spe\u0142nia oczekiwania, kt\u00f3re szaremu uczestnikowi nie przechodz\u0105 przez my\u015bl w naj\u015bmielszych momentach.<\/p>\n<p style=\"text-align: justify;\">Spotkanie ze znakomitymi go\u015b\u0107mi zosta\u0142o zdominowane przez dyskusj\u0119 o ostatnim filmie Roberta Gli\u0144skiego, kt\u00f3ry wywo\u0142uje, szczeg\u00f3lnie w\u015br\u00f3d harcerzy, tyle rozmaitych emocji, \u017ce mo\u017cna napisa\u0107 o tym spokojnie osobny artyku\u0142.<\/p>\n<p style=\"text-align: justify;\">W\u0142a\u015bnie z tego wieczoru wynios\u0142em najwi\u0119cej; przede wszystkim dotar\u0142o do mnie, jak wa\u017cna jest umiej\u0119tno\u015b\u0107 prowadzenia dyskusji i panowanie nad emocjami podczas wypowiadania si\u0119. W ka\u017cdym razie mi\u0142o jest popatrze\u0107 na ludzi z klas\u0105, bo r\u00f3wnie\u017c takich mo\u017cna by\u0142o tam ogl\u0105da\u0107.<\/p>\n<h3 style=\"text-align: justify;\"><b>Zmiana klimatu<\/b><\/h3>\n<p style=\"text-align: justify;\">Niestety, za wszystko trzeba zap\u0142aci\u0107 odpowiedni\u0105 cen\u0119. Rajd jest na\u0142adowany od g\u00f3ry do do\u0142u programem, odwiedzaniem ciekawych, symbolicznych miejsc, z roku na rok jest mniej zaj\u0119\u0107, kt\u00f3re pozwoli\u0142yby nie tylko na wymian\u0119 my\u015bli, ale po prostu na poznanie kogo\u015b ciekawego. Pierwsze wspomnienie z bazy noclegowej, kt\u00f3re przychodzi mi do g\u0142owy, to wyczuwalna atmosfera rywalizacji, kiedy to ka\u017cdy siedz\u0105c w swojej ma\u0142ej grupce opracowywa\u0142 strategi\u0119. To jest rajd czy spotkanie pi\u0142karzy w szatni przed meczem?<\/p>\n<h3 style=\"text-align: justify;\"><b>Leniwa niedziela<\/b><\/h3>\n<blockquote><p>&#8230;jest to organizacyjny fenomen na skal\u0119 ca\u0142ej organizacji<\/p><\/blockquote>\n<p style=\"text-align: justify;\">Arsena\u0142owa niedziela to dzie\u0144 chodzenia i stania, stania i s\u0142uchania, s\u0142uchania o rzeczach wa\u017cnych, wa\u017cnych i takich, kt\u00f3re w pewnym momencie zaczynaj\u0105 nas bawi\u0107. Opr\u00f3cz uczestniczenia w defiladzie i rzeczywi\u015bcie \u015bwietnie zorganizowanych obchodach rocznicy arsena\u0142owej akcji, mamy mo\u017cliwo\u015b\u0107 ogl\u0105dania niemal p\u00f3\u0142toragodzinnego apelu ko\u0144cz\u0105cego, na kt\u00f3rym 10 minut jest po\u015bwi\u0119cone wynikom, a co do reszty, to w imieniu stoj\u0105cych szereg\u00f3w powiem kr\u00f3tko \u2013 jest troch\u0119 przyd\u0142ugawo.<\/p>\n<p style=\"text-align: justify;\">Cieszy jednak fakt, \u017ce problem nie jest niezauwa\u017calny dla organizator\u00f3w. Komendantka rajdu komentuje d\u0142ugo\u015b\u0107 apelu ko\u0144cz\u0105cego tymi s\u0142owami:<\/p>\n<p style=\"text-align: justify;\">\u201eOwszem, d\u0142u\u017cy si\u0119 \u2013 i my, organizatorzy, mamy tego \u015bwiadomo\u015b\u0107 \u2013 co roku debatujemy na ten temat. Ale trzeba wzi\u0105\u0107 pod uwag\u0119, \u017ce apel pod arsena\u0142em i sam arsena\u0142 jest nie tylko imprez\u0105 dla patroli, ale te\u017c jest najwa\u017cniejsz\u0105 imprez\u0105 programow\u0105 naszego Hufca. Dla naszych instruktor\u00f3w ogromnym wyr\u00f3\u017cnieniem jest otrzymanie podk\u0142adki czy innego wyr\u00f3\u017cnienia w\u0142a\u015bnie pod Arsena\u0142em\u201d.<\/p>\n<p style=\"text-align: justify;\">S\u0142ysza\u0142em wiele opinii o \u201eArsenale\u201d, kilka z nich mog\u0119 z czystym sumieniem potwierdzi\u0107. Po pierwsze, jest to organizacyjny fenomen na skal\u0119 ca\u0142ej organizacji. Po drugie, jak \u017cadna inna impreza rozszerza horyzonty. Jej skala i r\u00f3\u017cnorodno\u015b\u0107 uczestnik\u00f3w \u2013 bior\u0105 w nim udzia\u0142 harcerze z ca\u0142ej Polski, a tak\u017ce dru\u017cyny z ZHR \u2013 mog\u0105 przynosi\u0107 tylko i wy\u0142\u0105cznie korzy\u015bci. Jest to idealne miejsce dla harcerzy, kt\u00f3rzy chc\u0105 si\u0119 czego\u015b nauczy\u0107. A je\u015bli do tego chcecie sp\u0119dzi\u0107 rajd w \u015bwietnej atmosferze, to lepiej zabierzcie dobr\u0105 ekip\u0119. No i zacznijcie ju\u017c oszcz\u0119dza\u0107, bo jak wiadomo \u2013 podr\u00f3\u017ce kszta\u0142c\u0105. Niestety, dobre wykszta\u0142cenie czasem mo\u017ce troch\u0119 kosztowa\u0107\u2026<\/p>\n","protected":false},"excerpt":{"rendered":"<p>Nie wiedzia\u0142em, czego spodziewa\u0107 si\u0119 na kolejnym \u201eArsenale\u201d. P\u00f3\u017aniej d\u0142ugo nie mog\u0142em okre\u015bli\u0107 swoich odczu\u0107. Jednak jest w Rajdzie co\u015b, co przyci\u0105ga do stolicy ponad 1000 harcerzy z ca\u0142ej Polski.<\/p>\n","protected":false},"author":152,"featured_media":0,"comment_status":"open","ping_status":"open","sticky":false,"template":"","format":"standard","meta":{"_acf_changed":false,"_exactmetrics_skip_tracking":false,"_exactmetrics_sitenote_active":false,"_exactmetrics_sitenote_note":"","_exactmetrics_sitenote_category":0,"footnotes":""},"categories":[200],"tags":[],"class_list":["post-11921","post","type-post","status-publish","format-standard","hentry","category-nts"],"acf":{"attached_posts":null},"_links":{"self":[{"href":"https:\/\/natropie.zhp.pl\/index.php\/wp-json\/wp\/v2\/posts\/11921","targetHints":{"allow":["GET"]}}],"collection":[{"href":"https:\/\/natropie.zhp.pl\/index.php\/wp-json\/wp\/v2\/posts"}],"about":[{"href":"https:\/\/natropie.zhp.pl\/index.php\/wp-json\/wp\/v2\/types\/post"}],"author":[{"embeddable":true,"href":"https:\/\/natropie.zhp.pl\/index.php\/wp-json\/wp\/v2\/users\/152"}],"replies":[{"embeddable":true,"href":"https:\/\/natropie.zhp.pl\/index.php\/wp-json\/wp\/v2\/comments?post=11921"}],"version-history":[{"count":1,"href":"https:\/\/natropie.zhp.pl\/index.php\/wp-json\/wp\/v2\/posts\/11921\/revisions"}],"predecessor-version":[{"id":11922,"href":"https:\/\/natropie.zhp.pl\/index.php\/wp-json\/wp\/v2\/posts\/11921\/revisions\/11922"}],"wp:attachment":[{"href":"https:\/\/natropie.zhp.pl\/index.php\/wp-json\/wp\/v2\/media?parent=11921"}],"wp:term":[{"taxonomy":"category","embeddable":true,"href":"https:\/\/natropie.zhp.pl\/index.php\/wp-json\/wp\/v2\/categories?post=11921"},{"taxonomy":"post_tag","embeddable":true,"href":"https:\/\/natropie.zhp.pl\/index.php\/wp-json\/wp\/v2\/tags?post=11921"}],"curies":[{"name":"wp","href":"https:\/\/api.w.org\/{rel}","templated":true}]}}