{"id":12016,"date":"2014-05-09T19:00:42","date_gmt":"2014-05-09T17:00:42","guid":{"rendered":"http:\/\/natropie.zhp.pl\/?p=12016"},"modified":"2015-02-13T18:10:03","modified_gmt":"2015-02-13T16:10:03","slug":"dramat-w-trzech-aktach","status":"publish","type":"post","link":"https:\/\/natropie.zhp.pl\/index.php\/dramat-w-trzech-aktach\/","title":{"rendered":"\u201eDramat\u201d w trzech aktach"},"content":{"rendered":"<p><b>Jest taka sfera \u017cycia wi\u0119kszo\u015bci z nas, bez kt\u00f3rej trudno sobie wyobrazi\u0107 normalne funkcjonowanie. Mo\u017cna powiedzie\u0107, \u017ce jest ona znakiem naszych czas\u00f3w, bez kt\u00f3rej czujemy si\u0119, niczym bez r\u0119ki.<\/b><\/p>\n<blockquote><p>Ludzie nie mog\u0105 uwierzy\u0107, \u017ce aktywna osoba, studiuj\u0105ca, pracuj\u0105ca i dzia\u0142aj\u0105ca czynnie w r\u00f3\u017cnych organizacjach, nie korzysta z Facebooka.<\/p><\/blockquote>\n<p style=\"text-align: justify;\">Nie mam konta na Facebooku. I \u017cyj\u0119. Szokuj\u0105ce? Temat portalu jest szczeg\u00f3lnie pal\u0105cy, gdy na zapewnienie nowo poznanych os\u00f3b \u201eDodam Ci\u0119 na fejsie i si\u0119 dogadamy\u201d, odpowiadam \u201eNie mam fejsa\u201d. Ludzie nie mog\u0105 uwierzy\u0107, \u017ce aktywna osoba, studiuj\u0105ca, pracuj\u0105ca i dzia\u0142aj\u0105ca czynnie w r\u00f3\u017cnych organizacjach, nie korzysta z najpopularniejszego portalu spo\u0142eczno\u015bciowego. Oczywi\u015bcie wiem, czego powinnam \u017ca\u0142owa\u0107 \u2013 konto na FB posiada\u0142am przez prawie p\u00f3\u0142tora roku. A jak i dlaczego dosz\u0142o do jego usuni\u0119cia? O tym dowiecie si\u0119 z poni\u017cszego \u201edramatu\u201d.<\/p>\n<h3><b>Akt I<\/b><\/h3>\n<blockquote><p>\u2026t\u0142umaczy\u0142am sobie, \u017ce \u201eprzecie\u017c ja za\u0142atwiam r\u00f3\u017cne WA\u017bNE rzeczy!\u201d.<\/p><\/blockquote>\n<p style=\"text-align: justify;\">Kiedy\u015b mia\u0142am grono.net i nk.pl, ale zrezygnowa\u0142am z korzystania z tych portali. Posz\u0142am na studia, dosta\u0142am laptopa i&#8230; polecenie od przewodnicz\u0105cej ko\u0142a naukowego, by za\u0142o\u017cy\u0107 sobie konto na FB, bo \u201etam b\u0119dziemy ustalali r\u00f3\u017cne rzeczy\u201d. O fejsie s\u0142ysza\u0142am ju\u017c wcze\u015bniej, jednak nie poci\u0105ga\u0142 mnie. Gdy za\u0142o\u017cy\u0142am profil, sytuacja si\u0119 nie zmieni\u0142a \u2013 nie umia\u0142am obs\u0142ugiwa\u0107 tego typu strony. Jednak, kiedy ju\u017c si\u0119 nauczy\u0142am, wci\u0105gn\u0119\u0142am si\u0119. Mo\u017ce troch\u0119 za bardzo, ale t\u0142umaczy\u0142am sobie, \u017ce \u201eprzecie\u017c ja za\u0142atwiam r\u00f3\u017cne WA\u017bNE rzeczy!\u201d. Wa\u017cne rzeczy zajmowa\u0142y mi zbyt du\u017co czasu, co szczeg\u00f3lnie poczu\u0142am, gdy studiowa\u0142am dwa kierunki. Facebook i nauka na zmian\u0119 \u2013 to by\u0142 standard.<\/p>\n<h3><b>Akt II<\/b><\/h3>\n<blockquote><p>Na FB mo\u017cna szar\u017cowa\u0107, b\u0142yszcze\u0107, by\u0107 kim\u015b, zagada\u0107.<\/p><\/blockquote>\n<p style=\"text-align: justify;\">Poczu\u0142am, \u017ce je\u015bli dalej tak p\u00f3jdzie, to strac\u0119 kontrol\u0119. Widzia\u0142am po moich znajomych, \u017ce tak si\u0119 dzieje. Mieszka\u0142am z kim\u015b po s\u0105siedzku, lecz za\u0142atwiali\u015bmy sprawy na czacie. Niekt\u00f3rzy znajomi komentowali moje opisy, lecz nie witali si\u0119 ze mn\u0105. Na FB mo\u017cna by\u0142o szar\u017cowa\u0107, b\u0142yszcze\u0107, by\u0107 kim\u015b, zagada\u0107. Postanowi\u0142am z tym sko\u0144czy\u0107. Poinformowa\u0142am swoich przyjaci\u00f3\u0142 o decyzji, co w wielu przypadkach spotka\u0142a\u0142o si\u0119 z poczuciem niedowierzania. Um\u00f3wi\u0142am si\u0119 z kilkoma osobami, by informowa\u0142y mnie, co si\u0119 dzieje na forach wa\u017cnych grup (studi\u00f3w, kr\u0119gu, ko\u0142a, duszpasterstwa, wolontariatu, redakcji). Dowiedzia\u0142am si\u0119, jak usun\u0105\u0107 konto, co nie ma nic wsp\u00f3lnego z jego zawieszeniem, odwr\u00f3ci\u0142am si\u0119 na pi\u0119cie i odesz\u0142am.<\/p>\n<h3><b>Akt III<\/b><\/h3>\n<blockquote><p>Nie wiem o wielu sprawach lub dowiaduj\u0119 si\u0119 o nich zbyt p\u00f3\u017ano. Straci\u0142am kontakt z kilkoma znajomymi.<\/p><\/blockquote>\n<p style=\"text-align: justify;\">Moje odej\u015bcie z FB by\u0142o szokiem, gdy\u017c zauwa\u017cy\u0142am, jak powa\u017cnie ludzie traktuj\u0105 \u201ebycie\u201d na tym portalu. Wiele os\u00f3b n\u0119ka\u0142o mnie, bym ponownie za\u0142o\u017cy\u0142a cho\u0107by fikcyjne konto, bo tak trudno si\u0119 ze mn\u0105 skontaktowa\u0107 (maila odbieram regularnie, mam r\u00f3wnie\u017c telefon). Niekt\u00f3rzy znajomi pr\u00f3bowali wzbudzi\u0107 we mnie poczucie winy, m\u00f3wi\u0105c: \u201eGdyby\u015b by\u0142a na fejsie, to wiedzia\u0142aby\u015b\u201d. Mimo posiadania facebookowych informator\u00f3w, nadal nie wiem o wielu sprawach lub dowiaduj\u0119 si\u0119 o nich zbyt p\u00f3\u017ano. Straci\u0142am kontakt z kilkoma znajomymi. Omijaj\u0105 mnie konkursy i inne istotne informacje. Nie mog\u0119 doda\u0107 komentarzy lub zag\u0142osowa\u0107 w plebiscytach na niekt\u00f3rych stronach internetowych. Jestem do ty\u0142u z mod\u0105 na memy, \u017carty lub \u015bmieszne filmiki. Czuj\u0119 si\u0119 realnie wykluczona z jakiej\u015b spo\u0142eczno\u015bci, lecz wiem, \u017ce by\u0142o warto. Nie zatraci\u0142am si\u0119 i wiod\u0119 normalne \u017cycie, pozostaj\u0105c w kontakcie z wa\u017cnymi osobami.<\/p>\n<blockquote>\n<p style=\"text-align: justify;\">Kiedy\u015b skrz\u0119tnie chronili\u015bmy swoj\u0105 prywatno\u015b\u0107, dzi\u015b wystawiamy j\u0105 na pokaz i w\u0105tpliwy podziw.<\/p>\n<\/blockquote>\n<p style=\"text-align: justify;\">Mo\u017ce nie urzek\u0142a Was moja historia, jednak nie jest jej celem opowiadanie o przykrych prze\u017cyciach. Chocia\u017c \u201eNa Tropie\u201d daje mi tak\u0105 mo\u017cliwo\u015b\u0107. Jako osoba, kt\u00f3ra kiedy\u015b by\u0142a \u201ew systemie\u201d, a obecnie patrzy na niego z boku, chcia\u0142abym u\u015bwiadomi\u0107 Wam pewne wady i zalety fejsa. Nie nawo\u0142uj\u0119, by\u015bmy masowo rezygnowali z jego posiadania, bo pani Autor tak zrobi\u0142a, lecz spojrzeli na spraw\u0119 z dystansem. Wielu z nas przesiaduje d\u0142ugie godziny na Facebooku, podgl\u0105daj\u0105c innych i obna\u017caj\u0105c siebie. Okrutnie obna\u017caj\u0105c. Nie mog\u0119 pomie\u015bci\u0107 w g\u0142owie, sk\u0105d w nas takie otwarcie w internecie? Pokazujemy swoje imiona, nazwiska, najwa\u017cniejsze daty, poca\u0142unki, zar\u0119czynowe pier\u015bcionki, bia\u0142e suknie, nowo narodzone dzieci, zakrapiane imprezy, kompromituj\u0105ce zdj\u0119cia, wyidealizowany \u015bwiat, \u015bniadanie, obiad, kolacj\u0119, paznokcie, kolczyki, sweet focie&#8230; nie za du\u017co? Kiedy\u015b skrz\u0119tnie chronili\u015bmy swoj\u0105 prywatno\u015b\u0107, dzi\u015b wystawiamy j\u0105 na pokaz i w\u0105tpliwy podziw. Jakie dajemy \u015bwiadectwo naszym podopiecznym, m\u0142odszym harcerzom? Dla wielu z nich jeste\u015bmy wzorami do na\u015bladowania. A z tego, co swego czasu widzia\u0142am, nasza harcerska m\u0142odzie\u017c \u017cyje na Facebooku. Mo\u017ce tym m\u0142odym ludziom nie przeszkadza zdj\u0119cie w mundurze i bluzgi koleg\u00f3w w komentarzach pod nim lub \u201elubienie\u201d stron stoj\u0105cych w sprzeczno\u015bci z Prawem Harcerskim.<\/p>\n<blockquote><p>Czy opowiadamy o zagro\u017ceniach p\u0142yn\u0105cych z u\u017cywania internetu<\/p><\/blockquote>\n<p style=\"text-align: justify;\">Rodzice nie zawsze obserwuj\u0105 swoje pociechy w internecie, ale my, dru\u017cynowi, instruktorzy lub, chocia\u017cby, starsi sta\u017cem harcerze, mo\u017cemy zwr\u00f3ci\u0107 uwag\u0119 m\u0142odym u\u017cytkownikom portalu. Czy rozmawiamy o tym na zbi\u00f3rkach? Czy pokazujemy alternetywne sposoby sp\u0119dzania wolnego czasu? Czy opowiadamy o zagro\u017ceniach p\u0142yn\u0105cych z u\u017cywania internetu? Z drugiej strony wa\u017cny jest wizerunek naszej organizacji, kt\u00f3ry kreujemy na fejsie \u2013 o czym \u015bwiadcz\u0105 niekt\u00f3re zdj\u0119cia, ewidentnie \u015bmiesz\u0105ce nas, lecz osobom spoza organizacji daj\u0105ce informacj\u0119 o ob\u0142udzie i infantylno\u015bci ruchu harcerskiego? Niestety widzia\u0142am wiele takich fotografii.<\/p>\n<p style=\"text-align: justify;\">FB to r\u00f3wnie\u017c du\u017ca szansa dla ZHP i innych organizacji. Je\u015bli korzystamy z niego m\u0105drze, mo\u017cemy \u015bwietnie si\u0119 wypromowa\u0107 w pozytywnym tego s\u0142owa znaczeniu. Nie ka\u017cdy jest informatykiem i potrafi za\u0142o\u017cy\u0107 stron\u0119 dru\u017cyny, ale wielu z nas jest w stanie nauczy\u0107 si\u0119 obs\u0142ugiwania fanpage&#8217;a. Odpowiednio prowadzony mo\u017ce by\u0107 dobr\u0105 metod\u0105 na nab\u00f3r, szczeg\u00f3lnie w\u015br\u00f3d starszych pion\u00f3w wiekowych oraz na pokazanie naszej organizacji jako profesjonalnej i nowoczesnej. I tego nam \u017cycz\u0119: rozs\u0105dku i umiaru w korzystaniu.<\/p>\n<p style=\"text-align: justify;\">\n<p style=\"text-align: justify;\"><em><strong>Tekst zosta\u0142 napisany przez jednego z czytelnik\u00f3w, do istniej\u0105cego wcze\u015bniej dzia\u0142u &#8222;Na Pr\u00f3b\u0119&#8221;.<\/strong><\/em><\/p>\n","protected":false},"excerpt":{"rendered":"<p>Jest taka sfera \u017cycia wi\u0119kszo\u015bci z nas, bez kt\u00f3rej trudno sobie wyobrazi\u0107 normalne funkcjonowanie. Mo\u017cna powiedzie\u0107, \u017ce jest ona znakiem naszych czas\u00f3w, bez kt\u00f3rej czujemy si\u0119, niczym bez r\u0119ki.<\/p>\n","protected":false},"author":152,"featured_media":0,"comment_status":"open","ping_status":"open","sticky":false,"template":"","format":"standard","meta":{"_acf_changed":false,"_exactmetrics_skip_tracking":false,"_exactmetrics_sitenote_active":false,"_exactmetrics_sitenote_note":"","_exactmetrics_sitenote_category":0,"footnotes":""},"categories":[236],"tags":[],"class_list":["post-12016","post","type-post","status-publish","format-standard","hentry","category-archiwum-2"],"acf":{"attached_posts":null},"_links":{"self":[{"href":"https:\/\/natropie.zhp.pl\/index.php\/wp-json\/wp\/v2\/posts\/12016","targetHints":{"allow":["GET"]}}],"collection":[{"href":"https:\/\/natropie.zhp.pl\/index.php\/wp-json\/wp\/v2\/posts"}],"about":[{"href":"https:\/\/natropie.zhp.pl\/index.php\/wp-json\/wp\/v2\/types\/post"}],"author":[{"embeddable":true,"href":"https:\/\/natropie.zhp.pl\/index.php\/wp-json\/wp\/v2\/users\/152"}],"replies":[{"embeddable":true,"href":"https:\/\/natropie.zhp.pl\/index.php\/wp-json\/wp\/v2\/comments?post=12016"}],"version-history":[{"count":5,"href":"https:\/\/natropie.zhp.pl\/index.php\/wp-json\/wp\/v2\/posts\/12016\/revisions"}],"predecessor-version":[{"id":20826,"href":"https:\/\/natropie.zhp.pl\/index.php\/wp-json\/wp\/v2\/posts\/12016\/revisions\/20826"}],"wp:attachment":[{"href":"https:\/\/natropie.zhp.pl\/index.php\/wp-json\/wp\/v2\/media?parent=12016"}],"wp:term":[{"taxonomy":"category","embeddable":true,"href":"https:\/\/natropie.zhp.pl\/index.php\/wp-json\/wp\/v2\/categories?post=12016"},{"taxonomy":"post_tag","embeddable":true,"href":"https:\/\/natropie.zhp.pl\/index.php\/wp-json\/wp\/v2\/tags?post=12016"}],"curies":[{"name":"wp","href":"https:\/\/api.w.org\/{rel}","templated":true}]}}