{"id":17838,"date":"2006-01-26T23:54:41","date_gmt":"2006-01-26T21:54:41","guid":{"rendered":"http:\/\/natropie.zhp.pl\/index.php\/lekko-z-boku-krytycznym-okiem-2-3\/"},"modified":"2006-01-26T23:54:41","modified_gmt":"2006-01-26T21:54:41","slug":"lekko-z-boku-krytycznym-okiem-2-3","status":"publish","type":"post","link":"https:\/\/natropie.zhp.pl\/index.php\/lekko-z-boku-krytycznym-okiem-2-3\/","title":{"rendered":"Lekko z boku, krytycznym okiem"},"content":{"rendered":"<p><font face=\"tahoma,arial,helvetica,sans-serif\" size=\"2\"><strong><\/p>\n<div align=\"justify\">\n<div><font face=\"tahoma,arial,helvetica,sans-serif\" size=\"2\"><strong><img loading=\"lazy\" decoding=\"async\" title=\"knucie6.jpg\" style=\"width: 119px; height: 99px\" height=\"99\" alt=\"knucie6.jpg\" hspace=\"5\" src=\"images\/stories\/numery\/knucie6.jpg\" width=\"119\" align=\"left\" vspace=\"5\" border=\"0\" \/>Mamy ju\u017c za sob\u0105 kolejny Zjazd ZHP, z kt\u00f3rym tak wielu wi\u0105za\u0142o tak wiele nadziei. Jako zaproszony go\u015b\u0107 obserwowa\u0142em go z boku. Bardziej s\u0142uchanie tocz\u0105cej si\u0119 dyskusji ni\u017c czynny w niej udzia\u0142 pozwoli\u0142 mi spojrze\u0107 na to co si\u0119 dzia\u0142o z nieco szerszej i innej perspektywy. Niestety do\u015b\u0107 pesymistycznej. Cho\u0107 dokonali\u015bmy wa\u017cnych zmian w statucie, cho\u0107 przyj\u0119li\u015bmy now\u0105 Strategi\u0119, cho\u0107 zmieni\u0142y si\u0119 w\u0142adze, miniony zjazd nie b\u0119dzie mi si\u0119 kojarzy\u0142 z prze\u0142omem. Pozostanie mi w pami\u0119ci i kojarzy\u0107 si\u0119 b\u0119dzie z brakiem dyskusji o programie, \u017cyw\u0105 kampani\u0105 na funkcj\u0119 Naczelnika i nieko\u0144cz\u0105cymi si\u0119, niewiele wnosz\u0105cymi dyskusjami o statucie czy powrotem do pomys\u0142\u00f3w, kt\u00f3re dawno powinny pozosta\u0107 ju\u017c tylko wspomnieniem przesz\u0142o\u015bci. <\/strong><\/font><\/div>\n<p><\/div>\n<p><\/strong><\/font><br \/><!--more--><br \/><font face=\"tahoma,arial,helvetica,sans-serif\" size=\"2\"><\/p>\n<div align=\"justify\">\n<div><font face=\"tahoma,arial,helvetica,sans-serif\" size=\"2\"><strong><font size=\"3\">Wstydu oszcz\u0119d\u017a<\/font><\/strong><\/p>\n<p><\/font><\/div>\n<p><\/p>\n<div><font face=\"tahoma,arial,helvetica,sans-serif\" size=\"2\">Na Zje\u017adzie wiele dyskutowano nad zapisami statutowymi zwi\u0105zanymi z zasadami demokracji w organizacji. Powr\u00f3ci\u0142 temat ograniczenia kadencyjno\u015bci komendant\u00f3w a tak\u017ce mo\u017cliwo\u015bci zasiadania w Radzie Naczelnej os\u00f3b, kt\u00f3re s\u0105 zatrudnione w ZHP. Szokuj\u0105cy jest (naprawd\u0119 trudno u\u017cy\u0107 innego s\u0142owa) ca\u0142kowity brak zrozumienia tych zagadnie\u0144 w\u015br\u00f3d wielu instruktorek i instruktor\u00f3w ZHP. Argumenty wysuwane oficjalnie w imi\u0119 obrony prawa wyborczego a tak naprawd\u0119 w imi\u0119 obrony prywatnych interes\u00f3w i powiedzmy szczerze miejsc pracy, mija\u0142y si\u0119 z prawd\u0105. Rozpo\u015bcierano wizj\u0119 jakoby ograniczenia te by\u0142y zamachem na demokracj\u0119. Nie prawda!<\/p>\n<p><\/font><\/div>\n<p><\/p>\n<div><font face=\"tahoma,arial,helvetica,sans-serif\" size=\"2\">Oba wspomniane mechanizmy, jak jeszcze kilka innych (kt\u00f3re mo\u017cemy nazwa\u0107 dobrymi praktykami zarz\u0105dzania organizacj\u0105 pozarz\u0105dow\u0105) s\u0142u\u017c\u0105 temu w\u0142a\u015bnie by demokracj\u0119 obroni\u0107 przed zakusami tych, kt\u00f3rzy chc\u0105 jej mechanizmy wykorzysta\u0107 nie zawsze w s\u0142usznym celu. <br \/><\/font><\/div>\n<p><\/p>\n<div><font face=\"tahoma,arial,helvetica,sans-serif\" size=\"2\">Na szcz\u0119\u015bcie m\u0105dro\u015b\u0107 delegatek i delegat\u00f3w zwyci\u0119\u017cy\u0142a.<br \/>&nbsp;<\/font><\/div>\n<p><\/p>\n<div><font face=\"tahoma,arial,helvetica,sans-serif\" size=\"2\">Najbardziej \u017cenuj\u0105ce by\u0142y pomys\u0142y i pr\u00f3by zmiany zasad liczenia kadencji czy dopytywanie czy osoba zatrudniona na umow\u0119 o dzie\u0142o lub zlecenie tak\u017ce b\u0119dzie podlega\u0107 zapisom Statutu. Pojawia\u0142o si\u0119 w\u00f3wczas smutna i niewypowiedziana refleksja &ndash; czy Druhny i Druhowie pytaj\u0105cy i wnioskuj\u0105cy nie zrozumieli i nie zaakceptowali ducha zmian. Jak bardziej dobitnie mo\u017cna powiedzie\u0107, \u017ce pewnym osobom ju\u017c dzi\u0119kujemy? I jak daleko i z jak\u0105 bezczelno\u015bci\u0105 mo\u017cna broni\u0107 swojej prywatnej posady szafuj\u0105c szczytnymi idea\u0142ami a w tyle pozostawiaj\u0105c zasady uczciwo\u015bci?<\/p>\n<p><\/font><\/div>\n<p><\/p>\n<div><font face=\"tahoma,arial,helvetica,sans-serif\" size=\"2\"><strong><font size=\"3\">Pluralizm pogl\u0105d\u00f3w, wielo\u015b\u0107 kandydat\u00f3w<br \/><\/font><\/strong><br \/><\/font><\/div>\n<p><\/p>\n<div><font face=\"tahoma,arial,helvetica,sans-serif\" size=\"2\">Pi\u0119kn\u0105 staje si\u0119 tradycj\u0105, \u017ce ju\u017c przed Zjazdem ujawniaj\u0105 si\u0119 kandydatki i kandydaci na stanowisko Naczelnika ZHP. Wyprzedzenie, z jakim nast\u0105pi\u0142o to tym razem, prawdziwie przygotowane kampanie informacyjne i wyborcze, akty demokracji w postaci debat, sond, prawybor\u00f3w mia\u0142y bardzo wa\u017cn\u0105 rol\u0119. Wyb\u00f3r Naczelnika przesta\u0142 by\u0107 tematem dla kilkuset delegat\u00f3w a sta\u0142 si\u0119 prawdziw\u0105, og\u00f3lnozwi\u0105zkow\u0105 dyskusj\u0105 nad stylem dzia\u0142ania organizacji na kolejne lata.<br \/>&nbsp;<br \/>Przyj\u0119ta Strategia Rozwoju ZHP do\u015b\u0107 precyzyjnie wyznaczy\u0142a cele, priorytety i zadania na kolejne lata. Zadaniem Naczelnika i GK ZHP jak i innych w\u0142adz b\u0119dzie przede wszystkim wdra\u017canie tych zapis\u00f3w i to czym poszczeg\u00f3lni kandydaci r\u00f3\u017cni\u0107 si\u0119 mogli to w\u0142a\u015bnie styl. <br \/><\/font><\/div>\n<p><\/p>\n<div><font face=\"tahoma,arial,helvetica,sans-serif\" size=\"2\"><br \/>Pogratulowa\u0107 nale\u017cy zar\u00f3wno wszystkim kandydatom jak i ca\u0142ej organizacji dojrza\u0142o\u015bci z jak\u0105 wybory si\u0119 odby\u0142y. I naprawd\u0119 nie ma znaczenia, kto kogo popiera\u0142. Wa\u017cne jest, \u017ce ten akt demokracji by\u0142 dla nas wszystkich prawdziw\u0105 szko\u0142\u0105 postaw obywatelskich. Jestem pewien, \u017ce powsta\u0142a energia, pomys\u0142y, wyzwolona kreatywno\u015b\u0107 zaprocentuj\u0105 na przysz\u0142o\u015b\u0107. <\/font><\/div>\n<p><\/p>\n<div><font face=\"tahoma,arial,helvetica,sans-serif\" size=\"2\"><\/p>\n<div><font face=\"tahoma,arial,helvetica,sans-serif\" size=\"2\"><strong><font size=\"3\">D\u0142uga dyskusja nie znaczy dobra<\/font><\/strong> <\/p>\n<p><\/font><\/div>\n<p><\/p>\n<div><font face=\"tahoma,arial,helvetica,sans-serif\" size=\"2\">Smutniejsze jest jednak, \u017ce dyskusja zjazdowa nie wysz\u0142a w\u0142a\u015bciwie poza zagadnienia statutowe. I z tym wi\u0105\u017c\u0105 si\u0119 dwie refleksje. <\/p>\n<p><\/font><\/div>\n<p><\/p>\n<div><font face=\"tahoma,arial,helvetica,sans-serif\" size=\"2\">Po pierwsze, trzeba powiedzie\u0107 szczerze, \u017ce zmiany zwi\u0105zane z wprowadzeniem osobowo\u015bci prawnej dla jednostek terenowych, b\u0119d\u0105 mia\u0142y wielkie znaczenie dla organizacji. Nie wiem, czy pozytywne, czy negatywne. Czas oceni. Ale na pewno b\u0119dzie to du\u017ca zmiana. Oczywistym jest, \u017ce dyskusja nad tym tematem zaj\u0119\u0142a wiele czasu. Ale obok tego rozmawiano o sprawach, kt\u00f3re w og\u00f3le w statucie znale\u017a\u0107 si\u0119 nie powinny. Statut ZHP zawiera du\u017c\u0105 cz\u0119\u015b\u0107 regulacji, kt\u00f3re nie powinny by\u0107 w tym dokumencie. Statut powinien by\u0107 konstytucj\u0105 organizacji, reguluj\u0105c\u0105 jej cele, zasady, wyznawane warto\u015bci, podstawowe regulacje dotycz\u0105ce w\u0142adz organizacji. Wszystkie szczeg\u00f3\u0142y powinny zosta\u0107 umieszczone w dokumentach ni\u017cszej rangi, przyjmowanych przez Rad\u0119 Naczeln\u0105, w wi\u0119kszym spokoju, w wi\u0119kszym komforcie czasowym. Nasza zjazdowa dyskusja nad statutem niestety nie zwi\u0105zana by\u0142a ze sprawami wa\u017cnymi a grz\u0119z\u0142a w niuansach. Statut &#8211; konstytucja ZHP &ndash; powinna by\u0107 sta\u0142a w d\u0142u\u017cszej perspektywie. A ja niestety ju\u017c czuj\u0119, ze za rok pojawi\u0105 si\u0119 pierwsze g\u0142osy o potrzebie zmian tego dokumentu.<br \/>&nbsp;<br \/><\/font><\/div>\n<p><\/p>\n<div><font face=\"tahoma,arial,helvetica,sans-serif\" size=\"2\">Styl i d\u0142ugo\u015b\u0107 prac nad statutem ca\u0142kowicie zabi\u0142y dyskusj\u0119 programow\u0105. \u015awietnym pomys\u0142em jest zwo\u0142anie nadzwyczajnego Zjazdu ZHP na temat programu&hellip; ale program w ZHP nie jest niczym nadzwyczajnym. Rozmowa o nim powinna by\u0107 codzienno\u015bci\u0105. Brak by\u0142o tak\u017ce jakiejkolwiek dyskusji nad strategi\u0105 ZHP. Ten dokument oceniam jako bardzo dobry. Ale nie doskona\u0142y. Jest w nim jeszcze wiele zapis\u00f3w, o kt\u00f3rych nale\u017cy rozmawia\u0107. I tak zawsze b\u0119dzie, bo jest on pewnym kompromisem wielu zda\u0144 opinii. Ale te r\u00f3\u017cnice zda\u0144 trzeba wypowiada\u0107, trzeba o nich rozmawia\u0107. Nie mo\u017cemy i\u015b\u0107 w przysz\u0142o\u015b\u0107 je\u017celi nie umiemy o niej w \u017caden spos\u00f3b rozmawia\u0107. Mo\u017ce zamiast jednej z kilkuset poprawek do statutu warto by\u0142o wnie\u015b\u0107 cho\u0107 jedn\u0105 poprawk\u0119 do tego dokumentu? Tak by chocia\u017c o nim rozmawia\u0107&hellip;<\/font><\/div>\n<p><\/p>\n<div><font face=\"tahoma,arial,helvetica,sans-serif\" size=\"2\"><\/p>\n<div><font face=\"tahoma,arial,helvetica,sans-serif\" size=\"2\"><br \/><em>Hm. Pawe\u0142 Smardz<\/em><\/font><\/div>\n<p><\/font><\/div>\n<p><\/font><\/div>\n<\/div>\n<p><\/font><\/p>\n","protected":false},"excerpt":{"rendered":"<p>Mamy ju\u017c za sob\u0105 kolejny Zjazd ZHP, z kt\u00f3rym tak wielu wi\u0105za\u0142o tak wiele nadziei. Jako zaproszony go\u015b\u0107 obserwowa\u0142em go z boku. Bardziej s\u0142uchanie tocz\u0105cej si\u0119 dyskusji ni\u017c czynny w niej udzia\u0142 pozwoli\u0142 mi spojrze\u0107 na to co si\u0119 dzia\u0142o z nieco szerszej i innej perspektywy. Niestety do\u015b\u0107 pesymistycznej. Cho\u0107 dokonali\u015bmy wa\u017cnych zmian w statucie, [&#8230;]<\/p>\n","protected":false},"author":152,"featured_media":0,"comment_status":"open","ping_status":"open","sticky":false,"template":"","format":"standard","meta":{"_acf_changed":false,"_exactmetrics_skip_tracking":false,"_exactmetrics_sitenote_active":false,"_exactmetrics_sitenote_note":"","_exactmetrics_sitenote_category":0,"footnotes":""},"categories":[236],"tags":[],"class_list":["post-17838","post","type-post","status-publish","format-standard","hentry","category-archiwum-2"],"acf":{"attached_posts":null},"_links":{"self":[{"href":"https:\/\/natropie.zhp.pl\/index.php\/wp-json\/wp\/v2\/posts\/17838","targetHints":{"allow":["GET"]}}],"collection":[{"href":"https:\/\/natropie.zhp.pl\/index.php\/wp-json\/wp\/v2\/posts"}],"about":[{"href":"https:\/\/natropie.zhp.pl\/index.php\/wp-json\/wp\/v2\/types\/post"}],"author":[{"embeddable":true,"href":"https:\/\/natropie.zhp.pl\/index.php\/wp-json\/wp\/v2\/users\/152"}],"replies":[{"embeddable":true,"href":"https:\/\/natropie.zhp.pl\/index.php\/wp-json\/wp\/v2\/comments?post=17838"}],"version-history":[{"count":0,"href":"https:\/\/natropie.zhp.pl\/index.php\/wp-json\/wp\/v2\/posts\/17838\/revisions"}],"wp:attachment":[{"href":"https:\/\/natropie.zhp.pl\/index.php\/wp-json\/wp\/v2\/media?parent=17838"}],"wp:term":[{"taxonomy":"category","embeddable":true,"href":"https:\/\/natropie.zhp.pl\/index.php\/wp-json\/wp\/v2\/categories?post=17838"},{"taxonomy":"post_tag","embeddable":true,"href":"https:\/\/natropie.zhp.pl\/index.php\/wp-json\/wp\/v2\/tags?post=17838"}],"curies":[{"name":"wp","href":"https:\/\/api.w.org\/{rel}","templated":true}]}}