{"id":17887,"date":"2006-08-30T21:32:59","date_gmt":"2006-08-30T19:32:59","guid":{"rendered":"http:\/\/Ostatnirokdlanaszejredakcjinieby"},"modified":"2006-08-30T21:32:59","modified_gmt":"2006-08-30T19:32:59","slug":"na-tropie-reaktywacja-3","status":"publish","type":"post","link":"https:\/\/natropie.zhp.pl\/index.php\/na-tropie-reaktywacja-3\/","title":{"rendered":"Na Tropie &#8211; Reaktywacja"},"content":{"rendered":"<p><font size=\"2\"><font face=\"verdana,geneva\"><strong><img loading=\"lazy\" decoding=\"async\" style=\"width: 70px; height: 53px\" height=\"53\" hspace=\"5\" src=\"images\/stories\/natropie.JPG\" width=\"70\" align=\"left\" vspace=\"5\" border=\"1\" name=\"view_imagelist\" \/>Ostatni rok dla naszej redakcji nie by\u0142 najlepszy. Jednak pragniemy wszystkich zapewni\u0107, \u017ce informacje o naszej \u015bmierci s\u0105 przesadzone. <\/strong><strong><br \/><\/strong><\/font><\/font><br \/><!--more--><\/p>\n<p><font size=\"2\"><font face=\"verdana,geneva\"><strong \/><strong><br \/><\/strong><\/font><\/font><strong><\/p>\n<div><font face=\"verdana,geneva\" size=\"2\" \/><\/div>\n<p><\/strong><br \/><font size=\"2\"><font face=\"verdana,geneva\">Od wrze\u015bnia Na Tropie rusza pe\u0142n\u0105 par\u0105 z nowymi dzia\u0142ami takimi jak &bdquo;Tropy przed nami&rdquo; &ndash; zawieraj\u0105ce zapowiedzi wydarze\u0144 w\u0119drowniczych (zar\u00f3wno, rajd\u00f3w jak i innych przedsi\u0119wzi\u0119\u0107) na kt\u00f3re warto pojecha\u0107 z dru\u017cyn\u0105 lub patrolem. <br \/><\/font><\/font><\/p>\n<div><font face=\"verdana,geneva\" size=\"2\" \/><\/div>\n<p><font size=\"2\"><font face=\"verdana,geneva\">Pojawi si\u0119 r\u00f3wnie\u017c rubryka &bdquo;By\u0142em, widzia\u0142em&rdquo;, w kt\u00f3rej b\u0119dziecie mogli przeczyta\u0107 relacje z wypraw i imprez o niekoniecznie harcerskim profilu, kt\u00f3re jednak mog\u0142yby zainteresowa\u0107 w\u0119drownik\u00f3w ze wzgl\u0119du na sw\u0105 specyfik\u0119 (relacje z rajd\u00f3w ekstremalnych, w kt\u00f3rych brali udzia\u0142 harcerze, czy wypraw w r\u00f3\u017cne ciekawe miejsca na ziemi, kt\u00f3rych cz\u0142onkami byli w\u0119drownicy, b\u0105d\u017a te\u017c po prostu znani podr\u00f3\u017cnicy)<br \/><\/font><\/font><\/p>\n<div><font face=\"verdana,geneva\" size=\"2\" \/><\/div>\n<p><font size=\"2\"><font face=\"verdana,geneva\">Pojawi si\u0119 r\u00f3wnie\u017c rubryka sprz\u0119towa w kt\u00f3rej b\u0119dziemy publikowa\u0107 testy sprz\u0119tu, kt\u00f3re pozwol\u0105 w\u0119drownikom na wyb\u00f3r najlepszego dla siebie zar\u00f3wno pod wzgl\u0119dem jako\u015bciowym jak i cenowym sprz\u0119tu.<br \/><\/font><\/font><\/p>\n<div><font face=\"verdana,geneva\" size=\"2\" \/><\/div>\n<p><font size=\"2\"><font face=\"verdana,geneva\">Co prawda ciekawo\u015b\u0107 to pierwszy stopie\u0144 do piek\u0142a, jednak uwa\u017camy, \u017ce warto wiedzie\u0107 co w\u0119drowniczego dzieje si\u0119 w innych chor\u0105gwiach; jakie szkolenia czy zmiany kadrowe maj\u0105 miejsce w innych referatach, jak r\u00f3wnie\u017c&nbsp; czym mog\u0105 si\u0119 one pochwali\u0107 przed innymi (bo przecie\u017c wszyscy mamy jakie\u015b sukcesy, kt\u00f3rych chcieliby\u015bmy obwie\u015bci\u0107 ca\u0142emu \u015bwiatu). Dlatego te\u017c od wrze\u015bniowego numeru pojawi si\u0119 dzia\u0142 &bdquo;Wie\u015bci z terenu&rdquo;, kt\u00f3re pozwol\u0105 Wam t\u0105 ciekawo\u015b\u0107 zaspokoi\u0107. <br \/><\/font><\/font><\/p>\n<div><font face=\"verdana,geneva\" size=\"2\" \/><\/div>\n<p><font size=\"2\"><font face=\"verdana,geneva\">Redakcja Na Tropie to przede wszystkim tworz\u0105cy j\u0105 ludzie. Nie s\u0105 to mityczni redaktorzy z G\u0142\u00f3wnej Kwatery, siedz\u0105cy na etatach i wyrabiaj\u0105ce dziennikarskie normy ale instruktorzy i w\u0119drownicy ze \u015brodowisk w\u0119drowniczych z ca\u0142ej Polski. Naszym celem jest by Na Tropie jak najlepiej odzwierciedla\u0142o na swoich \u0142amach to co dzieje si\u0119 w w\u0119drowniczym \u015bwiecie na terenie ca\u0142ej Polski. Dlatego zapraszamy do pracy w redakcji wszystkich ch\u0119tnych, kt\u00f3rzy chcieliby spr\u00f3bowa\u0107 swoich si\u0142 jako harcerscy dziennikarze.<br \/><\/font><\/font><\/p>\n","protected":false},"excerpt":{"rendered":"<p>Ostatni rok dla naszej redakcji nie by\u0142 najlepszy. Jednak pragniemy wszystkich zapewni\u0107, \u017ce informacje o naszej \u015bmierci s\u0105 przesadzone.<\/p>\n","protected":false},"author":152,"featured_media":0,"comment_status":"open","ping_status":"open","sticky":false,"template":"","format":"standard","meta":{"_acf_changed":false,"_exactmetrics_skip_tracking":false,"_exactmetrics_sitenote_active":false,"_exactmetrics_sitenote_note":"","_exactmetrics_sitenote_category":0,"footnotes":""},"categories":[236],"tags":[],"class_list":["post-17887","post","type-post","status-publish","format-standard","hentry","category-archiwum-2"],"acf":{"attached_posts":null},"_links":{"self":[{"href":"https:\/\/natropie.zhp.pl\/index.php\/wp-json\/wp\/v2\/posts\/17887","targetHints":{"allow":["GET"]}}],"collection":[{"href":"https:\/\/natropie.zhp.pl\/index.php\/wp-json\/wp\/v2\/posts"}],"about":[{"href":"https:\/\/natropie.zhp.pl\/index.php\/wp-json\/wp\/v2\/types\/post"}],"author":[{"embeddable":true,"href":"https:\/\/natropie.zhp.pl\/index.php\/wp-json\/wp\/v2\/users\/152"}],"replies":[{"embeddable":true,"href":"https:\/\/natropie.zhp.pl\/index.php\/wp-json\/wp\/v2\/comments?post=17887"}],"version-history":[{"count":0,"href":"https:\/\/natropie.zhp.pl\/index.php\/wp-json\/wp\/v2\/posts\/17887\/revisions"}],"wp:attachment":[{"href":"https:\/\/natropie.zhp.pl\/index.php\/wp-json\/wp\/v2\/media?parent=17887"}],"wp:term":[{"taxonomy":"category","embeddable":true,"href":"https:\/\/natropie.zhp.pl\/index.php\/wp-json\/wp\/v2\/categories?post=17887"},{"taxonomy":"post_tag","embeddable":true,"href":"https:\/\/natropie.zhp.pl\/index.php\/wp-json\/wp\/v2\/tags?post=17887"}],"curies":[{"name":"wp","href":"https:\/\/api.w.org\/{rel}","templated":true}]}}