{"id":17933,"date":"2006-10-23T21:22:01","date_gmt":"2006-10-23T19:22:01","guid":{"rendered":"http:\/\/O"},"modified":"2006-10-23T21:22:01","modified_gmt":"2006-10-23T19:22:01","slug":"na-sejm-3","status":"publish","type":"post","link":"https:\/\/natropie.zhp.pl\/index.php\/na-sejm-3\/","title":{"rendered":"Na Sejm!"},"content":{"rendered":"<div class=\"MsoNormal\" align=\"justify\"><font size=\"2\"><font face=\"verdana,geneva\"><strong><img loading=\"lazy\" decoding=\"async\" style=\"width: 76px; height: 79px\" height=\"79\" hspace=\"5\" src=\"images\/stories\/sejmik.gif\" width=\"76\" align=\"left\" vspace=\"5\" border=\"1\" name=\"view_imagelist\" \/>Od niedawna znamy ju\u017c dat\u0119 Zjazdu Nadzwyczajnego ZHP. Zjazdu, kt\u00f3ry nie tylko &bdquo;b\u0119dzie dyskutowa\u0142&rdquo;, ale kt\u00f3rego zadaniem b\u0119dzie dokonanie ewentualnych zmian w Podstawach Ideowych (a wi\u0119c mo\u017ce tak\u017ce w Prawie i Przyrzeczeniu Harcerskim). Dlatego ju\u017c teraz warto na ten temat dyskutowa\u0107 w w\u0119drowniczym gronie.<\/strong><\/font><\/font><\/div>\n<p><!--more--><br \/><font size=\"2\"><font face=\"verdana,geneva\"><\/p>\n<div align=\"justify\">\n<div><font size=\"2\"><font face=\"verdana,geneva\">Termin ustalony 21 pa\u017adziernika przez Rad\u0119 Naczeln\u0105 to 1-3 czerwca 2007. <\/font><\/font><\/div>\n<p><\/p>\n<div><font face=\"verdana,geneva\" size=\"2\">To wa\u017cne, \u017ceby ten Zjazd odby\u0142 si\u0119 jeszcze przed stuleciem skautingu, przed 1 sierpnia 2007, kiedy ka\u017cdy zuch, harcerz i w\u0119drownik b\u0119dzie odnawia\u0142 swoje Przyrzeczenia Harcerskie. Wa\u017cne, by robi\u0105c to, mia\u0142 \u015bwiadomo\u015b\u0107, \u017ce odnowione Przyrzeczenie nie ulegnie zmianie za dwa miesi\u0105ce decyzj\u0105 Zjazdu Nadzwyczajnego. Przed Zjazdem jednak w ka\u017cdym hufcu i w ka\u017cdej chor\u0105gwi powinna si\u0119 odby\u0107 instruktorska dyskusja na tematy, nad kt\u00f3rymi obradowa\u0142 b\u0119dzie Zjazd. Termin jednej z nich &ndash; w Chor\u0105gwi Wielkopolskiej &ndash; jest ju\u017c znany. W dniach 3 &ndash; 5 listopada 2006 instruktorzy i instruktorki spotkaj\u0105 si\u0119, by przedyskutowa\u0107 to, czy potrzebne s\u0105 nam zmiany w Prawie i Przyrzeczeniu. A tak\u017ce wzi\u0105\u0107 udzia\u0142 w wielu ciekawych zaj\u0119ciach:<br \/><\/font><\/div>\n<p><\/p>\n<div><font face=\"verdana,geneva\" size=\"2\"><br \/>&#8211; Jak skutecznie promowa\u0107 swoje \u015brodowisko harcerskie? <\/font><\/div>\n<p><\/p>\n<div><font face=\"verdana,geneva\" size=\"2\">&#8211; Dru\u017cyny wiejskie &ndash; skuteczne sposoby pozyskania pieni\u0119dzy na ich dzia\u0142alno\u015b\u0107. Jak zorganizowa\u0107 je do dzia\u0142ania?<\/font><\/div>\n<p><\/p>\n<div><font size=\"2\"><font face=\"verdana,geneva\">&#8211; Jak wyjecha\u0107 na Zlot ZHP &bdquo;Kielce 2007&rdquo;<\/font><\/font><\/div>\n<p><\/p>\n<div><font face=\"verdana,geneva\" size=\"2\">&#8211; Jak napisa\u0107 konstytucj\u0119 dru\u017cyny?<\/font><\/div>\n<p><\/p>\n<div><font face=\"verdana,geneva\" size=\"2\">&#8211; Wyprawa w\u0119drownicza na Jamboree 2007 &ndash; czy jeszcze mamy szans\u0119 pojecha\u0107? <\/font><\/div>\n<p><\/p>\n<div><font face=\"verdana,geneva\" size=\"2\">&#8211; Jak skutecznie promowa\u0107 sw\u00f3j hufiec? <\/font><\/div>\n<p><\/p>\n<div><font face=\"verdana,geneva\" size=\"2\">&#8211; Szczep &ndash; sprawdzony patent na sukces wychowawczy. <\/font><\/div>\n<p><\/p>\n<div><font face=\"verdana,geneva\" size=\"2\">&#8211; Jak zdoby\u0107 pieni\u0105dze na dzia\u0142alno\u015b\u0107 dru\u017cyny\/szczepu. <\/font><\/div>\n<p><\/p>\n<div><font face=\"verdana,geneva\" size=\"2\">zaj\u0119cia przygotowane przez referaty metodyczne<\/font><\/div>\n<p><\/p>\n<div><font face=\"verdana,geneva\" size=\"2\"><\/p>\n<div><font size=\"2\"><font face=\"verdana,geneva\"><strong>pwd. Helena Anna J\u0119drzejczak<\/strong><\/font><\/font><\/div>\n<p><\/font><\/div>\n<\/div>\n<p><\/font><\/font><\/p>\n","protected":false},"excerpt":{"rendered":"<p>Od niedawna znamy ju\u017c dat\u0119 Zjazdu Nadzwyczajnego ZHP. Zjazdu, kt\u00f3ry nie tylko &bdquo;b\u0119dzie dyskutowa\u0142&rdquo;, ale kt\u00f3rego zadaniem b\u0119dzie dokonanie ewentualnych zmian w Podstawach Ideowych (a wi\u0119c mo\u017ce tak\u017ce w Prawie i Przyrzeczeniu Harcerskim). Dlatego ju\u017c teraz warto na ten temat dyskutowa\u0107 w w\u0119drowniczym gronie.<\/p>\n","protected":false},"author":152,"featured_media":0,"comment_status":"open","ping_status":"open","sticky":false,"template":"","format":"standard","meta":{"_acf_changed":false,"_exactmetrics_skip_tracking":false,"_exactmetrics_sitenote_active":false,"_exactmetrics_sitenote_note":"","_exactmetrics_sitenote_category":0,"footnotes":""},"categories":[236],"tags":[],"class_list":["post-17933","post","type-post","status-publish","format-standard","hentry","category-archiwum-2"],"acf":{"attached_posts":null},"_links":{"self":[{"href":"https:\/\/natropie.zhp.pl\/index.php\/wp-json\/wp\/v2\/posts\/17933","targetHints":{"allow":["GET"]}}],"collection":[{"href":"https:\/\/natropie.zhp.pl\/index.php\/wp-json\/wp\/v2\/posts"}],"about":[{"href":"https:\/\/natropie.zhp.pl\/index.php\/wp-json\/wp\/v2\/types\/post"}],"author":[{"embeddable":true,"href":"https:\/\/natropie.zhp.pl\/index.php\/wp-json\/wp\/v2\/users\/152"}],"replies":[{"embeddable":true,"href":"https:\/\/natropie.zhp.pl\/index.php\/wp-json\/wp\/v2\/comments?post=17933"}],"version-history":[{"count":0,"href":"https:\/\/natropie.zhp.pl\/index.php\/wp-json\/wp\/v2\/posts\/17933\/revisions"}],"wp:attachment":[{"href":"https:\/\/natropie.zhp.pl\/index.php\/wp-json\/wp\/v2\/media?parent=17933"}],"wp:term":[{"taxonomy":"category","embeddable":true,"href":"https:\/\/natropie.zhp.pl\/index.php\/wp-json\/wp\/v2\/categories?post=17933"},{"taxonomy":"post_tag","embeddable":true,"href":"https:\/\/natropie.zhp.pl\/index.php\/wp-json\/wp\/v2\/tags?post=17933"}],"curies":[{"name":"wp","href":"https:\/\/api.w.org\/{rel}","templated":true}]}}