{"id":17946,"date":"2006-10-27T00:07:28","date_gmt":"2006-10-26T22:07:28","guid":{"rendered":"http:\/\/natropie.zhp.pl\/index.php\/bedziemy-coraz-lepsi-3\/"},"modified":"2006-10-27T00:07:28","modified_gmt":"2006-10-26T22:07:28","slug":"bedziemy-coraz-lepsi-3","status":"publish","type":"post","link":"https:\/\/natropie.zhp.pl\/index.php\/bedziemy-coraz-lepsi-3\/","title":{"rendered":"B\u0119dziemy coraz lepsi"},"content":{"rendered":"<p><font size=\"2\"><font face=\"verdana,geneva\"><font size=\"2\"><font face=\"verdana,geneva\"><strong><\/p>\n<div align=\"justify\">\n<div class=\"MsoNormal\"><font size=\"2\"><font face=\"verdana,geneva\"><font size=\"2\"><font face=\"verdana,geneva\"><strong><em><img loading=\"lazy\" decoding=\"async\" style=\"width: 139px; height: 110px\" height=\"110\" hspace=\"5\" src=\"images\/stories\/PICT0166.JPG\" width=\"139\" align=\"left\" vspace=\"5\" border=\"1\" name=\"view_imagelist\" \/>&#8209; Z ka\u017cdym numerem b\u0119dziemy coraz lepsi<\/em> &ndash; takie za\u0142o\u017cenie przyj\u0105\u0142em gdy obejmowa\u0142em od Rexa kierownictwo Na Tropka. Pewnie jeszcze nam wiele brakuje, jeszcze d\u0142uga droga przed nami, ale mamy ju\u017c obrany kierunek. To m\u00f3j pierwszy wst\u0119pniak w roli redaktora naczelnego wi\u0119c pozw\u00f3lcie, \u017ce najpierw si\u0119 \u0142adnie przywitam&hellip;dzie\u0144dobry- Filip jestem.<\/strong><\/font><\/font><\/font><\/font><\/div>\n<p><\/div>\n<p><\/strong><\/font><\/font><\/font><\/font><br \/><!--more--><br \/><font size=\"2\"><font face=\"verdana,geneva\"><\/p>\n<div align=\"justify\">\n<p class=\"MsoNormal\">&nbsp;<\/p>\n<div class=\"MsoNormal\"><font size=\"2\"><font face=\"verdana,geneva\"><\/p>\n<div><font face=\"verdana,geneva\" size=\"2\"><\/p>\n<div class=\"MsoNormal\"><font face=\"verdana,geneva\" size=\"2\">D\u0142ugo trwa\u0142y dyskusje w zaciszu redakcji nad tym jaka ma by\u0107 rola Na Tropie w \u015bwiadomo\u015bci w\u0119drownik\u00f3w i w og\u00f3le w naszym zwi\u0105zku. Opcji by\u0142o tyle ilu dyskutant\u00f3w, w toku debaty zd\u0105\u017cyli\u015bmy poruszy\u0107 problem fundament\u00f3w demokratycznego pa\u0144stwa, roli organizacji pozarz\u0105dowych w spo\u0142ecze\u0144stwie oraz zami\u0142owania nied\u017awiedzi do any\u017cu(p\u00f3\u017ano by\u0142o). Konsensus wypracowany z mozo\u0142em zak\u0142ada, \u017ce Na Tropie jest g\u0142osem w dyskusji nad wa\u017cnymi problemami z kt\u00f3rymi boryka\u0107 si\u0119 musi nasza organizacja, \u017ce nasza gazeta jest platform\u0105 wymiany pogl\u0105d\u00f3w i opinii. Nie unikamy trudnych temat\u00f3w, zadajemy niepopularne pytania ale nie szukamy sensacji- cho\u0107 pewnie mogliby\u015bmy.<\/font><\/div>\n<div><font face=\"verdana,geneva\" size=\"2\"><\/p>\n<div class=\"MsoNormal\"><font face=\"verdana,geneva\" size=\"2\">Niniejszy numer postanowili\u015bmy w du\u017cej cz\u0119\u015bci po\u015bwi\u0119ci\u0107 problemowi wychowania duchowego i rozwoju intelektualnego w naszej organizacji. Zw\u0142aszcza to pierwsze kuleje, a analiz\u0119 tego zjawiska znajdziecie w tekstach Rafa\u0142a Suchockiego czy Ryszarda Polaszewskiego. Swojego stanowiska nie mogli nie zaj\u0105\u0107 instruktorzy zwi\u0105zani z Zespo\u0142em Wychowania Duchowego i Religijnego. Kt\u00f3\u017c bowiem je\u015bli nie specjali\u015bci wyja\u015bni nam nurtuj\u0105ce nas problemy. Nie oczekujcie jednak, \u017ce gdy ju\u017c przeczytacie wszystkie teksty o duchowym wychowaniu w ZHP jakie tu zgromadzili\u015bmy b\u0119dziecie mieli gotow\u0105 recept\u0119 na to jak dzia\u0142a\u0107. Co najwy\u017cej pojawi si\u0119 w waszej g\u0142owie jeszcze wi\u0119cej pyta\u0144, my chcemy tylko sk\u0142oni\u0107 Was do poszukiwa\u0144 na w\u0142asn\u0105 r\u0119k\u0119.<\/font><\/div>\n<div><font face=\"verdana,geneva\" size=\"2\"><\/p>\n<div class=\"MsoNormal\"><font face=\"verdana,geneva\" size=\"2\">Niezwykle wa\u017cnym jest tak\u017ce felieton Ani B\u0142aszczak o harcerskiej etyce. Chyba ka\u017cdy zagl\u0105daj\u0105cy do internetu w\u0119drownik zna spraw\u0119 instruktor\u00f3w Hufca Lublin i ich kuriozalnej rozprawy przed Chor\u0105gwianym S\u0105dem Harcerskim. Ania nie wchodzi w kompetencje tego s\u0105du, lito\u015bciwie przechodzi nawet obok absurd\u00f3w samej rozprawy, pochyla si\u0119 nad meritum sprawy, nad tym co le\u017cy u fundamentu harcerskiej hipokryzji jaka ci\u0105gle nie jest rzadko\u015bci\u0105 w naszej organizacji.<\/font><\/div>\n<div><font face=\"verdana,geneva\" size=\"2\"><\/p>\n<div class=\"MsoNormal\"><font face=\"verdana,geneva\" size=\"2\">Jest wi\u0119c w tym numerze co\u015b do refleksji, jest analiza naszego wizerunku, jest znowu o harcerskich patologiach. W tym miesi\u0105cu pojawia si\u0119 jednak w Na Tropie co\u015b jeszcze. To zabawa- mamy nadziej\u0119, \u017ce przypadn\u0105 Wam do gustu dwie powie\u015bci w odcinkach jakie polecamy w dziale &bdquo;G\u0142odne kawa\u0142ki&rdquo;. Dzia\u0142 Gor\u0105co Polecam nie spotka\u0142 si\u0119 z Waszym zainteresowaniem, teksty do niego napisali\u015bmy wi\u0119c sami.<\/font><\/div>\n<div><font face=\"verdana,geneva\" size=\"2\"><\/p>\n<div class=\"MsoNormal\"><font face=\"verdana,geneva\" size=\"2\">Wreszcie na koniec, Na Tropie od jakiego\u015b czasu mo\u017cna ju\u017c komentowa\u0107. Czytajcie wi\u0119c nas, wyra\u017cajcie swoje opinie i dyskutujcie. Od tego jeste\u015bmy. <br \/><\/font><\/div>\n<div class=\"MsoNormal\"><font size=\"2\"><font face=\"verdana,geneva\"><strong><br \/>Filip Springer- redaktor naczelny<\/strong><\/font><\/font><\/div>\n<p><\/font><\/div>\n<p><\/font><\/div>\n<p><\/font><\/div>\n<p><\/font><\/div>\n<p><\/font><\/div>\n<p><\/font><\/font><\/div>\n<\/div>\n<p><\/font><\/font><\/p>\n","protected":false},"excerpt":{"rendered":"<p>&#8209; Z ka\u017cdym numerem b\u0119dziemy coraz lepsi &ndash; takie za\u0142o\u017cenie przyj\u0105\u0142em gdy obejmowa\u0142em od Rexa kierownictwo Na Tropka. Pewnie jeszcze nam wiele brakuje, jeszcze d\u0142uga droga przed nami, ale mamy ju\u017c obrany kierunek. To m\u00f3j pierwszy wst\u0119pniak w roli redaktora naczelnego wi\u0119c pozw\u00f3lcie, \u017ce najpierw si\u0119 \u0142adnie przywitam&hellip;dzie\u0144dobry- Filip jestem.<\/p>\n","protected":false},"author":152,"featured_media":0,"comment_status":"open","ping_status":"open","sticky":false,"template":"","format":"standard","meta":{"_acf_changed":false,"_exactmetrics_skip_tracking":false,"_exactmetrics_sitenote_active":false,"_exactmetrics_sitenote_note":"","_exactmetrics_sitenote_category":0,"footnotes":""},"categories":[236],"tags":[],"class_list":["post-17946","post","type-post","status-publish","format-standard","hentry","category-archiwum-2"],"acf":{"attached_posts":null},"_links":{"self":[{"href":"https:\/\/natropie.zhp.pl\/index.php\/wp-json\/wp\/v2\/posts\/17946","targetHints":{"allow":["GET"]}}],"collection":[{"href":"https:\/\/natropie.zhp.pl\/index.php\/wp-json\/wp\/v2\/posts"}],"about":[{"href":"https:\/\/natropie.zhp.pl\/index.php\/wp-json\/wp\/v2\/types\/post"}],"author":[{"embeddable":true,"href":"https:\/\/natropie.zhp.pl\/index.php\/wp-json\/wp\/v2\/users\/152"}],"replies":[{"embeddable":true,"href":"https:\/\/natropie.zhp.pl\/index.php\/wp-json\/wp\/v2\/comments?post=17946"}],"version-history":[{"count":0,"href":"https:\/\/natropie.zhp.pl\/index.php\/wp-json\/wp\/v2\/posts\/17946\/revisions"}],"wp:attachment":[{"href":"https:\/\/natropie.zhp.pl\/index.php\/wp-json\/wp\/v2\/media?parent=17946"}],"wp:term":[{"taxonomy":"category","embeddable":true,"href":"https:\/\/natropie.zhp.pl\/index.php\/wp-json\/wp\/v2\/categories?post=17946"},{"taxonomy":"post_tag","embeddable":true,"href":"https:\/\/natropie.zhp.pl\/index.php\/wp-json\/wp\/v2\/tags?post=17946"}],"curies":[{"name":"wp","href":"https:\/\/api.w.org\/{rel}","templated":true}]}}