{"id":17971,"date":"2006-11-26T15:39:21","date_gmt":"2006-11-26T13:39:21","guid":{"rendered":"http:\/\/natropie.zhp.pl\/index.php\/jesli-nie-wiesz-dokad-idziesz-nie-masz-szansy-sie-zgubic-4\/"},"modified":"2006-11-26T15:39:21","modified_gmt":"2006-11-26T13:39:21","slug":"jesli-nie-wiesz-dokad-idziesz-nie-masz-szansy-sie-zgubic-4","status":"publish","type":"post","link":"https:\/\/natropie.zhp.pl\/index.php\/jesli-nie-wiesz-dokad-idziesz-nie-masz-szansy-sie-zgubic-4\/","title":{"rendered":"Je\u015bli nie wiesz dok\u0105d idziesz, nie masz szansy si\u0119 zgubi\u0107."},"content":{"rendered":"<p><font face=\"verdana,geneva\" size=\"2\"><\/p>\n<div align=\"justify\">\n<div><font face=\"verdana,geneva\" size=\"2\"><strong><img loading=\"lazy\" decoding=\"async\" style=\"width: 156px; height: 119px\" height=\"119\" hspace=\"5\" src=\"images\/stories\/topokl.jpg\" width=\"156\" align=\"left\" vspace=\"5\" border=\"1\" name=\"view_imagelist\" \/>Uda\u0142o si\u0119! Zakwalifikowa\u0142em si\u0119 do sk\u0142adu XIII Pozna\u0144skiej Wyprawy Polarnej &ndash; Spitsbergen 2006. By\u0142 to dla mnie sukces &ndash; pierwszy krok do spe\u0142nienia marzenia o przygodzie za ko\u0142em polarnym. Jednocze\u015bnie by\u0142 to pocz\u0105tek drogi usianej przeszkodami. Wyrasta\u0142y w najdziwniejszych i najmniej przewidywalnych momentach.<\/strong> <\/font><\/div>\n<p><\/div>\n<p><\/font><br \/><!--more--><br \/><font face=\"verdana,geneva\" size=\"2\"><\/p>\n<div align=\"justify\"><strong>phm.Krzysztof Piotrowski<br \/><\/strong><\/p>\n<div><font face=\"verdana,geneva\" size=\"2\"><br \/><font face=\"verdana,geneva\" size=\"2\"><em>&ndash; A w\u0142a\u015bciwie to jak chcesz si\u0119 tam dosta\u0107?<\/em> &ndash; to pytanie, kt\u00f3re zadawa\u0142o mi wielu znajomych. Z przyczyn praktycznych musia\u0142em znale\u017a\u0107 na nie odpowied\u017a.<br \/><em>&ndash; Zastanawiam si\u0119 czy jecha\u0107 przez Szwecj\u0119 czy przez Finlandi\u0119<\/em> &ndash; odpowiada\u0142em <em>&ndash; jeszcze nie mog\u0119 si\u0119 zdecydowa\u0107, z kt\u00f3rej strony Ba\u0142tyk omin\u0105\u0107<\/em>.<br \/><em>&ndash; Jak to?<\/em><br \/><em>&ndash; Autostopem &ndash;<\/em> wprawa nios\u0142a z sob\u0105 wiele niewiadomych, jednak gdy wykluczony zosta\u0142 m\u00f3j udzia\u0142 w rejsie statkiem bezpo\u015brednio z Gdyni, sprawa wyboru \u015brodka lokomocji by\u0142a dla mnie jasna. Autostopem na p\u00f3\u0142noc Norwegii &ndash; <em>do Tromso, dalej samolotem. <br \/>&ndash; Dlaczego Autostopem?<br \/>&ndash; Poniewa\u017c&hellip; tak b\u0119dzie&hellip; ciekawiej, taniej<\/em> &ndash; dalej wy\u0142uszcza\u0142em, \u017ce w ten spos\u00f3b wi\u0119cej zobacz\u0119 ni\u017c z okien samolotu, poznam kultur\u0119 region\u00f3w, ludzi.<br \/><\/font><\/p>\n<div><font face=\"verdana,geneva\" size=\"2\">W ci\u0105gu kilku lat je\u017cd\u017cenia autostopem sta\u0142 si\u0119 on dla mnie czym\u015b wi\u0119cej ni\u017c tylko sposobem pokonywania przestrzeni. Dla mnie to rodzaj filozofii, spos\u00f3b \u017cycia. To niew\u0105tpliwie odcisn\u0119\u0142o si\u0119 na moim postrzeganiu podr\u00f3\u017cy. Mam przyjemno\u015b\u0107, na \u0142amach &bdquo;Na Tropie&rdquo; przedstawi\u0107 kr\u00f3tk\u0105 fotorelacj\u0119. Wplot\u0142o si\u0119 w ni\u0105 kilka moich ulubionych podr\u00f3\u017cniczych cytat\u00f3w.<br \/><\/font><\/div>\n<p><\/p>\n<div><font face=\"verdana,geneva\" size=\"2\"><br \/><strong>Skandynawia z punktu widzenia autostopowicza wygl\u0105da tak:<\/strong><\/font><\/div>\n<p><\/p>\n<div><font face=\"verdana,geneva\" size=\"2\">&nbsp;&nbsp;&nbsp;&nbsp;&nbsp;&nbsp;&nbsp;&nbsp;&nbsp;&nbsp;&nbsp;&nbsp;&nbsp;&nbsp;&nbsp;&nbsp;&nbsp; <img loading=\"lazy\" decoding=\"async\" style=\"width: 347px\" height=\"237\" src=\"images\/stories\/0065.jpg\" width=\"347\" border=\"0\" name=\"view_imagelist\" \/><\/font><\/div>\n<div><font face=\"verdana,geneva\" size=\"2\">2006-07-11 15:46 <strong>Ruszam z Pi\u0142y<\/strong>. Zabiera mnie Batman, swoim nowiu\u015bkim Batmobilem. Szybko nie jedziemy, ale za to z jak\u0105 pomp\u0105. On na Grunwald, ja na Spitsbergen. Z jedn\u0105 przesiadk\u0105 docieram do Olsztyna, gdzie sp\u0119dzam kilkana\u015bcie minut i ju\u017c jad\u0119 pi\u0119knym ci\u0119\u017carowym autem (Volvo FH) do samej Rygi. <\/font><\/div>\n<p><\/p>\n<div><font face=\"verdana,geneva\" size=\"2\">&nbsp;&nbsp;&nbsp;&nbsp;&nbsp;&nbsp;&nbsp;&nbsp;&nbsp;&nbsp;&nbsp;&nbsp;&nbsp;&nbsp;&nbsp;&nbsp; <img loading=\"lazy\" decoding=\"async\" style=\"width: 365px\" height=\"266\" src=\"images\/stories\/0143.JPG\" width=\"365\" border=\"0\" name=\"view_imagelist\" \/><\/font><\/div>\n<p><\/p>\n<div><font face=\"verdana,geneva\" size=\"2\">Ruszaj\u0105c w tras\u0119 maj\u0105c\u0105 w najkr\u00f3tszej wersji ponad 2000 km zastanawia\u0142em si\u0119 ile dni musz\u0119 zarezerwowa\u0107 &ndash; poniewa\u017c na samolot nie mog\u0142em si\u0119 sp\u00f3\u017ani\u0107. Zdecydowa\u0142em, \u017ce 20 wystarczy&hellip; ale czy na pewno? Co b\u0119dzie jak utkn\u0119 gdzie\u015b w \u015brodku Laponii?<br \/>Moje obawy posz\u0142y w zapomnienie, kiedy to 12. lipca, popo\u0142udniu, w nieco ponad dob\u0119 po wyruszeniu z domu dotar\u0142em na przysta\u0144 promow\u0105 w Tallinie. Tu przenocowa\u0142em &ndash; u poznanych w mie\u015bcie ch\u0142opak\u00f3w. <br \/>Nast\u0119pnego dnia, ok. 8:30 mijam g\u0142\u00f3wki portu w Helsinkach. Prom kosztowa\u0142 mnie 25 Euro i by\u0142 to najznaczniejszy wydatek ca\u0142ej, 20 dniowej, podr\u00f3\u017cy. \u0141\u0105cznie z zakupami jedzenia w Polsce na ca\u0142\u0105 podr\u00f3\u017c do Tromso wyda\u0142em poni\u017cej 300 z\u0142<\/font><\/div>\n<p><\/p>\n<div>&nbsp;&nbsp;&nbsp;&nbsp;&nbsp;&nbsp;&nbsp;&nbsp;&nbsp;&nbsp;&nbsp;&nbsp;&nbsp;&nbsp;&nbsp;&nbsp;<img loading=\"lazy\" decoding=\"async\" style=\"width: 377px\" height=\"273\" src=\"images\/stories\/0208.jpg\" width=\"377\" border=\"0\" name=\"view_imagelist\" \/><br \/><font face=\"verdana,geneva\" size=\"2\">Helsinki nale\u017c\u0105 do tych miast, kt\u00f3re mnie urzek\u0142y. Zdeponowa\u0142em sw\u00f3j baga\u017c w przechowalni (polecam t\u0105 praktyk\u0119) i ca\u0142y dzie\u0144 w\u0142\u00f3czy\u0142em si\u0119 po stolicy Finlandii. Wieczorem z\u0142apa\u0142em pierwszy w Finlandii samoch\u00f3d.<\/font><\/div>\n<div><font face=\"verdana,geneva\" size=\"2\">&nbsp;&nbsp;&nbsp;&nbsp;&nbsp;&nbsp;&nbsp;&nbsp;&nbsp;&nbsp;&nbsp;&nbsp;&nbsp;&nbsp;&nbsp;&nbsp;&nbsp; <img loading=\"lazy\" decoding=\"async\" style=\"width: 367px\" height=\"287\" src=\"images\/stories\/0288.jpg\" width=\"367\" border=\"0\" name=\"view_imagelist\" \/><\/font><\/div>\n<div><font face=\"verdana,geneva\" size=\"2\">Skandynawskie drogi &ndash; (tylko) na pierwszy rzut oka podobne do Polskich. Nie spotyka si\u0119 na nich dziur, w to miejsce wielu ludzi na rolkach i rowerach.<\/p>\n<p><\/font><\/div>\n<p><\/p>\n<div><font face=\"verdana,geneva\" size=\"2\">&nbsp;&nbsp;&nbsp;&nbsp;&nbsp;&nbsp;&nbsp;&nbsp;&nbsp;&nbsp;&nbsp;&nbsp;&nbsp;&nbsp;&nbsp;&nbsp; <img loading=\"lazy\" decoding=\"async\" style=\"width: 377px; height: 281px\" height=\"281\" src=\"images\/stories\/0310.jpg\" width=\"377\" border=\"0\" name=\"view_imagelist\" \/><\/font><\/div>\n<p><\/p>\n<div><font face=\"verdana,geneva\" size=\"2\">Pojezierze Fi\u0144skie &ndash; cudowna kraina jezior i las\u00f3w. Szkoda tylko, \u017ce nie mia\u0142em czasu zosta\u0107 tu d\u0142u\u017cej ni\u017c kilka dni.<br \/><\/font><\/div>\n<p><\/p>\n<div><font face=\"verdana,geneva\" size=\"2\">&nbsp;&nbsp;&nbsp;&nbsp;&nbsp;&nbsp;&nbsp;&nbsp;&nbsp;&nbsp;&nbsp;&nbsp;&nbsp;&nbsp;&nbsp;&nbsp; <img loading=\"lazy\" decoding=\"async\" style=\"width: 384px; height: 261px\" height=\"261\" src=\"images\/stories\/0327.jpg\" width=\"384\" border=\"0\" name=\"view_imagelist\" \/><\/font><\/div>\n<div><font face=\"verdana,geneva\" size=\"2\">Kt\u00f3ra godzina? P\u00f3\u0142noc? Tutaj (w Joensuu) si\u0119 jeszcze \u015bciemnia\u0142o nieco. Kolejne noce rozpoznawa\u0142em po lekko zar\u00f3\u017cowionym niebie i nieco ni\u017cej \u015bwiec\u0105cym s\u0142o\u0144cu. <\/font><\/div>\n<div>&nbsp;&nbsp;&nbsp;&nbsp;&nbsp;&nbsp;&nbsp;&nbsp;&nbsp;&nbsp;&nbsp;&nbsp;&nbsp;&nbsp;&nbsp; <img loading=\"lazy\" decoding=\"async\" style=\"width: 388px\" height=\"280\" src=\"images\/stories\/0331.jpg\" width=\"388\" border=\"0\" name=\"view_imagelist\" \/><br \/><font face=\"verdana,geneva\" size=\"2\">W pierwsz\u0105 bia\u0142\u0105 noc, lokalni &bdquo;szamani&rdquo; wykonali na moim namiocie magiczne znaki (farb\u0105 olejn\u0105), kt\u00f3re mia\u0142y mi zapewni\u0107 opiek\u0119 duch\u00f3w w dalszej cz\u0119\u015bci podr\u00f3\u017cy &ndash; i zapewni\u0142y.<\/p>\n<p><\/font><\/div>\n<p>&nbsp;&nbsp;&nbsp;&nbsp;&nbsp;&nbsp;&nbsp;&nbsp;&nbsp;&nbsp;&nbsp;&nbsp;&nbsp;&nbsp;&nbsp; <img loading=\"lazy\" decoding=\"async\" style=\"width: 391px; height: 274px\" height=\"274\" src=\"images\/stories\/0351.jpg\" width=\"391\" border=\"0\" name=\"view_imagelist\" \/><\/p>\n<div><font face=\"verdana,geneva\" size=\"2\">Dalej na p\u00f3\u0142noc przez pojezierze Fi\u0144skie. Krajobrazy prze\u015bliczne &ndash; jedne z najpi\u0119kniejszych w Europie. Tak dotar\u0142em do Oulu &ndash; nad zatok\u0105 Botnick\u0105. To kolejne miasto, kt\u00f3re na d\u0142ugo zapad\u0142o mi w pami\u0119ci. <\/p>\n<p><\/font><\/div>\n<p><\/p>\n<div><font face=\"verdana,geneva\" size=\"2\">&nbsp;&nbsp;&nbsp;&nbsp;&nbsp;&nbsp;&nbsp;&nbsp;&nbsp;&nbsp;&nbsp;&nbsp;&nbsp;&nbsp; <img loading=\"lazy\" decoding=\"async\" style=\"width: 400px; height: 278px\" height=\"278\" src=\"images\/stories\/0690.jpg\" width=\"400\" border=\"0\" name=\"view_imagelist\" \/><br \/><\/font><font face=\"verdana,geneva\" size=\"2\">Dotar\u0142em do legendarnego Rovaniemi, kt\u00f3re nie zapad\u0142o mi szczeg\u00f3lnie w pami\u0119\u0107. Wspominam jednak o nim dlatego, na p\u00f3\u0142noc od niego przekroczy\u0142em Ko\u0142o Podbiegunowe P\u00f3\u0142nocne (na nim znajduje si\u0119 przedstawiony na zdj\u0119ciu urz\u0105d pocztowy \u015awi\u0119tego Miko\u0142aja) tak wkroczy\u0142em w obszary dnia i nocy polarnej.<br \/><\/font><\/div>\n<p><\/p>\n<div><font face=\"verdana,geneva\" size=\"2\">&nbsp;&nbsp;&nbsp;&nbsp;&nbsp;&nbsp;&nbsp;&nbsp;&nbsp;&nbsp;&nbsp;&nbsp;&nbsp; <img loading=\"lazy\" decoding=\"async\" style=\"width: 406px\" height=\"277\" src=\"images\/stories\/0769.jpg\" width=\"406\" border=\"0\" name=\"view_imagelist\" \/><\/font><\/div\n><\/p>\n<div><font face=\"verdana,geneva\" size=\"2\">Autostop nie jest w Skandynawii popularny. Na szlaku spotka\u0142em czterech innych autostopowicz\u00f3w: Australijczyka (na zdj\u0119ciu), Fina i dw\u00f3ch Czech\u00f3w. Natomiast samo \u0142apanie stopa by\u0142o rewelacyjne &ndash; \u015brednio 20 minut oczekiwania. Czasami nie zd\u0105\u017cy\u0142em kartki napisa\u0107. Twierdz\u0119, \u017ce autostop dokonuje selekcji ludzi, z kt\u00f3rymi podr\u00f3\u017cuj\u0119 &ndash; w ko\u0144cu nie ka\u017cdy si\u0119 zatrzyma. Kto si\u0119 zatrzyma &ndash;co\u015b w sobie dobrego ma.<\/font><\/div>\n<p><\/p>\n<div><font face=\"verdana,geneva\" size=\"2\">&nbsp;&nbsp;&nbsp;&nbsp;&nbsp;&nbsp;&nbsp;&nbsp;&nbsp;&nbsp;&nbsp;&nbsp;&nbsp;&nbsp; <img loading=\"lazy\" decoding=\"async\" style=\"width: 371px\" height=\"270\" src=\"images\/stories\/0891.jpg\" width=\"371\" border=\"0\" name=\"view_imagelist\" \/><\/font><\/div>\n<div><font face=\"verdana,geneva\" size=\"2\">Ludzie na trasie to nie tylko kierowcy. Pozna\u0142em ludzi z prawie ca\u0142ej Europy i kilku kraj\u00f3w \u015bwiata. Tylko po\u0142ow\u0119 nocleg\u00f3w sp\u0119dzi\u0142em pod namiotem &ndash; reszt\u0119 w go\u015bcinie. Wynika\u0142a ona zawsze spontanicznie i nieoczekiwanie. Na p\u00f3\u0142nocy Europy sp\u0119dzi\u0142em przemi\u0142e cztery dni w towarzystwie przewodnik\u00f3w turystycznych rodem z ca\u0142ego \u015bwiata &ndash; od Kostaryki po Tajlandi\u0119, a to tylko dlatego, \u017ce spotka\u0142em (zupe\u0142nie przypadkowo) Monik\u0119, kt\u00f3ra rozpozna\u0142a we mnie rodaka i Gosi\u0119, kt\u00f3ra zaproponowa\u0142a go\u015bcin\u0119. <\/font><\/div>\n<div><font face=\"verdana,geneva\" size=\"2\">&nbsp;&nbsp;&nbsp;&nbsp;&nbsp;&nbsp;&nbsp;&nbsp;&nbsp;&nbsp;&nbsp;&nbsp;&nbsp; <img loading=\"lazy\" decoding=\"async\" style=\"width: 397px\" height=\"268\" src=\"images\/stories\/1079.jpg\" width=\"397\" border=\"0\" name=\"view_imagelist\" \/><\/font><\/div>\n<div><font face=\"verdana,geneva\" size=\"2\">Mieszkaj\u0105c na Mageroy przez kilka dni przygl\u0105da\u0142em si\u0119 od kuchni biznesowi turystycznemu rozkr\u0119conemu na &bdquo;pe\u0142ny gaz&rdquo;. Codziennie promy przywozi\u0142y na kilka godzin setki turyst\u00f3w spragnionych &bdquo;niepowtarzalnych wra\u017ce\u0144&rdquo;.<\/font><\/div>\n<p><\/p>\n<div>&nbsp;&nbsp;&nbsp;&nbsp;&nbsp;&nbsp;&nbsp;&nbsp;&nbsp;&nbsp;&nbsp;&nbsp;&nbsp;&nbsp;&nbsp;&nbsp;&nbsp;&nbsp;&nbsp; <img loading=\"lazy\" decoding=\"async\" style=\"width: 361px\" height=\"249\" src=\"images\/stories\/0955.jpg\" width=\"361\" border=\"0\" name=\"view_imagelist\" \/><br \/><font face=\"verdana,geneva\" size=\"2\">Nie by\u0142bym sob\u0105, gdybym nie zdementowa\u0142 powszechnego mniemania, \u017ce Nordkapp (na zdj\u0119ciu) jest najdalej na p\u00f3\u0142noc wysuni\u0119tym punktem Europy. A nie jest! Po pierwsze nie le\u017cy na sta\u0142ym l\u0105dzie &ndash; ale na wyspie Mageroya. Po drugie na tej wyspie jest odleg\u0142y o kilka kilometr\u00f3w przyl\u0105dek Knieveskjolodden, kt\u00f3rego szeroko\u015b\u0107 geograficzna to 71o 11,124&rsquo;N.&nbsp; Dla por\u00f3wnania Nordkapp le\u017cy na 71o 10,350&rsquo;N (tylko :). Na pierwszym planie logo Wyprawy W\u0119drowniczej 2007- pami\u0119tajcie, zosta\u0142o tylko kilka dni na zg\u0142oszenie swojego udzia\u0142u w przedsi\u0119wzi\u0119ciu:)<\/p>\n<p><\/font><\/div>\n<p><\/p>\n<div><font face=\"verdana,geneva\" size=\"2\">&nbsp;&nbsp;&nbsp;&nbsp;&nbsp;&nbsp;&nbsp;&nbsp;&nbsp;&nbsp;&nbsp;&nbsp;&nbsp;&nbsp; <img loading=\"lazy\" decoding=\"async\" style=\"width: 397px; height: 264px\" height=\"264\" src=\"images\/stories\/0960.jpg\" width=\"397\" border=\"0\" name=\"view_imagelist\" \/><\/font><\/div>\n<div><font face=\"verdana,geneva\" size=\"2\">Szcz\u0119\u015bcie to podr\u00f3\u017c a nie cel.<\/font><\/div>\n<div><font face=\"verdana,geneva\" size=\"2\">R\u00f3\u017cnica polega na tym, \u017ce na Nordkapp wiedzie droga asfaltowa (tysi\u0105ce turyst\u00f3w w autokarach), natomiast na Kniveskjolodden trzeba depta\u0107 pieszo. Na trasie tej w\u0119dr\u00f3wki czu\u0142em si\u0119 jak w Sudetach, poniewa\u017c spotka\u0142em tylko Polak\u00f3w i Czech\u00f3w.<\/font><\/div>\n<p><\/p>\n<div><font face=\"verdana,geneva\" size=\"2\">&nbsp;&nbsp;&nbsp;&nbsp;&nbsp;&nbsp;&nbsp;&nbsp;&nbsp;&nbsp;&nbsp;&nbsp;&nbsp; <img loading=\"lazy\" decoding=\"async\" style=\"width: 402px; height: 275px\" height=\"275\" src=\"images\/stories\/1179.JPG\" width=\"402\" border=\"0\" name=\"view_imagelist\" \/><\/font><\/div>\n<div><font face=\"verdana,geneva\" size=\"2\">Uprzedzaj\u0105c pytania stanowczo potwierdzam &#8211; w Laponii (Finlandia) i Normandzie (Norwegia) \u017cyj\u0105 renifery! Z Rudolfem nawet rozmawia\u0142em.<\/p>\n<p><\/font><\/div>\n<p><\/p>\n<div><font face=\"verdana,geneva\" size=\"2\">&nbsp;&nbsp;&nbsp;&nbsp;&nbsp;&nbsp;&nbsp;&nbsp;&nbsp;&nbsp;&nbsp;&nbsp; <img loading=\"lazy\" decoding=\"async\" style=\"width: 409px\" height=\"276\" src=\"images\/stories\/1168.JPG\" width=\"409\" border=\"0\" name=\"view_imagelist\" \/><\/font><\/div>\n<div><font face=\"verdana,geneva\" size=\"2\">&hellip; natomiast gdy rozbija\u0142em namiot, to cz\u0119sto przychodzi\u0142y pogaw\u0119dzi\u0107 ze mn\u0105 trole.<\/font><\/div>\n<p><\/p>\n<div><font face=\"verdana,geneva\" size=\"2\">&nbsp;&nbsp;&nbsp;&nbsp;&nbsp;&nbsp;&nbsp;&nbsp;&nbsp;&nbsp;&nbsp; <img loading=\"lazy\" decoding=\"async\" style=\"width: 420px; height: 284px\" height=\"284\" src=\"images\/stories\/1190.JPG\" width=\"420\" border=\"0\" name=\"view_imagelist\" \/><br \/><\/font><font face=\"verdana,geneva\" size=\"2\">Jak ju\u017c wspomnia\u0142em wozi\u0142y mnie r\u00f3\u017cne autka: od &bdquo;Batmobilu&rdquo;, przez czarne, volvowskie limuzyny, po takie dzie\u0142a jak widoczny na zdj\u0119ciu Biuck z 1953r. <\/font><\/div>\n<div><font face=\"verdana,geneva\" size=\"2\">&nbsp;&nbsp;&nbsp;&nbsp;&nbsp;&nbsp;&nbsp;&nbsp;&nbsp;&nbsp;&nbsp;&nbsp;&nbsp;<img loading=\"lazy\" decoding=\"async\" style=\"width: 404px; height: 300px\" height=\"300\" src=\"images\/stories\/1213.JPG\" width=\"404\" border=\"0\" name=\"view_imagelist\" \/><br \/><\/font><font face=\"verdana,geneva\" size=\"2\">Na legendarne fiordy mia\u0142em przyjemno\u015b\u0107 spogl\u0105da\u0107 z wysoko\u015bci ponad 2 metr\u00f3w. Widok tak zachwycaj\u0105cy, \u017ce nie podejmuj\u0119 si\u0119 komentowa\u0107&hellip;<\/font><\/div>\n<p><\/p>\n<div><font face=\"verdana,geneva\" size=\"2\">&nbsp;&nbsp;&nbsp;&nbsp;&nbsp;&nbsp;&nbsp;&nbsp;&nbsp;&nbsp;&nbsp;&nbsp;&nbsp;<img loading=\"lazy\" decoding=\"async\" style=\"width: 414px; height: 304px\" height=\"304\" src=\"images\/stories\/1216.JPG\" width=\"414\" border=\"0\" name=\"view_imagelist\" \/><\/font><\/div>\n<div><font face=\"verdana,geneva\" size=\"2\">&nbsp;&nbsp;&nbsp;&nbsp;&nbsp;&nbsp;&nbsp;&nbsp;&nbsp;&nbsp;&nbsp;&nbsp;&nbsp;&nbsp; tego r\u00f3wnie\u017c&hellip;<br \/><\/font><\/div>\n<p><\/p>\n<div align=\"center\"><font face=\"verdana,geneva\" size=\"2\">&nbsp;&nbsp;&nbsp;&nbsp;&nbsp;&nbsp;&nbsp;&nbsp;&nbsp; <img loading=\"lazy\" decoding=\"async\" style=\"width: 416px; height: 280px\" height=\"280\" src=\"images\/stories\/1217.JPG\" width=\"416\" border=\"0\" name=\"view_imagelist\" \/>&nbsp;<br \/>Pod\u0105\u017caj szlakiem t\u0119czy,<br \/>Pod\u0105\u017caj szlakiem piosenki,<br \/>A wszystko woko\u0142o ciebie stanie si\u0119 pi\u0119kne.<br \/>Z ka\u017cdej ciemnej doliny<br \/>Jest jakie\u015b wyj\u015bcie, <br \/>Jaki\u015b t\u0119czowy szlak.&rdquo;<br \/>&nbsp;&nbsp;&nbsp;Pie\u015b\u0144 Indian Nawajo<\/font><\/div>\n<p><\/p>\n<div><font face=\"verdana,geneva\" size=\"2\"><\/p>\n<div><font face=\"verdana,geneva\" size=\"2\">&nbsp;&nbsp;&nbsp;&nbsp;&nbsp;&nbsp;&nbsp;&nbsp;&nbsp;&nbsp;&nbsp;&nbsp;&nbsp;&nbsp;&nbsp;&nbsp;&nbsp; <img loading=\"lazy\" decoding=\"async\" style=\"width: 392px\" height=\"290\" src=\"images\/stories\/1348.JPG\" width=\"392\" border=\"0\" name=\"view_imagelist\" \/><\/font><\/div>\n<div><font face=\"verdana,geneva\" size=\"2\">Nie id\u017a tam gdzie wiedzie droga. Wkrocz na bezdro\u017ca i wytycz szlak!<br \/>Sam przejazd zaj\u0105\u0142 mi 10 z 20 dni, kt\u00f3re przeznaczy\u0142em na podr\u00f3\u017c. Uradowa\u0142a mnie mo\u017cliwo\u015b\u0107 urz\u0105dzenia sobie kilkudniowej w\u0119dr\u00f3wki przez g\u00f3ry. Na zdj\u0119ciu jeden z najpopularniejszych fi\u0144skich szlak\u00f3w trekingowych prowadz\u0105cy na najwy\u017cszy szczyt kraju &ndash; Halti (1328m n.p.m.). <br \/><\/font><\/div>\n<p><\/p>\n<div><font face=\"verdana,geneva\" size=\"2\">&nbsp;&nbsp;&nbsp;&nbsp;&nbsp;&nbsp;&nbsp;&nbsp; <img loading=\"lazy\" decoding=\"async\" style=\"width: 432px; height: 311px\" height=\"311\" src=\"images\/stories\/1421.JPG\" width=\"432\" border=\"0\" name=\"view_imagelist\" \/><\/font><\/div>\n<div><font face=\"verdana,geneva\" size=\"2\">Jest to jeden z nielicznych zagospodarowanych szlak\u00f3w trekingowych. Rozmieszczone co ok. 10 km urocze, przepe\u0142nione duchem g\u00f3r chatki pozwalaj\u0105 pokona\u0107 ten szlak nawet ma\u0142o wprawnym turystom. <\/font><\/div>\n<p><\/p>\n<div><font face=\"verdana,geneva\" size=\"2\"><\/p>\n<p><\/font>&nbsp;<\/div>\n<p>&nbsp;&nbsp;&nbsp;&nbsp;&nbsp;&nbsp;&nbsp;&nbsp;&nbsp;&nbsp; <img loading=\"lazy\" decoding=\"async\" style=\"width: 436px; height: 296px\" height=\"296\" src=\"images\/stories\/1697.JPG\" width=\"436\" border=\"0\" name=\"view_imagelist\" \/><\/p>\n<div><font face=\"verdana,geneva\" size=\"2\">Moj\u0105 podr\u00f3\u017c (a raczej jej pierwsz\u0105 cz\u0119\u015b\u0107) zako\u0144czy\u0142em w Tromso po przejechaniu 3889 km w 33 autach. Kolejne etapy to ekscytuj\u0105cy pobyt na Spitsbergenie oraz autostopowy powr\u00f3t do Polski przez Szwecj\u0119 i Norwegi\u0119, ale to ju\u017c inna op<br \/>\nowie\u015b\u0107&hellip;<br \/><\/font><\/div>\n<div><font face=\"verdana,geneva\" size=\"2\">&nbsp;&nbsp;&nbsp;&nbsp;&nbsp;&nbsp;&nbsp;&nbsp;&nbsp;&nbsp;&nbsp;&nbsp; <img loading=\"lazy\" decoding=\"async\" style=\"width: 418px; height: 293px\" height=\"293\" src=\"images\/stories\/1703.JPG\" width=\"418\" border=\"0\" name=\"view_imagelist\" \/><\/font><\/div>\n<div><font face=\"verdana,geneva\" size=\"2\">WIERZ. MARZ. MIEJ ODWAG\u0118.<br \/>(CREDO WALTA DISNEJA)<\/font><\/div>\n<div><font face=\"verdana,geneva\" size=\"2\"><strong><img loading=\"lazy\" decoding=\"async\" style=\"width: 104px; height: 101px\" height=\"101\" hspace=\"5\" src=\"images\/stories\/xys.JPG\" width=\"104\" align=\"left\" vspace=\"5\" border=\"1\" name=\"view_imagelist\" \/>phm. Krzysztof Piotrowski<\/strong> &#8211;&nbsp;wiceprezes Harcerskiego Klubu Turystycznego &bdquo;10,5 km&rdquo; im. Jerzego Kukuczki&ndash;Pi\u0142a, Komendant Trasy Rowerowej Wyprawy W\u0119drowniczej 2007. Doktorant na Wydziale Geograficznym Uniwersytetu im.Adama Mickiewicza w Poznaniu.<\/font><\/div>\n<p><\/p>\n<div><font face=\"verdana,geneva\" size=\"2\"><\/p>\n<div><font face=\"verdana,geneva\" size=\"2\"><\/p>\n<div><font size=\"2\"><br \/><\/font>&nbsp;<\/div>\n<p><\/font><\/div>\n<p><\/font><\/div>\n<p><\/font><\/div>\n<p>&nbsp;&nbsp;&nbsp;&nbsp;&nbsp;&nbsp;&nbsp;&nbsp;&nbsp;&nbsp; <\/font><\/div>\n<p>&nbsp;&nbsp;&nbsp;&nbsp;&nbsp;&nbsp;&nbsp;&nbsp;&nbsp;&nbsp;&nbsp;&nbsp;&nbsp;&nbsp;&nbsp; &nbsp;&nbsp;&nbsp;&nbsp;&nbsp;&nbsp;&nbsp;&nbsp;&nbsp;&nbsp; <\/p><\/div>\n<p><\/font><\/p>\n","protected":false},"excerpt":{"rendered":"<p>Uda\u0142o si\u0119! Zakwalifikowa\u0142em si\u0119 do sk\u0142adu XIII Pozna\u0144skiej Wyprawy Polarnej &ndash; Spitsbergen 2006. By\u0142 to dla mnie sukces &ndash; pierwszy krok do spe\u0142nienia marzenia o przygodzie za ko\u0142em polarnym. Jednocze\u015bnie by\u0142 to pocz\u0105tek drogi usianej przeszkodami. Wyrasta\u0142y w najdziwniejszych i najmniej przewidywalnych momentach.<\/p>\n","protected":false},"author":152,"featured_media":0,"comment_status":"open","ping_status":"open","sticky":false,"template":"","format":"standard","meta":{"_acf_changed":false,"_exactmetrics_skip_tracking":false,"_exactmetrics_sitenote_active":false,"_exactmetrics_sitenote_note":"","_exactmetrics_sitenote_category":0,"footnotes":""},"categories":[236],"tags":[],"class_list":["post-17971","post","type-post","status-publish","format-standard","hentry","category-archiwum-2"],"acf":{"attached_posts":null},"_links":{"self":[{"href":"https:\/\/natropie.zhp.pl\/index.php\/wp-json\/wp\/v2\/posts\/17971","targetHints":{"allow":["GET"]}}],"collection":[{"href":"https:\/\/natropie.zhp.pl\/index.php\/wp-json\/wp\/v2\/posts"}],"about":[{"href":"https:\/\/natropie.zhp.pl\/index.php\/wp-json\/wp\/v2\/types\/post"}],"author":[{"embeddable":true,"href":"https:\/\/natropie.zhp.pl\/index.php\/wp-json\/wp\/v2\/users\/152"}],"replies":[{"embeddable":true,"href":"https:\/\/natropie.zhp.pl\/index.php\/wp-json\/wp\/v2\/comments?post=17971"}],"version-history":[{"count":0,"href":"https:\/\/natropie.zhp.pl\/index.php\/wp-json\/wp\/v2\/posts\/17971\/revisions"}],"wp:attachment":[{"href":"https:\/\/natropie.zhp.pl\/index.php\/wp-json\/wp\/v2\/media?parent=17971"}],"wp:term":[{"taxonomy":"category","embeddable":true,"href":"https:\/\/natropie.zhp.pl\/index.php\/wp-json\/wp\/v2\/categories?post=17971"},{"taxonomy":"post_tag","embeddable":true,"href":"https:\/\/natropie.zhp.pl\/index.php\/wp-json\/wp\/v2\/tags?post=17971"}],"curies":[{"name":"wp","href":"https:\/\/api.w.org\/{rel}","templated":true}]}}