{"id":17995,"date":"2006-11-26T19:59:46","date_gmt":"2006-11-26T17:59:46","guid":{"rendered":"http:\/\/natropie.zhp.pl\/index.php\/akademik-tez-wedrownik-2-3\/"},"modified":"2006-11-26T19:59:46","modified_gmt":"2006-11-26T17:59:46","slug":"akademik-tez-wedrownik-2-3","status":"publish","type":"post","link":"https:\/\/natropie.zhp.pl\/index.php\/akademik-tez-wedrownik-2-3\/","title":{"rendered":"Akademik te\u017c w\u0119drownik"},"content":{"rendered":"<p><strong><font face=\"verdana,geneva\" size=\"2\"><\/p>\n<div align=\"justify\"><strong><font face=\"verdana,geneva\" size=\"2\"><img loading=\"lazy\" decoding=\"async\" style=\"width: 113px; height: 100px\" height=\"100\" hspace=\"5\" src=\"images\/stories\/akad1.jpg\" width=\"113\" align=\"left\" vspace=\"5\" border=\"1\" name=\"view_imagelist\" \/>&bdquo;Kto to s\u0105 ci akademicy, my\u015bla\u0142em, \u017ce s\u0105 harcerze starsi i w\u0119drownicy?&rdquo; czyli dlaczego akademik te\u017c mo\u017ce i powinien nosi\u0107 naramiennik w\u0119drowniczy. Bo jak si\u0119 okazuje w nie dla wszystkich to jest oczywiste. <\/font><\/strong><\/div>\n<p><\/font><\/strong><br \/><!--more--><br \/><font face=\"verdana,geneva\" size=\"2\"><\/p>\n<div align=\"justify\"><\/p>\n<div><font face=\"verdana,geneva\" size=\"2\"><strong>pwd. Kuba Kr\u00f3l<\/strong><\/font><\/div>\n<p><\/p>\n<div><font face=\"verdana,geneva\" size=\"2\"><br \/><em>9 grudnia 2006 r. o godz.11:00 hufca Warszawa-Centrum przy ul. Ho\u017cej 57 odb\u0119d\u0105 si\u0119 wybory nowych w\u0142adz Zespo\u0142u Harcerstwa Akademickiego. W programie obrad opr\u00f3cz wybor\u00f3w nowego kierownika Zespo\u0142u &#8211; b\u0119d\u0105 r\u00f3wnie\u017c dotyczy\u0142y zmian w regulaminie wyboru w\u0142adz Zespo\u0142u.<\/em><br \/><em>Zapraszamy wszystkich posiadaj\u0105cych bierne i czynne wyborcze do aktywnego udzia\u0142u w sobotnim zje\u017adzie.<br \/><\/em><\/font><\/div>\n<p><\/p>\n<div><font face=\"verdana,geneva\" size=\"2\"><br \/>&nbsp;<strong>Czy to mnie dotyczy?<\/strong> <br \/><\/font><\/div>\n<p><\/p>\n<div><font face=\"verdana,geneva\" size=\"2\"><br \/>Taki news mo\u017cna spotka\u0107 w naszym harc-internecie. Wybory nowych w\u0142adz &ndash; brzmi to do\u015b\u0107 oficjalnie. Ale jeszcze bardziej tajemniczo &ndash; znakomita cz\u0119\u015b\u0107 polskich harcerzy nie ma poj\u0119cia, kim s\u0105 akademicy. Jaki\u015b czas temu trafi\u0142em na forum ZHP na pytanie: &bdquo;kto to s\u0105 ci akademicy, my\u015bla\u0142em, \u017ce s\u0105 harcerze starsi i w\u0119drownicy&rdquo;. Tak, do\u015b\u0107 typowe podej\u015bcie. Sprawa troch\u0119 zyskuje na przejrzysto\u015bci, kiedy wspomnimy o kr\u0119gach akademickich. Tutaj powstaj\u0105 skojarzenia z kr\u0119gami instruktorskimi i jest troch\u0119 ja\u015bniej. Kr\u0105g akademicki, z definicji, to &bdquo;rodzaj podstawowej jednostki organizacyjnej skupiaj\u0105cej pe\u0142noletnich cz\u0142onk\u00f3w ZHP studiuj\u0105cych lub pracuj\u0105cych na uczelni albo w inny spos\u00f3b zwi\u0105zanych ze \u015brodowiskiem akademickim. Liczebno\u015b\u0107 kr\u0119gu wynosi minimum 6 os\u00f3b.<br \/>\u017beby wszelkie nie\u015bcis\u0142o\u015bci rozwia\u0107 ostatecznie, pos\u0142u\u017c\u0119 si\u0119 cytatem z Regulaminu Naczelnych W\u0142adz Kr\u0119g\u00f3w Akademickich ZHP: &bdquo;12.2.8 opracowywanie i przedstawianie propozycji programowych skierowanych do studiuj\u0105cych cz\u0142onk\u00f3w ZHP&rdquo;. Kr\u0119gi akademickie s\u0105 w\u0142a\u015bnie jednostkami, kt\u00f3re skupiaj\u0105 studiuj\u0105cych cz\u0142onk\u00f3w ZHP. A \u017ce w naszym kraju ci\u0119\u017cko si\u0119 studiuje niemaj\u0105c 16 lat, to si\u0142\u0105 rzeczy akademicy s\u0105 w\u0119drownikami.<br \/><\/font><\/div>\n<p><\/p>\n<div><font face=\"verdana,geneva\" size=\"2\"><br \/><strong>Ciut m\u0142odsze od dinozaur\u00f3w.<br \/><\/strong><\/font><\/div>\n<p><\/p>\n<div><font face=\"verdana,geneva\" size=\"2\"><br \/>&nbsp;Kr\u0119gi akademickie powstawa\u0142y w latach sze\u015b\u0107dziesi\u0105tych poprzedniego wieku (brzmi jak odkopywanie dinozaur\u00f3w), jako Kr\u0119gi Starszoharcerskim przy konkretnych wy\u017cszych uczelniach lub jako Dru\u017cyny Instruktorskie. Z za\u0142o\u017cenia mia\u0142y aktywizowa\u0107 student\u00f3w i pracownik\u00f3w wy\u017cszych uczelni, stanowi\u0107 cz\u0119sto dru\u017cyny kadrowe, ale te\u017c wzmacnia\u0107 wi\u0119zi mi\u0119dzy cz\u0142onkami.<br \/>&nbsp;Min\u0119\u0142o od tamtych czas\u00f3w kilkadziesi\u0105t lat i wiemy, \u017ce kr\u0119gi akademickie dzia\u0142aj\u0105. We wsp\u00f3\u0142czesnym ZHP mamy kilka takich jednostek. Te najpr\u0119\u017cniej dzia\u0142aj\u0105ce (zastrzegam, \u017ce nie wszystkie) to m.in. SKIPP z Poznania, &bdquo;Carpe Noctum&rdquo; z Warszawy Centrum, &bdquo;Diablak&rdquo; z Krakowa czy wroc\u0142awski Paradox.<br \/><\/font><\/div>\n<p><\/p>\n<div><font face=\"verdana,geneva\" size=\"2\"><br \/><strong>&nbsp;No ale po co komu taki kr\u0105g?<br \/><\/strong><\/font><\/div>\n<p><\/p>\n<div><font face=\"verdana,geneva\" size=\"2\"><br \/>&nbsp;Kr\u0119gi daj\u0105 mo\u017cliwo\u015b\u0107 harcerzom, kt\u00f3rzy przyjechali z innych miejscowo\u015bci i szukaj\u0105 swojego miejsca w akademickich metropoliach. Trafiaj\u0105 na zbi\u00f3rki kr\u0119g\u00f3w, znajduj\u0105 cz\u0119sto znajomych, przyjaci\u00f3\u0142 z tych samych wydzia\u0142\u00f3w, uczelni. Jak to w\u015br\u00f3d student\u00f3w bywa, nie maj\u0105 tych samych pogl\u0105d\u00f3w, ka\u017cdy uwa\u017ca, \u017ce jego kierunek jest najlepszy a mimo to dobrze si\u0119 bawi\u0105. Przewodnicz\u0105ca HKA &bdquo;SKIPP&rdquo;, pwd. Anna Kuczy\u0144ska m\u00f3wi: &bdquo;kr\u0119gi skupiaj\u0105 mimo wszystko nieco starszych ludzi (ni\u017c w dru\u017cynach w\u0119drowniczych &ndash; przypis KK) &#8211; nie ma u nas &quot;nastolatk\u00f3w&quot;, wi\u0119c i poziom pracy jest nieco inny. Ludzie studiuj\u0105cy w\u0142a\u015bnie specjalizuj\u0105 si\u0119 w jakiej\u015b dziedzinie, pracuj\u0105 lub szukaj\u0105 pracy &#8211; ich do\u015bwiadczenie \u017cyciowe, wiedza s\u0105 bogatsze. W kr\u0119gu akademickim nie ma ju\u017c miejsca na bana\u0142y &#8211; kiedy dyskutujemy, \u015bcieramy si\u0119 nie tylko pogl\u0105dami, ale te\u017c wiedz\u0105 np. z zakresu prawa, psychologii. Zbi\u00f3rki cz\u0119sto dotycz\u0105 takich rzeczy, kt\u00f3re s\u0105 bezpo\u015brednio zwi\u0105zane z tematyk\u0105 studi\u00f3w poszczeg\u00f3lnych os\u00f3b. Mamy wi\u0119c zbi\u00f3rki o socjoterapii, prawie karnym, mnemotechnikach &#8211; ka\u017cdy z nas jest w jaki\u015b spos\u00f3b specjalist\u0105&rdquo;. <\/p>\n<p>Myli si\u0119 jednak ten, kto my\u015bli, \u017ce akademicy to jakie\u015b ewenement. Nie, nie maj\u0105 swojej metodyki, nie maj\u0105 innego podzia\u0142u wiekowego. To nadal w\u0119drownicy. Oni r\u00f3wnie\u017c korzystaj\u0105 z tych samych wytycznych, zdobywaj\u0105 te same znaki s\u0142u\u017cb, nowe osoby sk\u0142adaj\u0105 to samo Przyrzeczenie i zak\u0142adaj\u0105 na mundury te same naramienniki. Tylko ci tutaj bior\u0105 si\u0119 z uczelni a nie np. z gromad zuchowych. Kr\u0119gi akademickie raczej nie dzia\u0142aj\u0105 w szczepach, dzia\u0142aj\u0105 jako samodzielne jednostki podlegaj\u0105ce najcz\u0119\u015bciej pod w\u0142a\u015bciwe chor\u0105gwie. <br \/>Na ka\u017cdym szczeblu, w aspekcie naszego ujemnego rozwoju liczebnego w ZHP, dru\u017cynowi narzekaj\u0105, \u017ce &bdquo;teraz to ci\u0119\u017cko zdoby\u0107 harcerza&rdquo;. Dh. Ania zauwa\u017ca, \u017ce &bdquo;zainteresowanie, zw\u0142aszcza w\u015br\u00f3d student\u00f3w pierwszego roku, jest spore.&rdquo; Czy dlatego, \u017ce student ju\u017c ma ustalone pewne schematy dzia\u0142ania, warto\u015bci i jest odporniejszy na naciski grupy &ndash; czyli to, co cz\u0119sto zniech\u0119ca m\u0142odszych potencjalnych harcerzy? Zapewne.<br \/><\/font><\/div>\n<p><\/p>\n<div><font face=\"verdana,geneva\" size=\"2\"><br \/><strong>Akademicy nie chowaj\u0105 si\u0119 po uczelniach, oni \u017cyj\u0105.<br \/><\/strong><\/font><\/div>\n<p><\/p>\n<div><font face=\"verdana,geneva\" size=\"2\"><br \/>A gdzie tych akademik\u00f3w spotka\u0107? Przede wszystkim na pewno pami\u0119tacie wszyscy kawiarenki akademickie na W\u0119drowniczych Watrach. Opr\u00f3cz tego akademicy maj\u0105 swoje dwie sztandarowe imprezy, w kt\u00f3rych mog\u0105 bra\u0107 r\u00f3wnie\u017c udzia\u0142 inne dru\u017cyny w\u0119drownicze &ndash; pozna\u0144ski SKIPPER i krakowski DIABLAK &ndash; odbywaj\u0105ce si\u0119 na jesie\u0144 i na wiosn\u0119. Ponadto dla lider\u00f3w kr\u0119g\u00f3w odbywaj\u0105 si\u0119 formy warsztatowe, szkoleniowe &ndash; wszystko po to, \u017ceby\u015bcie mogli si\u0119 czu\u0107 w kr\u0119gach akademickich jak prawdziwi harcerze&hellip;<br \/><\/font><\/div>\n<p><\/p>\n<div><font face=\"verdana,geneva\" size=\"2\"><br \/>Wszystkich zainteresowanych tematem zapraszam do \u015bledzenia wybor\u00f3w w\u0142adz akademickich 9.12.2006, o wynikach poinformujemy w NT. Swoj\u0105 wiedz\u0119 mo\u017cecie te\u017c rozbudowa\u0107 odwiedzaj\u0105c strony KA, jak np. <\/font><a href=\"http:\/\/www.pinki.pdh.pl\/skipp\"><font face=\"verdana,geneva\" size=\"2\">www.pinki.pdh.pl\/skipp<\/font><\/a><font face=\"verdana,geneva\" size=\"2\"> <\/font><\/div>\n<p><\/p>\n<div><font face=\"verdana,geneva\" size=\"2\"><br \/><\/font><\/div>\n<\/div>\n<p><\/font><\/p>\n","protected":false},"excerpt":{"rendered":"<p>&bdquo;Kto to s\u0105 ci akademicy, my\u015bla\u0142em, \u017ce s\u0105 harcerze starsi i w\u0119drownicy?&rdquo; czyli dlaczego akademik te\u017c mo\u017ce i powinien nosi\u0107 naramiennik w\u0119drowniczy. Bo jak si\u0119 okazuje w nie dla wszystkich to jest oczywiste.<\/p>\n","protected":false},"author":152,"featured_media":0,"comment_status":"open","ping_status":"open","sticky":false,"template":"","format":"standard","meta":{"_acf_changed":false,"_exactmetrics_skip_tracking":false,"_exactmetrics_sitenote_active":false,"_exactmetrics_sitenote_note":"","_exactmetrics_sitenote_category":0,"footnotes":""},"categories":[236],"tags":[],"class_list":["post-17995","post","type-post","status-publish","format-standard","hentry","category-archiwum-2"],"acf":{"attached_posts":null},"_links":{"self":[{"href":"https:\/\/natropie.zhp.pl\/index.php\/wp-json\/wp\/v2\/posts\/17995","targetHints":{"allow":["GET"]}}],"collection":[{"href":"https:\/\/natropie.zhp.pl\/index.php\/wp-json\/wp\/v2\/posts"}],"about":[{"href":"https:\/\/natropie.zhp.pl\/index.php\/wp-json\/wp\/v2\/types\/post"}],"author":[{"embeddable":true,"href":"https:\/\/natropie.zhp.pl\/index.php\/wp-json\/wp\/v2\/users\/152"}],"replies":[{"embeddable":true,"href":"https:\/\/natropie.zhp.pl\/index.php\/wp-json\/wp\/v2\/comments?post=17995"}],"version-history":[{"count":0,"href":"https:\/\/natropie.zhp.pl\/index.php\/wp-json\/wp\/v2\/posts\/17995\/revisions"}],"wp:attachment":[{"href":"https:\/\/natropie.zhp.pl\/index.php\/wp-json\/wp\/v2\/media?parent=17995"}],"wp:term":[{"taxonomy":"category","embeddable":true,"href":"https:\/\/natropie.zhp.pl\/index.php\/wp-json\/wp\/v2\/categories?post=17995"},{"taxonomy":"post_tag","embeddable":true,"href":"https:\/\/natropie.zhp.pl\/index.php\/wp-json\/wp\/v2\/tags?post=17995"}],"curies":[{"name":"wp","href":"https:\/\/api.w.org\/{rel}","templated":true}]}}