{"id":17996,"date":"2006-11-26T20:18:40","date_gmt":"2006-11-26T18:18:40","guid":{"rendered":"http:\/\/ZHPwrazzPolskimCzerwonymKrzy\u017cemrealizuje"},"modified":"2006-11-26T20:18:40","modified_gmt":"2006-11-26T18:18:40","slug":"paczka-dla-malego-przyjaciela-2-3","status":"publish","type":"post","link":"https:\/\/natropie.zhp.pl\/index.php\/paczka-dla-malego-przyjaciela-2-3\/","title":{"rendered":"Paczka dla ma\u0142ego przyjaciela"},"content":{"rendered":"<p><font face=\"verdana,geneva\" size=\"2\"><strong><img loading=\"lazy\" decoding=\"async\" style=\"width: 77px; height: 74px\" height=\"74\" hspace=\"5\" src=\"images\/stories\/teddy.gif\" width=\"77\" align=\"left\" vspace=\"5\" border=\"1\" name=\"view_imagelist\" \/>ZHP wraz z Polskim Czerwonym Krzy\u017cem realizuje projekt @lterCamp. Jego celem jest pomoc w spo\u0142ecznej i zawodowej integracji os\u00f3b ubiegaj\u0105cych si\u0119 o status uchod\u017acy.<\/strong><\/font><br \/><!--more--><br \/><font face=\"verdana,geneva\" size=\"2\"><\/p>\n<div align=\"justify\"><\/p>\n<div><font face=\"verdana,geneva\" size=\"2\">Jednym z dzia\u0142a\u0144 projektu, jakie chcemy podj\u0105\u0107, jest zadanie polegaj\u0105ce na zbi\u00f3rce zabawek dla dzieci uchod\u017ac\u00f3w z: Rosji, Bia\u0142orusi, Ukrainy, Iraku, Pakistanu i Turcji.<br \/><\/font><\/div>\n<p><\/p>\n<div><font face=\"verdana,geneva\" size=\"2\"><br \/>Dlatego te\u017c zwracamy si\u0119 do wszystkich \u015brodowisk harcerskich z pro\u015bb\u0105 o przeprowadzenie zbi\u00f3rek zabawek, s\u0142odyczy, artyku\u0142\u00f3w plastycznych lub sportowych, z kt\u00f3rych przygotujemy paczki na Miko\u0142aja i Gwiazdk\u0119 dla tych dzieci.<\/font><\/div>\n<p><\/p>\n<div><font face=\"verdana,geneva\" size=\"2\">Dzieci przeby\u0142y dalek\u0105 i trudn\u0105 podr\u00f3\u017c. S\u0105 samotne, posiadaj\u0105 traumatyczne wspomnienia pe\u0142ne bolesnych zdarze\u0144. Widzia\u0142y tortury zadawane ojcu, matce &mdash; za wiar\u0119, za pogl\u0105dy, za pr\u00f3b\u0119 walki o prawa do swojej to\u017csamo\u015bci narodowej. W naszej rzeczywisto\u015bci opowiadanie dwunastoletniego ch\u0142opca o pobycie w areszcie uznanoby za k\u0142amstwo. W krajach, gdzie istniej\u0105 konflikty na tle rasowym, narodowo\u015bciowym, aresztowania dzieci to cz\u0119ste zjawisko. Niekt\u00f3re z nich maj\u0105 blizny po torturach, niekt\u00f3re &#8211; trwa\u0142e uszkodzenia cia\u0142a.<br \/><\/font><\/div>\n<p><\/p>\n<div><font face=\"verdana,geneva\" size=\"2\"><br \/>W Polsce &mdash; w obcym dla nich kraju &mdash; nie chodz\u0105 do szko\u0142y z powodu bariery j\u0119zykowej,nie znaj\u0105 swoich praw i obowi\u0105zk\u00f3w, nie wiedz\u0105, co to zabawa. Przebywaj\u0105 w o\u015brodkach dla uchod\u017ac\u00f3w, gdzie nie ma specjalistycznej opieki dla dzieci, zar\u00f3wno edukacyjnej, jak i zdrowotnej.<br \/><\/font><\/div>\n<p><\/p>\n<div><font face=\"verdana,geneva\" size=\"2\"><br \/>Czas \u015bwi\u0105teczny to okres, gdy najbardziej potrzebujemy ciep\u0142a, mi\u0142o\u015bci i nadziei na lepsz\u0105 przysz\u0142o\u015b\u0107. Tego te\u017c oczekuj\u0105 dzieci uchod\u017ac\u00f3w. Mo\u017cemy pom\u00f3c im poczu\u0107 si\u0119 bezpiecznie, stworzy\u0107 zal\u0105\u017cek rodzinnej atmosfery. Pokaza\u0107, \u017ce kto\u015b o nich my\u015bli i cho\u0107 w ten spos\u00f3b pom\u00f3c im na chwil\u0119 zapomnie\u0107 o trudnej przesz\u0142o\u015bci.<\/font><\/div>\n<p><\/p>\n<div><font face=\"verdana,geneva\" size=\"2\">Na zebrane rzeczy czekamy do 12 grudnia 2006 r. Nale\u017cy je przes\u0142a\u0107 na adres:<br \/><\/font><\/div>\n<p><\/p>\n<div><font face=\"verdana,geneva\" size=\"2\"><strong><br \/>Zwi\u0105zek Harcerstwa Polskiego<br \/>G\u0142\u00f3wna Kwatera<br \/>ul. M. Konopnickiej 6<br \/>00-491 Warszawa<br \/>pok\u00f3j 131, z dopiskiem &bdquo;Paczka dla ma\u0142ego przyjaciela&rdquo;<br \/><\/strong><\/font><\/div>\n<p><\/p>\n<div><font face=\"verdana,geneva\" size=\"2\"><br \/>Ponadto, do 12 grudnia br. w Warszawie odbywa si\u0119 wiele r\u00f3\u017cnych spotka\u0144 naszej kadry. Mo\u017ce warto zorientowa\u0107 si\u0119, czy instruktorzy hufca lub chor\u0105gwi planuj\u0105 wyjazd do Warszawy i mogliby przywie\u017a\u0107 paczki do GK ZHP.<br \/><\/font><\/div>\n<p><\/p>\n<div><font face=\"verdana,geneva\" size=\"2\"><br \/>Wszelkie informacje mo\u017cna uzyska\u0107 pod adresem e-mail: <\/font><a href=\"mailto:analityk.finansowy@zhp.pl\"><font face=\"verdana,geneva\" size=\"2\">analityk.finansowy@zhp.pl<\/font><\/a><br \/><font face=\"verdana,geneva\" size=\"2\">lub telefonicznie 022\/ 339-07-42.<\/font><\/div>\n<p><\/p>\n<div><font size=\"2\"><font face=\"verdana,geneva\"><strong>hm. Monika Pater- <\/strong>analityk finansowy GK ZHP<\/font><\/font><\/div>\n<p><\/div>\n<p><\/font><\/p>\n","protected":false},"excerpt":{"rendered":"<p>ZHP wraz z Polskim Czerwonym Krzy\u017cem realizuje projekt @lterCamp. Jego celem jest pomoc w spo\u0142ecznej i zawodowej integracji os\u00f3b ubiegaj\u0105cych si\u0119 o status uchod\u017acy.<\/p>\n","protected":false},"author":152,"featured_media":0,"comment_status":"open","ping_status":"open","sticky":false,"template":"","format":"standard","meta":{"_acf_changed":false,"_exactmetrics_skip_tracking":false,"_exactmetrics_sitenote_active":false,"_exactmetrics_sitenote_note":"","_exactmetrics_sitenote_category":0,"footnotes":""},"categories":[236],"tags":[],"class_list":["post-17996","post","type-post","status-publish","format-standard","hentry","category-archiwum-2"],"acf":{"attached_posts":null},"_links":{"self":[{"href":"https:\/\/natropie.zhp.pl\/index.php\/wp-json\/wp\/v2\/posts\/17996","targetHints":{"allow":["GET"]}}],"collection":[{"href":"https:\/\/natropie.zhp.pl\/index.php\/wp-json\/wp\/v2\/posts"}],"about":[{"href":"https:\/\/natropie.zhp.pl\/index.php\/wp-json\/wp\/v2\/types\/post"}],"author":[{"embeddable":true,"href":"https:\/\/natropie.zhp.pl\/index.php\/wp-json\/wp\/v2\/users\/152"}],"replies":[{"embeddable":true,"href":"https:\/\/natropie.zhp.pl\/index.php\/wp-json\/wp\/v2\/comments?post=17996"}],"version-history":[{"count":0,"href":"https:\/\/natropie.zhp.pl\/index.php\/wp-json\/wp\/v2\/posts\/17996\/revisions"}],"wp:attachment":[{"href":"https:\/\/natropie.zhp.pl\/index.php\/wp-json\/wp\/v2\/media?parent=17996"}],"wp:term":[{"taxonomy":"category","embeddable":true,"href":"https:\/\/natropie.zhp.pl\/index.php\/wp-json\/wp\/v2\/categories?post=17996"},{"taxonomy":"post_tag","embeddable":true,"href":"https:\/\/natropie.zhp.pl\/index.php\/wp-json\/wp\/v2\/tags?post=17996"}],"curies":[{"name":"wp","href":"https:\/\/api.w.org\/{rel}","templated":true}]}}