{"id":18017,"date":"2006-12-24T12:10:24","date_gmt":"2006-12-24T10:10:24","guid":{"rendered":"http:\/\/Mailprzyszed\u0142oko\u0142opo\u0142ud"},"modified":"2006-12-24T12:10:24","modified_gmt":"2006-12-24T10:10:24","slug":"poprawic-raj-3","status":"publish","type":"post","link":"https:\/\/natropie.zhp.pl\/index.php\/poprawic-raj-3\/","title":{"rendered":"Poprawi\u0107 raj"},"content":{"rendered":"<p><span style=\"font-size: 10pt; font-family: verdana,geneva\"><strong><img loading=\"lazy\" decoding=\"async\" style=\"width: 95px; height: 75px\" src=\"images\/stories\/drzewo.jpg\" border=\"1\" alt=\"Wybrany obraz\" hspace=\"5\" vspace=\"5\" width=\"95\" height=\"75\" align=\"left\" \/>Mail przyszed\u0142 oko\u0142o po\u0142udnia. W niedziel\u0119. Podpisali si\u0119 pod nim Mirek i Anita. Obydwoje w Irlandii. On w Dublinie, ona w Naas. Taki pomys\u0142 maj\u0105. Bo przecie\u017c tam na pewno jest wi\u0119cej harcerzy. To czemu by ich nie poszuka\u0107.<\/strong><\/span><br \/>\n<br \/><!--more--><br \/><span style=\"font-size: 10pt; font-family: verdana,geneva\"><\/p>\n<div align=\"justify\">\n<div>\n<span style=\"font-size: 10pt; font-family: verdana,geneva\"><\/p>\n<div>\n<span style=\"font-size: 10pt; font-family: verdana,geneva\"><strong>pwd. Filip Springer<\/strong><br \/>\n<\/span>\n<\/div>\n<p><\/p>\n<div>\n<span style=\"font-size: 10pt; font-family: verdana,geneva\">Z Mirkiem Karczmarczykiem&nbsp;umawiam kilka dni p&oacute;\u017aniej si\u0119 na gadu-gadu o godzinie 20.<br \/>\n&#8211; Ale u mnie czy u ciebie, bo wiesz, jest r&oacute;\u017cnica mi\u0119dzy Polsk\u0105 a Irlandi\u0105. <br \/>\nNiech b\u0119dzie: Z Mirkiem umawiam si\u0119 na gadu-gadu o godzinie 21 &#8211; u niego jest wi\u0119c 20.<br \/>\n<\/span><span style=\"font-size: 10pt; font-family: verdana,geneva\"><br \/>\n<strong>Co przerwa\u0142e\u015b w swoim \u017cyciu decyzj\u0105 o wyje\u017adzie?<\/strong>&nbsp;<br \/>\nDzia\u0142a\u0142em w Hufcu Rod\u0142o w Olsztynie, by\u0142em dru\u017cynowym 8 Olszty\u0144skiej Dru\u017cyny W\u0119drowniczej GROM.&nbsp;Zaczyna\u0142a si\u0119 te\u017c moja wsp&oacute;\u0142praca z referatem w\u0119drowniczym. Rozkr\u0119cali\u015bmy Klub Ratowniczy Hufca Rod\u0142o &#8211; troch\u0119 si\u0119 dzia\u0142o. Mam otwart\u0105 pr&oacute;b\u0119 na podharcmistrza &#8211; ale teraz pr&oacute;ba b\u0119dzie musia\u0142a poczeka\u0107, tutaj si\u0119 nie da jej realizowa\u0107, wiesz, zadania zwi\u0105zane ze \u015brodowiskiem harcerskim, w jakim dot\u0105d pracowa\u0142em, a tutaj \u015brodowiska nie ma. Wi\u0119c i pr&oacute;by podharcmistrzowskiej nie ma.<br \/>\n<\/span><span style=\"font-size: 10pt; font-family: verdana,geneva\"><br \/>\n<strong>Miesi\u0119cznik Forbes napisa\u0142 o Irlandii, \u017ce to obecnie najlepszy kraj do \u017cycia.<br \/>\n<\/strong>Wyjecha\u0142em we wrze\u015bniu 2006 roku. Po tych kilku miesi\u0105cach w Irlandii widz\u0119, \u017ce \u017cycie w Polsce to troch\u0119 wegetacja. To przykre, ale to pierwsze s\u0142owo jakie mi si\u0119 nasuwa. Forbes napisa\u0142 \u017ce Irlandia to raj? \u017bartujesz? Ale nie dziwi\u0119 si\u0119, \u017ce tak napisali. Bo to prawda. Ale my chcemy ten raj sobie troch\u0119 poprawi\u0107. Dlatego ten e-mail.<br \/>\n<\/span><span style=\"font-size: 10pt; font-family: verdana,geneva\"><br \/>\n<strong>Powodem by\u0142y pieni\u0105dze?<br \/>\n<\/strong>Oczywi\u015bcie pieni\u0105dze. Taki pow&oacute;d wymienia statystycznie co dwudziesty Polak. Bo co dwudziesty jest ju\u017c poza Polsk\u0105. Ludzie nie widz\u0105 te\u017c dla siebie perspektyw w Polsce. Tutaj jest troch\u0119 inaczej. Pracuj\u0119 w biurze polskiej agencji po\u015brednictwa pracy, \u017cadne mycie naczy\u0144. Ca\u0142y czas jednak rozgl\u0105dam si\u0119 za inn\u0105 prac\u0105. Je\u015bli j\u0105 znajd\u0119, plany na przysz\u0142o\u015b\u0107 b\u0119d\u0119 lokalizowa\u0142 w\u0142a\u015bnie tutaj, w Irlandii. Nie wydaje mi si\u0119, bym wr&oacute;ci\u0142 wcze\u015bniej ni\u017c za 1,5 &#8211; 2 lata. Na pocz\u0105tku by\u0142o do\u015b\u0107 ci\u0119\u017cko, ale wiesz, wpad\u0142em na ma\u0142y fortel &ndash; to za czym t\u0119skni\u0119 \u015bci\u0105gam do siebie. A w\u0142a\u015bnie masz pozdrowienia od mojego male\u0144stwa tutaj.<\/span>\n<\/div>\n<div>\n<span style=\"font-size: 10pt; font-family: verdana,geneva\"><br \/>\n<strong>Wyjazd z Polski to koniec z harcerstwem? Wiedzia\u0142e\u015b o tym? Czy my\u015bla\u0142e\u015b, \u017ce jako\u015b si\u0119 uda?<br \/>\n<\/strong>Nie wiedzia\u0142em co my\u015ble\u0107. Zostawia\u0142em dru\u017cyn\u0119, referat, klub. Wszystko co robi\u0142em w harcerstwie odwiesza\u0142em na ko\u0142ek i nie wiedzia\u0142em, kiedy znowu si\u0119 za to zabior\u0119. W Polsce pewnie za rok czy dwa pewnie robi\u0142bym co\u015b wi\u0119cej &#8211; znaj\u0105c moje ambicje. Wyje\u017cd\u017ca\u0142em z my\u015bl\u0105, \u017ce kiedy\u015b tu wr&oacute;c\u0119. I wr&oacute;c\u0119 te\u017c do tego wszystkiego. Teraz nie wiem, ile by\u0142o w tym nadziei, a ile realnej kalkulacji. <br \/>\nJeszcze jednak w samolocie przysz\u0142o mi do g\u0142owy, \u017ce trzeba b\u0119dzie poszuka\u0107 harcerzy tutaj. Skoro jest tutaj tylu Polak&oacute;w to i w\u0119drownicy si\u0119 znajd\u0105. Ja ju\u017c w samolocie siedzia\u0142em z my\u015bl\u0105, \u017ce trzeba ich b\u0119dzie poszuka\u0107. Bo wiesz, harcerstwo jest w tobie.<br \/>\n<\/span>\n<\/div>\n<div>\n<span style=\"font-size: 10pt; font-family: verdana,geneva\"><br \/>\n<strong>Ale dobrze wiesz, \u017ce to truizm i troch\u0119 pusty slogan. Gdyby tak by\u0142o, nie szuka\u0142by\u015b innych, tylko to &bdquo;harcerstwo w sobie piel\u0119gnowa\u0142&rdquo;. A Wy z Anit\u0105 jednak zaczynacie szuka\u0107. Czego Wam brakuje?<br \/>\n<\/strong>Mi chyba najbardziej pracy z&nbsp; m\u0142odszymi, mo\u017cliwo\u015bci przekazywania wiedzy i umiej\u0119tno\u015bci dzieciakom. Widzisz &#8211; taka bardziej instruktorska potrzeba. <\/span>\n<\/div>\n<div>\n<span style=\"font-size: 10pt; font-family: verdana,geneva\"><br \/>\n<strong>To chyba b\u0119dzie trudne w Irlandii, bo tam wszyscy ju\u017c mocno w wieku w\u0119drowniczym?<br \/>\n<\/strong>Nie do ko\u0144ca. Przecie\u017c tutaj przyje\u017cd\u017caj\u0105 ca\u0142e rodziny, z ma\u0142ymi dzie\u0107mi. Te dzieci tu dorastaj\u0105. Ju\u017c teraz dzia\u0142a tutaj polska szko\u0142a. Zaczyna si\u0119 robi\u0107 dla nas miejsce.<br \/>\n<\/span>\n<\/div>\n<p><\/p>\n<div>\n<span style=\"font-size: 10pt; font-family: verdana,geneva\"><strong>Ale wsparcia grupy r&oacute;wie\u015bniczej potrzebujesz. Nie wierz\u0119, \u017ce kto\u015b zupe\u0142nie sam, poza harcerskim \u015brodowiskiem b\u0119dzie m&oacute;g\u0142 trzyma\u0107 kr\u0119gos\u0142up, kt&oacute;ry wyznacza w\u0119drownicza Watra. Przyjecha\u0142e\u015b tam zarabia\u0107. Czasem si\u0119 mo\u017ce nie chcie\u0107 trzyma\u0107 wyprostowanym.<br \/>\n<\/strong>Gdy ludzie zaczynaj\u0105 zarabia\u0107 wi\u0119cej, to rzeczywi\u015bcie co\u015b si\u0119 im niedobrego w g\u0142owach dzieje. Zmieniaj\u0105 si\u0119. Poza tym ka\u017cdy z nas zaczyna my\u015ble\u0107 o przysz\u0142o\u015bci i gdy tej przysz\u0142o\u015bci nie znajduje wok&oacute;\u0142 siebie, to szuka gdzie indziej. Wa\u017cne, by w czasie tego szukania nie zapomnia\u0142, jakimi drogami idzie. I b\u0119dzie w porz\u0105dku.<\/p>\n<p><\/span>\n<\/div>\n<div>\n<span style=\"font-size: 10pt; font-family: verdana,geneva\"><strong>Znowu troch\u0119 uciekasz z odpowiedzi\u0105. Pytam czy \u0142atwo jest by\u0107 w\u0119drownikiem w Irlandii? Co z s\u0142u\u017cb\u0105 tam?<\/strong><br \/>\nW\u0119drownik to cz\u0142owiek, kt&oacute;ry w\u0119druje w poszukiwaniu swojego pola s\u0142u\u017cby &#8211; kt&oacute;ry stara si\u0119 je znale\u017a\u0107. Je\u015bli traci jedno pole, szuka nast\u0119pnego, nie siedzi bezczynnie.<\/p>\n<p><\/span>\n<\/div>\n<div>\n<span style=\"font-size: 10pt; font-family: verdana,geneva\"><strong>Mirku, pytam o realia. Znam Kodeks W\u0119drowniczy, wiem co jest w nim napisane, ale pytam czy to si\u0119 da zrobi\u0107 na emigracji?<br \/>\n<\/strong>Mo\u017cna si\u0119 zg\u0142osi\u0107 do&nbsp;Armii Zbawienia, pomaga\u0107 w noclegowniach. Naprawd\u0119 jest tutaj co robi\u0107. Mo\u017cna s\u0142u\u017cb\u0119 pe\u0142ni\u0107 w swojej pracy.<br \/>\n<\/span><span style=\"font-size: 10pt; font-family: verdana,geneva\"><br \/>\n<strong>Ale jak\u0105 realn\u0105 mo\u017cliwo\u015b\u0107 ma w\u0119drownik tutaj, by wyj\u015b\u0107 na zewn\u0105trz, w ten &bdquo;kodeksowy&rdquo; \u015bwiat i zacz\u0105\u0107 dzia\u0142a\u0107. Za drzwiami jest przecie\u017c inna kultura, inny j\u0119zyk. Ile trzeba mie\u0107 determinacji, by si\u0119 za to zabra\u0107?<br \/>\n<\/strong>Kultura i j\u0119zyk nie s\u0105 problemem, bo Irlandczycy s\u0105 wyrozumiali i \u017cyczliwi. Trzeba si\u0119 przyzwyczai\u0107 do innych reali&oacute;w jakie rz\u0105dz\u0105 tutaj spo\u0142ecze\u0144stwem ale bez przesady, Irlandia jest o p&oacute;\u0142torej godziny lotu od Polski, to znowu nie taki Inny kraj. Jak kto\u015b chce, to mo\u017ce.<\/p>\n<p><\/span>\n<\/div>\n<div>\n<span style=\"font-size: 10pt; font-family: verdana,geneva\"><strong>No tak, ale ca\u0142y czas rozmawiamy na p\u0142aszczy\u017anie &#8211; &bdquo;jak kto\u015b jest silny, to sobie poradzi&rdquo;. A mnie interesuj\u0105 realia. Dlaczego szukacie innych harcerzy?&nbsp;<br \/>\n<\/strong>My\u015bl\u0119, \u017ce jest tak, \u017ce w\u0119drownik, kt&oacute;ry tutaj przyje\u017cd\u017ca z Polski, ma silny kr\u0119gos\u0142up warto\u015bci i du\u017c\u0105 determinacj\u0119 do dzia\u0142ania. To jest niesamowite i dopiero tutaj wida\u0107 naprawd\u0119, w co nas w\u0119drownictwo wyposa\u017cy\u0142o tam w Polsce. Ale \u017ceby o tym nie zapomnie\u0107 trzeba ca\u0142y czas dzia\u0142a\u0107. Chyba dlatego zacz\u0119li\u015bmy szuka\u0107. <br \/>\nBo z pierwszym dzia\u0142aniem pojawia si\u0119 pytanie, czy sobie w tym troch\u0119 innym \u015brodowisku poradzimy. I mn&oacute;stwo innych pyta\u0144. A odpowiedzi na nie \u0142atwiej szuka\u0107 w grupie, u bardziej do\u015bwiadczonych. <br \/>\nMy\u015bl\u0119, \u017ce pr\u0119dzej uda nam si\u0119 tutaj zrobi\u0107 co\u015b, gdy najpierw przedyskutujemy to w grupie. Sam bym o wiele d\u0142u\u017cej si\u0119 za to zabiera\u0142. Gdy jeste\u015b w grupie to tak jakby\u015b mia\u0142 kilka r\u0105k wi\u0119cej, czas nie ucieka ju\u017c tak bardzo.<\/span>\n<\/div>\n<div>\n<span style=\"font-size: 10pt; font-family: verdana,geneva\"><br \/>\n<strong>Kiedy zacz\u0119li\u015bcie szuka\u0107?<\/strong><br \/>\nCz\u0119sto rozmawia\u0142em z Anit\u0105, przy r&oacute;\u017cnych okazjach. Wysz\u0142o nam, \u017ce mamy tutaj trzy mo\u017cliwo\u015bci dzia\u0142ania. Pierwsz\u0105 z nich jest dzia\u0142anie jako ZHP Poza Granicami Kraju. Ale tutaj musieliby\u015bmy si\u0119 podszkoli\u0107 z irlandzkich przepis&oacute;w o stowarzyszeniach, tu\u0142a\u0107 si\u0119 po urz\u0119dach i za\u0142atwia\u0107 formalno\u015bci. Druga opcja to dzia\u0142anie wewn\u0105trz Irish Scouting, ale jako dru\u017cyny polonijne, trzecia to nieformalna grupa przyjaci&oacute;\u0142, kt&oacute;ra od czasu do czasu spotyka si\u0119 b\u0105d\u017a podejmuje jakich\u015b dzia\u0142a\u0144. Gdy b\u0119dzie nas wi\u0119cej rozwa\u017cymy, kt&oacute;ra z opcji jest najlepsza.<br \/>\n<\/span>\n<\/div>\n<div>\n<span style=\"font-size: 10pt; font-family: verdana,geneva\"><br \/>\n<strong>Ilu was jest w tej chwili?<br \/>\n<\/strong>Cztery osoby, w samym Dublinie i najbli\u017cszej okolicy. Ale dopiero zaczynamy promowa\u0107 przedsi\u0119wzi\u0119cie. Rozkleili\u015bmy plakaty przed polskimi sklepami, ko\u015bcio\u0142ami. Dali\u015bmy og\u0142oszenia do polonijnej prasy, na harcerskie portale. Czekamy na efekty. Korzenie ju\u017c mamy, teraz chcemy dotrze\u0107 do ka\u017cdego z li\u015bci. Bo wiesz, drzewo zaczyna rosn\u0105\u0107 w Irlandii, ale nasiona pochodz\u0105 z Polski.<br \/>\n<\/span>\n<\/div>\n<div>\n<span style=\"font-size: 10pt; font-family: verdana,geneva\"><\/p>\n<p><strong><img loading=\"lazy\" decoding=\"async\" style=\"width: 93px; height: 100px\" src=\"images\/stories\/filip.jpg\" border=\"1\" alt=\"Wybrany obraz\" hspace=\"5\" vspace=\"5\" width=\"93\" height=\"100\" align=\"left\" \/>pwd. Filip Springer &#8211; <\/strong>redaktor naczelny Na Tropie, szef zespo\u0142u promocji Wyprawy W\u0119drowniczej 2007, by\u0142y dru\u017cynowy 79 Pozna\u0144skiej Dru\u017cyny Harcerskiej &bdquo;Wilki&rdquo;. Dziennikarz i fotoreporter Polskiej Agencji Fotograf&oacute;w FORUM i G\u0142osu Wielkopolskiego.<\/span>\n<\/div>\n<p><\/p>\n<div>\n<span style=\"font-size: 10pt\"><br \/>\n<\/span>&nbsp;\n<\/div>\n<p>\n<\/span>\n<\/div>\n<\/div>\n<p><\/span><\/p>\n","protected":false},"excerpt":{"rendered":"<p>Mail przyszed\u0142 oko\u0142o po\u0142udnia. W niedziel\u0119. Podpisali si\u0119 pod nim Mirek i Anita. Obydwoje w Irlandii. On w Dublinie, ona w Naas. Taki pomys\u0142 maj\u0105. Bo przecie\u017c tam na pewno jest wi\u0119cej harcerzy. To czemu by ich nie poszuka\u0107.<\/p>\n","protected":false},"author":152,"featured_media":0,"comment_status":"open","ping_status":"open","sticky":false,"template":"","format":"standard","meta":{"_acf_changed":false,"_exactmetrics_skip_tracking":false,"_exactmetrics_sitenote_active":false,"_exactmetrics_sitenote_note":"","_exactmetrics_sitenote_category":0,"footnotes":""},"categories":[236],"tags":[],"class_list":["post-18017","post","type-post","status-publish","format-standard","hentry","category-archiwum-2"],"acf":{"attached_posts":null},"_links":{"self":[{"href":"https:\/\/natropie.zhp.pl\/index.php\/wp-json\/wp\/v2\/posts\/18017","targetHints":{"allow":["GET"]}}],"collection":[{"href":"https:\/\/natropie.zhp.pl\/index.php\/wp-json\/wp\/v2\/posts"}],"about":[{"href":"https:\/\/natropie.zhp.pl\/index.php\/wp-json\/wp\/v2\/types\/post"}],"author":[{"embeddable":true,"href":"https:\/\/natropie.zhp.pl\/index.php\/wp-json\/wp\/v2\/users\/152"}],"replies":[{"embeddable":true,"href":"https:\/\/natropie.zhp.pl\/index.php\/wp-json\/wp\/v2\/comments?post=18017"}],"version-history":[{"count":0,"href":"https:\/\/natropie.zhp.pl\/index.php\/wp-json\/wp\/v2\/posts\/18017\/revisions"}],"wp:attachment":[{"href":"https:\/\/natropie.zhp.pl\/index.php\/wp-json\/wp\/v2\/media?parent=18017"}],"wp:term":[{"taxonomy":"category","embeddable":true,"href":"https:\/\/natropie.zhp.pl\/index.php\/wp-json\/wp\/v2\/categories?post=18017"},{"taxonomy":"post_tag","embeddable":true,"href":"https:\/\/natropie.zhp.pl\/index.php\/wp-json\/wp\/v2\/tags?post=18017"}],"curies":[{"name":"wp","href":"https:\/\/api.w.org\/{rel}","templated":true}]}}