{"id":18018,"date":"2006-12-24T12:55:59","date_gmt":"2006-12-24T10:55:59","guid":{"rendered":"http:\/\/Z"},"modified":"2006-12-24T12:55:59","modified_gmt":"2006-12-24T10:55:59","slug":"gdzie-zaplonie-watra-3","status":"publish","type":"post","link":"https:\/\/natropie.zhp.pl\/index.php\/gdzie-zaplonie-watra-3\/","title":{"rendered":"Gdzie zap\u0142onie Watra?"},"content":{"rendered":"<div align=\"justify\">\n<span style=\"font-size: 10pt; font-family: verdana,geneva\"><strong><img loading=\"lazy\" decoding=\"async\" style=\"width: 75px; height: 94px\" src=\"images\/stories\/irlandia.jpg\" border=\"1\" alt=\"Wybrany obraz\" hspace=\"5\" vspace=\"5\" width=\"75\" height=\"94\" align=\"left\" \/>Zamiast biadoli\u0107 na &bdquo;Wielki Narodowy Dramat&rdquo;, trzeba zacz\u0105\u0107 dzia\u0142a\u0107.&nbsp; Dlatego ju\u017c w styczniu ruszamy z wielk\u0105 akcj\u0105 Watra P\u0142onie Wsz\u0119dzie skierowan\u0105 do w\u0119drownik&oacute;w znajduj\u0105cych si\u0119 na emigracji.<\/strong><\/span>\n<\/div>\n<p><!--more--><br \/><span style=\"font-size: 10pt; font-family: verdana,geneva\"><\/p>\n<div align=\"justify\">\n<div>\n<span style=\"font-size: 10pt; font-family: verdana,geneva\"><\/p>\n<div>\n<span style=\"font-size: 10pt; font-family: verdana,geneva\"><strong>pwd. Filip Springer<br \/>\n<\/strong><\/span>\n<\/div>\n<p><\/p>\n<div>\n<span style=\"font-size: 10pt; font-family: verdana,geneva\">Kiedy we wrze\u015bniu tego roku by\u0142em w Irlandii, spotka\u0142em si\u0119 z moimi przyjaci&oacute;\u0142mi ze studi&oacute;w. Dla archeolog&oacute;w Irlandia to prawdziwe eldorado, boom gospodarczy, mn&oacute;stwo inwestycji, budowa nowych dr&oacute;g. Zapotrzebowanie na ekspertyzy archeologiczne jest wi\u0119c ogromne. Mieszkaj\u0105 w male\u0144kim miasteczku Navan, kilkadziesi\u0105t kilometr&oacute;w od Dublina, wszyscy znaj\u0105 si\u0119 z Polski, ich przyja\u017a\u0144 w Irlandii sta\u0142a si\u0119 jeszcze silniejsza, wszak nikogo wok&oacute;\u0142 nie znaj\u0105, maj\u0105 siebie i to daje im si\u0142\u0119, bo czasem naprawd\u0119 jest ci\u0119\u017cko. <br \/>\n<\/span>\n<\/div>\n<div>\n<span style=\"font-size: 10pt; font-family: verdana,geneva\">Gdy z nimi w&oacute;wczas rozmawia\u0142em, wszyscy chwalili Irlandczyk&oacute;w za ich \u017cyczliwo\u015b\u0107, tolerancyjno\u015b\u0107 i ch\u0119\u0107 bezinteresownej pomocy. Sami Irlandczycy m&oacute;wili, <\/span><span style=\"font-size: 10pt; font-family: verdana,geneva\">\u017c<\/span><span style=\"font-size: 10pt; font-family: verdana,geneva\">e Polak&oacute;w rozumiej\u0105, historie obu narod&oacute;w s\u0105 bowiem bardzo podobne, mieszka\u0144cy Zielonej Wyspy jeszcze 20 lat temu masowo migrowali do Stan&oacute;w Zjednoczonych lub do Anglii w poszukiwaniu lepszej przysz\u0142o\u015bci. Teraz s\u0105 dumni ze swego kraju, chc\u0105 pom&oacute;c Polakom, by oni tak\u017ce mogli by\u0107 dumni.<br \/>\n<\/span><span style=\"font-size: 10pt; font-family: verdana,geneva\"><br \/>\nTylko z mojej dru\u017cyny w ci\u0105gu ostatnich dw&oacute;ch lat na Wyspy Brytyjskie wyjecha\u0142o 7 os&oacute;b. Cz\u0119\u015b\u0107 ju\u017c wr&oacute;ci\u0142a, cz\u0119\u015b\u0107 wraca\u0107 nie zamierza. Gdy w po\u0142owie grudnia na redakcyjne konto dotar\u0142 e-mail od Mirka Karczmarczyka i Anity Roguckiej-Kwa\u015bnik co\u015b mnie tkn\u0119\u0142o. Mirek i Anita szukaj\u0105 harcerzy w&nbsp; Irlandii, chc\u0105 by Na Tropie im w tym pomog\u0142o. Bo przecie\u017c w Zachodniej Europie s\u0105 tysi\u0105ce polskich harcerzy, cz\u0119sto odci\u0119ci od swoich macierzystych \u015brodowisk przestaj\u0105 my\u015ble\u0107 o w\u0119drowniczej watrze. I to jest prawdziwy dramat zar&oacute;wno dla nich, jak i dla naszej organizacji.<br \/>\n<\/span><span style=\"font-size: 10pt; font-family: verdana,geneva\"><br \/>\nDlatego redakcja Na Tropie pomo\u017ce Anicie i Mirkowi. Ale nie tylko im. Bo Watra P\u0142onie Wsz\u0119dzie. Ju\u017c w styczniu ruszy specjalny portal internetowy, na kt&oacute;rym ka\u017cdy harcerz znajduj\u0105cy si\u0119 obecnie na emigracji zarobkowej b\u0119dzie m&oacute;g\u0142 poszuka\u0107 innych harcerzy w swojej najbli\u017cszej okolicy. Chcemy umo\u017cliwi\u0107 Wam zawi\u0105zanie znajomo\u015bci, od Was ju\u017c b\u0119dzie zale\u017ca\u0142o co z tymi znajomo\u015bciami zrobicie. By\u0107 mo\u017ce sko\u0144czy si\u0119 tylko na wsp&oacute;lnej herbacie, mo\u017ce wyskoczycie razem w pobliskie g&oacute;ry na weekend. A mo\u017ce zaczniecie dzia\u0142a\u0107, zawi\u0105\u017cecie patrol zadaniowy. Wszystko zale\u017cy od Waszych potrzeb i mo\u017cliwo\u015bci.<br \/>\n<\/span><span style=\"font-size: 10pt; font-family: verdana,geneva\"><br \/>\nEmigracja zarobkowa to problem, z kt&oacute;rym Polska z pewno\u015bci\u0105 sobie w najbli\u017cszym czasie nie poradzi. Irlandczykom posz\u0142o \u0142atwiej, bo jest ich tylko 4 miliony, a ich kraj ma wielko\u015b\u0107 naszych dw&oacute;ch wojew&oacute;dztw. Dlatego zamiast biadoli\u0107 na nasz &bdquo;wielki narodowy dramat&rdquo;, trzeba zacz\u0105\u0107 dzia\u0142a\u0107, by Ci, co wyjechali, mogli rozwija\u0107 si\u0119 w my\u015bl w\u0119drowniczej idei tak\u017ce na obczy\u017anie. Watra mo\u017ce p\u0142on\u0105\u0107 wsz\u0119dzie. Liczymy na Wasz\u0105 pomoc.<br \/>\n<\/span><span style=\"font-size: 10pt; font-family: verdana,geneva\"><br \/>\n<strong><img loading=\"lazy\" decoding=\"async\" style=\"width: 93px; height: 100px\" src=\"images\/stories\/filip.jpg\" border=\"1\" alt=\"Wybrany obraz\" hspace=\"5\" vspace=\"5\" width=\"93\" height=\"100\" align=\"left\" \/>pwd. Filip Springer <\/strong>&#8211; redaktor naczelny Na Tropie, szef zespo\u0142u promocji Wyprawy W\u0119drowniczej 2007, by\u0142y dru\u017cynowy 79 Pozna\u0144skiej Dru\u017cyny Harcerskiej &bdquo;Wilki&rdquo;. Dziennikarz i fotoreporter Polskiej Agencji Fotograf&oacute;w FORUM i G\u0142osu Wielkopolskiego.<\/span>\n<\/div>\n<p><\/p>\n<div>\n<br \/>\n<span style=\"font-size: 10pt; font-family: verdana,geneva\">&nbsp;<\/span>\n<\/div>\n<p><\/p>\n<div>\n<span style=\"font-size: 10pt\"><br \/>\n<\/span>&nbsp;\n<\/div>\n<p>\n<\/span>\n<\/div>\n<\/div>\n<p><\/span><\/p>\n","protected":false},"excerpt":{"rendered":"<p>Zamiast biadoli\u0107 na &bdquo;Wielki Narodowy Dramat&rdquo;, trzeba zacz\u0105\u0107 dzia\u0142a\u0107.&nbsp; Dlatego ju\u017c w styczniu ruszamy z wielk\u0105 akcj\u0105 Watra P\u0142onie Wsz\u0119dzie skierowan\u0105 do w\u0119drownik&oacute;w znajduj\u0105cych si\u0119 na emigracji.<\/p>\n","protected":false},"author":152,"featured_media":0,"comment_status":"open","ping_status":"open","sticky":false,"template":"","format":"standard","meta":{"_acf_changed":false,"_exactmetrics_skip_tracking":false,"_exactmetrics_sitenote_active":false,"_exactmetrics_sitenote_note":"","_exactmetrics_sitenote_category":0,"footnotes":""},"categories":[236],"tags":[],"class_list":["post-18018","post","type-post","status-publish","format-standard","hentry","category-archiwum-2"],"acf":{"attached_posts":null},"_links":{"self":[{"href":"https:\/\/natropie.zhp.pl\/index.php\/wp-json\/wp\/v2\/posts\/18018","targetHints":{"allow":["GET"]}}],"collection":[{"href":"https:\/\/natropie.zhp.pl\/index.php\/wp-json\/wp\/v2\/posts"}],"about":[{"href":"https:\/\/natropie.zhp.pl\/index.php\/wp-json\/wp\/v2\/types\/post"}],"author":[{"embeddable":true,"href":"https:\/\/natropie.zhp.pl\/index.php\/wp-json\/wp\/v2\/users\/152"}],"replies":[{"embeddable":true,"href":"https:\/\/natropie.zhp.pl\/index.php\/wp-json\/wp\/v2\/comments?post=18018"}],"version-history":[{"count":0,"href":"https:\/\/natropie.zhp.pl\/index.php\/wp-json\/wp\/v2\/posts\/18018\/revisions"}],"wp:attachment":[{"href":"https:\/\/natropie.zhp.pl\/index.php\/wp-json\/wp\/v2\/media?parent=18018"}],"wp:term":[{"taxonomy":"category","embeddable":true,"href":"https:\/\/natropie.zhp.pl\/index.php\/wp-json\/wp\/v2\/categories?post=18018"},{"taxonomy":"post_tag","embeddable":true,"href":"https:\/\/natropie.zhp.pl\/index.php\/wp-json\/wp\/v2\/tags?post=18018"}],"curies":[{"name":"wp","href":"https:\/\/api.w.org\/{rel}","templated":true}]}}