{"id":18059,"date":"2007-01-28T22:36:17","date_gmt":"2007-01-28T20:36:17","guid":{"rendered":"http:\/\/natropie.zhp.pl\/index.php\/co-mowia-zuchy-3\/"},"modified":"2007-01-28T22:36:17","modified_gmt":"2007-01-28T20:36:17","slug":"co-mowia-zuchy-3","status":"publish","type":"post","link":"https:\/\/natropie.zhp.pl\/index.php\/co-mowia-zuchy-3\/","title":{"rendered":"Co m\u00f3wi\u0105 zuchy"},"content":{"rendered":"<p><strong><span style=\"FONT-SIZE: 10pt; FONT-FAMILY: Verdana\"><span style=\"COLOR: #000000\"><img loading=\"lazy\" decoding=\"async\" style=\"WIDTH: 132px; HEIGHT: 75px\" height=\"73\" alt=\"Przyk\u0142adowy obraz\" hspace=\"5\" src=\"images\/stories\/styczen2007\/tf_zuchy_2.jpg\" width=\"158\" align=\"left\" vspace=\"5\" border=\"1\" \/>Na obozie druhna wchodzi do namiotu, a tam zuch \u015bwieci latark\u0105 na spodnie . <\/span><\/span><\/strong><strong><span style=\"FONT-SIZE: 10pt; FONT-FAMILY: Verdana\"><span style=\"COLOR: #000000\">&#8211; <em>Co robisz?<\/em> &#8211; pyta druhna. <\/span><\/span><\/strong><strong><span style=\"FONT-SIZE: 10pt; FONT-FAMILY: Verdana\"><span style=\"COLOR: #000000\"><em>&#8211; Susz\u0119<\/em> &#8211; odpowiada niczym nie zdziwiony zuszek. <\/span><\/span><\/strong><strong><span style=\"FONT-SIZE: 10pt; FONT-FAMILY: Verdana\"><span style=\"COLOR: #000000\"><em>&#8211; A nie lepiej powiesi\u0107 na dworze?<\/em> &#8211; pyta rozbawiona druhna<em>.- No nie, tak szybciej wyschn\u0105!!!!<\/em><\/span><\/span><\/strong><\/p>\n<p><strong><span style=\"FONT-SIZE: 10pt; FONT-FAMILY: Verdana\"><span style=\"COLOR: #000000\"><\/span><\/span><\/strong><\/p>\n<p><!--more--><\/p>\n<p><strong><span style=\"FONT-SIZE: 10pt; FONT-FAMILY: Verdana\"><span style=\"COLOR: #000000\">Rumianek:<\/span><\/span><\/strong><span style=\"FONT-SIZE: 10pt; FONT-FAMILY: Verdana\"><span style=\"COLOR: #000000\"> A mo\u017ce za\u0142o\u017cymy taki w\u0105tek? \u015amieszne powiedzonka zuch&oacute;w. By\u0142o ich jak dot\u0105d do\u015b\u0107 du\u017co, ale te dwie mi najbardziej utkwi\u0142y:<\/p>\n<p>Wchodzi zuch Bartek po raz pierwszy do morza do wysoko\u015bci kostek&hellip;<br \/>B: Kurna druhno! Nie wiedzia\u0142em \u017ce ten Ba\u0142tyk taki p\u0142ytki! <\/span><\/span><\/p>\n<p><span style=\"FONT-SIZE: 10pt; FONT-FAMILY: Verdana\"><span style=\"COLOR: #000000\"><span style=\"COLOR: #000000\"><strong><span style=\"FONT-SIZE: 10pt; FONT-FAMILY: Verdana\">Pakus:<\/span><\/strong><span style=\"FONT-SIZE: 10pt; FONT-FAMILY: Verdana\"> Mnie powali\u0142o na \u0142opatki (zreszt\u0105 jak reszt\u0119 kadry kolonii), jak jechali\u015bmy poci\u0105giem do Jaros\u0142awca, dwie moje zuchenki przysz\u0142y do naszego przedzia\u0142u z pytaniem, czy mog\u0105 zadzwoni\u0107 do rodzic&oacute;w (odjechali\u015bmy 30 minut wcze\u015bniej). Ze spokojem w g\u0142osie odpowiadamy, \u017ce oczywi\u015bcie mog\u0105, z wielkim przekonaniem, \u017ce zaraz kt&oacute;ra\u015b wyci\u0105gnie kom&oacute;rk\u0119. I wtedy pada powa\u017cne pytanie &#8211; &quot;gdzie tu jest automat telefoniczny?&quot;. Dziewczynki naprawd\u0119 mia\u0142y karty telefoniczne w r\u0119kach ;] <\/span><\/span><\/span><\/span><\/p>\n<p><span style=\"FONT-SIZE: 10pt; FONT-FAMILY: Verdana\"><span style=\"COLOR: #000000\"><span style=\"COLOR: #000000\"><span style=\"FONT-SIZE: 10pt; FONT-FAMILY: Verdana\"><strong><span style=\"FONT-SIZE: 10pt; FONT-FAMILY: Verdana\"><span style=\"COLOR: #000000\">Peshoo: <\/span><\/span><\/strong><span style=\"FONT-SIZE: 10pt; FONT-FAMILY: Verdana\"><span style=\"COLOR: #000000\">ods\u0142uchane przez druha Piotra na zgrupowaniu w Krzeczkowie:<br \/><\/span><\/span><span style=\"FONT-SIZE: 10pt; FONT-FAMILY: Verdana\"><span style=\"COLOR: #000000\">Id\u0105 zuch i zuchenka:<img loading=\"lazy\" decoding=\"async\" style=\"WIDTH: 123px; HEIGHT: 139px\" height=\"139\" alt=\"Przyk\u0142adowy obraz\" hspace=\"8\" src=\"images\/stories\/styczen2007\/tf_zuchy_3.jpg\" width=\"123\" align=\"right\" vspace=\"6\" border=\"1\" \/><br \/>&#8211; Te, ile masz lat?&nbsp;&nbsp;&nbsp;&nbsp;&nbsp;&nbsp;&nbsp;&nbsp;&nbsp;&nbsp;&nbsp;&nbsp;&nbsp;&nbsp;&nbsp;&nbsp;&nbsp;&nbsp;&nbsp;&nbsp;&nbsp;&nbsp;&nbsp;&nbsp;&nbsp;&nbsp;&nbsp;&nbsp;&nbsp;&nbsp;&nbsp;&nbsp;&nbsp;&nbsp;&nbsp;&nbsp;&nbsp;&nbsp;&nbsp;&nbsp;&nbsp;&nbsp;&nbsp;&nbsp;&nbsp;&nbsp;&nbsp;&nbsp;&nbsp;&nbsp;&nbsp;&nbsp;&nbsp;&nbsp;&nbsp;&nbsp;&nbsp; <br \/>&#8211; 7!<br \/>&#8211; A ja 9!&nbsp;&nbsp;&nbsp;&nbsp;&nbsp;&nbsp;&nbsp;&nbsp;&nbsp;&nbsp;&nbsp;&nbsp;&nbsp;&nbsp;&nbsp;&nbsp;&nbsp;&nbsp;&nbsp;&nbsp;&nbsp;&nbsp;&nbsp;&nbsp;&nbsp;&nbsp;&nbsp;&nbsp;&nbsp;&nbsp;&nbsp;&nbsp;&nbsp;&nbsp;&nbsp;&nbsp;&nbsp;&nbsp;&nbsp;&nbsp;&nbsp;&nbsp;&nbsp;&nbsp;&nbsp;&nbsp;&nbsp;&nbsp;&nbsp;&nbsp;&nbsp;&nbsp;&nbsp;&nbsp;&nbsp;&nbsp;&nbsp;&nbsp;&nbsp;&nbsp;&nbsp;&nbsp;&nbsp;&nbsp;&nbsp;&nbsp;&nbsp;&nbsp;&nbsp;&nbsp; <br \/>&#8211; To jeste\u015b dwa lata ode mnie starszy.<br \/>&#8211; Nooo, dwa albo trzy&#8230; Nie chce mi si\u0119 liczy\u0107 matematyki&#8230;<br \/>Chwila ciszy.<br \/>&#8211; Kasiu, a zostaniesz moj\u0105 dziewczyn\u0105?<br \/>&#8211; Ale przecie\u017c Ola jest twoj\u0105 dziewczyn\u0105!<br \/>&#8211; Eeee, ja tam mog\u0119 mie\u0107 dwie&#8230; <\/span><\/span><\/span><\/span><\/span><\/span><span style=\"FONT-SIZE: 10pt; FONT-FAMILY: Verdana\"><span style=\"COLOR: #000000\"><span style=\"COLOR: #000000\"><span style=\"FONT-SIZE: 10pt; FONT-FAMILY: Verdana\"><span style=\"FONT-SIZE: 10pt; FONT-FAMILY: Verdana\"><span style=\"FONT-SIZE: 12px; COLOR: #000000\"><span style=\"COLOR: #000000\"><span style=\"FONT-SIZE: 12px\"><strong>Natalia:<\/strong> Ob&oacute;z, cisza poobiednia. Podchodzi do mnie jeden z zuszk&oacute;w i wyra\u017anie chce o cos zapyta\u0107, ale co\u015b mu przeszkadza, widz\u0119, ze st\u0105pa z nogi na nog\u0119, ale nadal nic nie m&oacute;wi i nagle p\u0142ynie pe\u0142en &quot;cierpienia&quot; potok s\u0142&oacute;w &quot;Druhno, bo mnie toaleta ci\u015bnie!!!&quot; <\/span><\/span><span style=\"COLOR: #000000\"><span style=\"FONT-SIZE: 12px\"><\/p>\n<p><span><span style=\"COLOR: #000000\"><strong>Siusiek:<\/strong><\/span><span style=\"COLOR: #000000\"> Zuchy robi\u0142y sprawno\u015b\u0107 policjanta. Przed p&oacute;j\u015bciem na posterunek druhna pyta si\u0119 zuch&oacute;w: co musi mie\u0107 prawdziwy policjant?<br \/>-Ptaka!- odpowiada jedna z zuchenek:) mo\u017ce chodzi\u0142o jej o koguta na dachu samochodu. <\/span><\/span><\/p>\n<p><\/span><\/span><\/p>\n<p style=\"FONT-SIZE: 12px\">&nbsp; <\/p>\n<p><strong>&nbsp;<\/strong><span><span style=\"COLOR: #000000\"><strong>Agatka:<\/strong> <\/span><span style=\"COLOR: #000000\">Na biwaku chodzili\u015bmy po w\u0105wozach i um\u0119czony chodzeniem jeden z zuch&oacute;w pyta:<br \/>&#8211; Druhno, a po co my w\u0142a\u015bciwie chodzimy po tych w\u0105wozach???<br \/>Komendantka biwaku nie zastanawiaj\u0105c si\u0119 chwili paln\u0119\u0142a z g\u0142upia frant:<br \/>&#8211; Bo tutaj sika\u0142 Ko\u015bciuszko (ona sama nie wie dlaczego tak powiedzia\u0142a).<br \/>Po chwili ten sam zuch pyta:<img loading=\"lazy\" decoding=\"async\" style=\"WIDTH: 113px; HEIGHT: 169px\" height=\"169\" alt=\"Przyk\u0142adowy obraz\" hspace=\"7\" src=\"images\/stories\/styczen2007\/tf_zuchy_4.jpg\" width=\"113\" align=\"right\" vspace=\"6\" border=\"1\" \/><br \/>&#8211; Druhno, a kto to w og&oacute;le by\u0142 Ko\u015bciuszko? <br \/>Arek jest teraz harcerzem i do tej pory ma ksywk\u0119 &quot;Ko\u015bciuszko&quot; <\/span><\/span><\/p>\n<p><span><span style=\"COLOR: #000000\"><br \/><\/span><\/span><span style=\"FONT-SIZE: 10pt; FONT-FAMILY: Verdana\"><span style=\"COLOR: #000000\"><span style=\"FONT-SIZE: 10pt; FONT-FAMILY: Verdana\"><span style=\"COLOR: #000000\">Jeden z zuch&oacute;w daj\u0105c mi Aviomarin m&oacute;wi mi, \u017ce ma chorob\u0119 &quot;lokomentacyjn\u0105&quot;<\/p>\n<p>Kiedy\u015b na wystawie o Powstaniu Warszawskim jak pani opowiada\u0142a, \u017ce harcerze uczestniczyli w powstaniu, jedna zuchenka patrz\u0105c na zdj\u0119cia pyta:<br \/>-Druhno, a czy druhna jest na tych zdj\u0119ciach??<br \/>R\u0119ce mi po prostu opad\u0142y.<\/span><\/span><\/span><\/span> <\/p>\n<p><span style=\"FONT-SIZE: 10pt; FONT-FAMILY: Verdana\"><span style=\"COLOR: #000000\"><span style=\"FONT-SIZE: 10pt; FONT-FAMILY: Verdana\"><span style=\"COLOR: #000000\"><strong><span style=\"FONT-SIZE: 10pt; FONT-FAMILY: Verdana\"><span style=\"COLOR: #000000\">Temat pod adresem: <\/span><\/span><\/strong><span><span style=\"COLOR: #000000\"><a href=\"http:\/\/www.forum.zhp.pl\/viewtopic.php?id=4129\"><strong>http:\/\/www.forum.zhp.pl\/viewtopic.php?id=4129<\/strong><\/a> <\/span><\/span><\/span><\/span><\/span><\/span><span style=\"FONT-SIZE: 10pt; FONT-FAMILY: Verdana\"><span style=\"COLOR: #000000\"><span style=\"FONT-SIZE: 10pt; FONT-FAMILY: Verdana\"><span style=\"COLOR: #000000\"><span><span style=\"COLOR: #000000\"><\/p>\n<p>&nbsp; <\/p>\n<p><\/span><\/span><\/p>\n<p>&nbsp; <\/p>\n<p>&nbsp; <\/p>\n<p><\/span><\/span><\/p>\n<p>&nbsp; <\/p>\n<p>&nbsp; <\/p>\n<p><\/span><\/span><\/span><\/span><\/span><\/span><\/span><\/span><\/p>\n<p>&nbsp; <\/p>\n<p>&nbsp; <\/p>\n<p>&nbsp; <\/p>\n<p><span style=\"FONT-SIZE: 10pt; FONT-FAMILY: Verdana\"><\/p>\n<p>&nbsp; <\/p>\n<p><\/span><\/p>\n<p>&nbsp; <\/p>\n<p>&nbsp; <\/p>\n<p>&nbsp; <\/p>\n<p><span style=\"FONT-SIZE: 10pt; FONT-FAMILY: Verdana\"><span style=\"COLOR: #000000\">Zebra\u0142 Piotr Zag&oacute;rski <\/span><\/span><span style=\"FONT-SIZE: 10pt; FONT-FAMILY: Verdana\"><span style=\"COLOR: #000000\"><\/p>\n<p>&nbsp; <\/p>\n<p><\/span><\/span><\/p>\n<p>&nbsp; <\/p>\n<p>&nbsp; <\/p>\n<p>&nbsp; <\/p>\n","protected":false},"excerpt":{"rendered":"<p>Na obozie druhna wchodzi do namiotu, a tam zuch \u015bwieci latark\u0105 na spodnie . &#8211; Co robisz? &#8211; pyta druhna. &#8211; Susz\u0119 &#8211; odpowiada niczym nie zdziwiony zuszek. &#8211; A nie lepiej powiesi\u0107 na dworze? &#8211; pyta rozbawiona druhna.- No nie, tak szybciej wyschn\u0105!!!!<\/p>\n","protected":false},"author":152,"featured_media":0,"comment_status":"open","ping_status":"open","sticky":false,"template":"","format":"standard","meta":{"_acf_changed":false,"_exactmetrics_skip_tracking":false,"_exactmetrics_sitenote_active":false,"_exactmetrics_sitenote_note":"","_exactmetrics_sitenote_category":0,"footnotes":""},"categories":[236],"tags":[],"class_list":["post-18059","post","type-post","status-publish","format-standard","hentry","category-archiwum-2"],"acf":{"attached_posts":null},"_links":{"self":[{"href":"https:\/\/natropie.zhp.pl\/index.php\/wp-json\/wp\/v2\/posts\/18059","targetHints":{"allow":["GET"]}}],"collection":[{"href":"https:\/\/natropie.zhp.pl\/index.php\/wp-json\/wp\/v2\/posts"}],"about":[{"href":"https:\/\/natropie.zhp.pl\/index.php\/wp-json\/wp\/v2\/types\/post"}],"author":[{"embeddable":true,"href":"https:\/\/natropie.zhp.pl\/index.php\/wp-json\/wp\/v2\/users\/152"}],"replies":[{"embeddable":true,"href":"https:\/\/natropie.zhp.pl\/index.php\/wp-json\/wp\/v2\/comments?post=18059"}],"version-history":[{"count":0,"href":"https:\/\/natropie.zhp.pl\/index.php\/wp-json\/wp\/v2\/posts\/18059\/revisions"}],"wp:attachment":[{"href":"https:\/\/natropie.zhp.pl\/index.php\/wp-json\/wp\/v2\/media?parent=18059"}],"wp:term":[{"taxonomy":"category","embeddable":true,"href":"https:\/\/natropie.zhp.pl\/index.php\/wp-json\/wp\/v2\/categories?post=18059"},{"taxonomy":"post_tag","embeddable":true,"href":"https:\/\/natropie.zhp.pl\/index.php\/wp-json\/wp\/v2\/tags?post=18059"}],"curies":[{"name":"wp","href":"https:\/\/api.w.org\/{rel}","templated":true}]}}