{"id":18076,"date":"2007-02-01T22:14:06","date_gmt":"2007-02-01T20:14:06","guid":{"rendered":"http:\/\/natropie.zhp.pl\/index.php\/prawdziwe-wyprawy-3\/"},"modified":"2007-02-01T22:14:06","modified_gmt":"2007-02-01T20:14:06","slug":"prawdziwe-wyprawy-3","status":"publish","type":"post","link":"https:\/\/natropie.zhp.pl\/index.php\/prawdziwe-wyprawy-3\/","title":{"rendered":"Prawdziwe Wyprawy"},"content":{"rendered":"<p align=\"justify\">\n<span style=\"font-size: 10pt; font-family: Verdana\"><strong><img loading=\"lazy\" decoding=\"async\" style=\"width: 123px; height: 87px\" src=\"images\/stories\/styczen2007\/WT_PW_.jpg\" border=\"1\" alt=\"Wybrany obraz\" hspace=\"5\" vspace=\"5\" width=\"123\" height=\"87\" align=\"left\" \/>Po 5 tysi\u0105cach kilometr&oacute;w wiesz, na co kogo sta\u0107, jakie kto ma s\u0142abo\u015bci, umiecie sobie z nimi radzi\u0107. I mimo, \u017ce chwilowo nie mo\u017cecie ju\u017c na siebie patrze\u0107 to wiesz te\u017c, \u017ce w tym samym sk\u0142adzie ruszycie w nast\u0119pn\u0105 podr&oacute;\u017c &ndash; o swoich do\u015bwiadczeniach opowiadaj\u0105 organizatorzy dw&oacute;ch najciekawszych wypraw w\u0119drowniczych 2006 roku.<\/strong><\/span>\n<\/p>\n<p><!--more--><\/p>\n<p align=\"justify\">\n&nbsp;\n<\/p>\n<p align=\"justify\">\n<span style=\"font-size: 10pt\"><strong>pwd. Filip Springer<\/strong><\/span>\n<\/p>\n<p>\n<span style=\"font-size: 10pt\">Wielka Wyprawa, podr&oacute;\u017c \u017cycia, nieosi\u0105galne na poz&oacute;r marzenie, kt&oacute;re dojrzewa w Tobie, kusi, w ko\u0144cu dajesz mu si\u0119 porwa\u0107. Droga jaka wiedzie do tego marzenia jest niezwykle trudna, ale to jej wspomnienie powoduje, \u017ce u kresu w\u0119dr&oacute;wki ka\u017cdy ju\u017c planuje nast\u0119pn\u0105. <br \/>\nPodj\u0119cie si\u0119 organizacji prawdziwej wyprawy to decyzja, kt&oacute;ra wp\u0142ywa na \u017cycie ca\u0142ej dru\u017cyny nie tylko w trakcie przygotowa\u0144 ale tak\u017ce po jej zako\u0144czeniu. <\/span>\n<\/p>\n<p>\n<span style=\"font-size: 10pt\"><strong>Ani grosza z w\u0142asnej kieszeni<\/strong><br \/>\n<em><img loading=\"lazy\" decoding=\"async\" style=\"width: 343px; height: 227px\" src=\"images\/stories\/styczen2007\/WT_PW_3.jpg\" border=\"1\" alt=\"Wybrany obraz\" hspace=\"5\" vspace=\"5\" width=\"343\" height=\"227\" align=\"right\" \/>&#8211; 5000 kilometr&oacute;w, 40 os&oacute;b, 18 ps&oacute;w zaprz\u0119gowych, 30 dni i ani grosza z w\u0142asnej kieszeni<\/em> &ndash; wylicza Darek Radko z 172 Dru\u017cyny Harcerskiej &bdquo;Czeneka&rdquo; z Koby\u0142ki. Latem 2006 roku postanowili przejecha\u0107 Polsk\u0119 &#8211; od g&oacute;r do morza. Rozpocz\u0119li w Ma\u0142opolsce &ndash; Krak&oacute;w, O\u015bwi\u0119cim, Cz\u0119stochowa, wspinaczka w Jurze. Potem Bory Tucholskie, Warmia, wreszcie wybrze\u017ce. Jechali samochodami, rowerami i poci\u0105gami, p\u0142yn\u0119li kajakami, szli pieszo, ale przede wszystkim jechali psimi zaprz\u0119gami <em>&ndash; By\u0142o lato, strasznie gor\u0105co, wi\u0119c psy mog\u0142y biec tylko w nocy. Wobec tego tak\u017ce i my jechali\u015bmy w nocy.<\/em> &ndash; wspomina Darek. Gdy rozmawiamy ja kilkakrotnie m&oacute;wi\u0119 s\u0142owo &bdquo;ob&oacute;z&rdquo;, on uprzejmie zwraca uwag\u0119, \u017ce to by\u0142a Wyprawa <em>&ndash; By\u0142o ci\u0119\u017cko, ale postanowili\u015bmy to zrobi\u0107, \u017ceby sprawdzi\u0107 si\u0119 przed prawdziwym wyzwaniem, jakim jest Wyprawa W\u0119drownicza 2007. Paradoksalnie w tym roku dystans pewnie b\u0119dzie mniejszy <\/em>&ndash; \u015bmieje si\u0119. W miar\u0119 jak opowiada czym by\u0142o ca\u0142e przedsi\u0119wzi\u0119cie, ja nabieram g\u0142\u0119bokiego przekonania, \u017ce s\u0142owo &bdquo;ob&oacute;z&rdquo; jest rzeczywi\u015bcie nie na miejscu.<br \/>\nPrzygotowania do eskapady trwa\u0142y kilka miesi\u0119cy <em>&ndash; Za\u0142o\u017cenie by\u0142o takie, by nikt z nas nie dok\u0142ada\u0142 do tego pieni\u0119dzy. Ca\u0142y projekt sfinansowali\u015bmy ze \u015brodk&oacute;w, kt&oacute;re pochodzi\u0142y z naszych akcji zarobkowych, od samorz\u0105du i kilku sponsor&oacute;w, z kt&oacute;rych najwi\u0119kszym by\u0142a sk\u0142adnica Trzy Pi&oacute;ra. I napisz to<\/em> &ndash; m&oacute;wi z naciskiem. <\/span>\n<\/p>\n<p>\n<span style=\"font-size: 10pt\"><strong><img loading=\"lazy\" decoding=\"async\" style=\"width: 320px; height: 228px\" src=\"images\/stories\/styczen2007\/WT_PW_4.jpg\" border=\"1\" alt=\"Wybrany obraz\" hspace=\"5\" vspace=\"5\" width=\"320\" height=\"228\" align=\"left\" \/>Nauczy\u0107 si\u0119 r\u0119kodzie\u0142a<\/strong><br \/>\n<em>&#8211; Pomys\u0142 przyszed\u0142 spontanicznie i w gruncie rzeczy sporo w tym prozy \u017cycia<\/em> &ndash; m&oacute;wi Gaba Paszkowska z 40 Warszawskiej Dru\u017cyny W\u0119drowniczek. <em>&ndash; Ot, w szkole us\u0142ysza\u0142am o prawdziwym &quot;kra\u0144cu \u015bwiata&rdquo;, Przyl\u0105dku Finisterre. Pomy\u015bla\u0142am, \u017ce by\u0142oby fajnie tam pojecha\u0107 z harcerkami. Wi\u0119c pojecha\u0142y\u015bmy.<\/em><br \/>\nWiosn\u0105 ubieg\u0142ego roku harcerski internet obieg\u0142a informacja, \u017ce kilka harcerek razem z w\u0142asnor\u0119cznie wykonanymi kolczykami sprzedaje kilometry, jakie dziel\u0105 je od tego kra\u0144ca \u015bwiata. Akcja by\u0142a banalna w swojej prostocie, idealnie czytelna i atrakcyjna. W kr&oacute;tkim czasie dziewczyny sprzeda\u0142y blisko 1000 par kolczyk&oacute;w. Ze \u015brodkami pozyskanymi z grantu wystarczy\u0142o na podr&oacute;\u017c \u017cycia. <em>&ndash; W ci\u0105gu kilkunastu dni przejecha\u0142y\u015bmy 1000 kilometr&oacute;w szlakiem &bdquo;Camino de Santiago&rdquo;, u kresu tej drogi czeka\u0142 na nas ocean<\/em> &ndash; wspomina Gaba. Jednocze\u015bnie dodaje, \u017ce wszystko, czego musia\u0142y si\u0119 nauczy\u0107, to troch\u0119 r\u0119kodzie\u0142a oraz&hellip; naprawiania rower&oacute;w <em>&ndash; Dziewczyny z regu\u0142y si\u0119 na tym nie znaj\u0105, jako\u015b musia\u0142y\u015bmy sobie radzi\u0107<\/em> &ndash; m&oacute;wi.<\/span>\n<\/p>\n<p>\n<span style=\"font-size: 10pt\"><strong>Pewni siebie<\/strong><br \/>\n<em><img loading=\"lazy\" decoding=\"async\" style=\"width: 345px; height: 235px\" src=\"images\/stories\/styczen2007\/WT_PW_1.jpg\" border=\"1\" alt=\"Wybrany obraz\" hspace=\"5\" vspace=\"5\" width=\"345\" height=\"235\" align=\"right\" \/>&#8211; Nie by\u0142o s\u0142abych ogniw<\/em> &ndash; m&oacute;wi z przekonaniem Darek. <em>&ndash; ka\u017cdy pracowa\u0142 na tyle, na ile by\u0142o go sta\u0107. Przedsi\u0119wzi\u0119cie by\u0142o naprawd\u0119 ogromne, wi\u0119c nie mogli\u015bmy sobie pozwoli\u0107 na lenistwo.<\/em> Jego zdaniem ka\u017cdy, kto by w zespole pr&oacute;bowa\u0142 cho\u0107 troch\u0119 \u015bciemnia\u0107, dosta\u0142by od reszty po przys\u0142owiowych uszach <em>&ndash; To by\u0142o 30 dni szybkiego przemieszczania si\u0119, braku snu i ci\u0119\u017ckiej pracy. Ale mieli\u015bmy ju\u017c za sob\u0105 intensywne obozy w\u0119drowne, podejmuj\u0105c decyzj\u0119 o organizacji wiedzieli\u015bmy, \u017ce damy rad\u0119.<br \/>\n<\/em>U dziewczyn z Warszawy by\u0142o troch\u0119 inaczej <em>&ndash; Cz\u0119\u015b\u0107 os&oacute;b by\u0142a bardziej zaanga\u017cowana, inni udzielali si\u0119 nieco mniej w czasie przygotowa\u0144. By\u0142o nas jednak raptem kilka os&oacute;b, trudno si\u0119 obija\u0107 w tak niewielkiej grupie<\/em>.<br \/>\nZar&oacute;wno Darek, jak i Gaba przyznaj\u0105, \u017ce podr&oacute;\u017c mia\u0142a decyduj\u0105ce znaczenie na nastawienie ich harcerzy <em>&ndash; To, \u017ce razem prze\u017cy\u0142y\u015bmy tak niesamowit\u0105 przygod\u0119 powoduje, \u017ce mamy do siebie wi\u0119ksze zaufanie, po dziewczynach wida\u0107, \u017ce maj\u0105 za sob\u0105 takie wielkie CO\u015a. <\/em>Darek nie umie przeceni\u0107 zysk&oacute;w z wyprawy <em>&#8211; Jeste\u015bmy siebie pewni. Tamta czterdziestka, kt&oacute;ra objecha\u0142a Polsk\u0119, we\u017amie te\u017c udzia\u0142 w podr&oacute;\u017cy do Wielkiej Brytanii. Jestem tego pewien.<\/em><\/span>\n<\/p>\n<p>\n<span style=\"font-size: 10pt\"><strong><img loading=\"lazy\" decoding=\"async\" style=\"width: 363px; height: 222px\" src=\"images\/stories\/styczen2007\/WT_PW_6.jpg\" border=\"1\" alt=\"Wybrany obraz\" hspace=\"5\" vspace=\"5\" width=\"363\" height=\"222\" align=\"left\" \/>Koniec jest pocz\u0105tkiem<\/strong><br \/>\nKres podr&oacute;\u017cy dla ka\u017cdego z nich by\u0142 pocz\u0105tkiem nast\u0119pnej. <em>&ndash; Cho\u0107 u nas koniec wyprawy by\u0142 naprawd\u0119 smutny. Zachorowa\u0142 nam jeden z ps&oacute;w, do ko\u0144ca nie dotrwa\u0142, zako\u0144czyli\u015bmy wi\u0119c eskapad\u0119 w niepe\u0142nym sk\u0142adzie, bo pies dla nas to cz\u0142onek dru\u017cyny. Smak sukcesu by\u0142 wi\u0119c gorzki<\/em> &ndash; m&oacute;wi Darek.<em> &ndash; Ale i tak wiemy, \u017ce by\u0142o warto, \u017ce ten wysi\u0142ek zaprocentuje.<br \/>\n&#8211; Jak to jest dojecha\u0107 na kraniec \u015bwiata i zasn\u0105\u0107 nad oceanem?<\/em> &ndash; Gaba nie umie odpowiedzie\u0107 po prostu <em>&ndash; Pewnie by\u015b chcia\u0142 us\u0142ysze\u0107, \u017ce napad\u0142a nas nostalgia? Troch\u0119 tak, ale najdziwniejsze by\u0142o to uczucie, kt&oacute;re mia\u0142y\u015bmy na pocz\u0105tku tej podr&oacute;\u017cy. Gdy wysiad\u0142y\u015bmy z samolotu w Madrycie pomy\u015bla\u0142am: kurcze, sprzeda\u0142y\u015bmy tylko troch\u0119 kolczyk&oacute;w, a jeste\u015bmy w Hiszpani! Potem my\u015bl o ko\u0144cu podr&oacute;\u017cy dawa\u0142a nam si\u0119 oswoi\u0107 podczas zbli\u017cania si\u0119 do oceanu.<\/em> Nie by\u0142o im smutno, to by\u0142a raczej ciekawo\u015b\u0107: co dalej?<br \/>\n<em>&#8211;&nbsp;I co dalej?<\/em> &ndash; pytam.<br \/>\n<em>&#8211; Nie wiem, mo\u017ce Australia, mo\u017ce Japonia. Co\u015b na pewno.<\/em><\/span>\n<\/p>\n<p>\n<span style=\"font-size: 10pt\"><strong><img loading=\"lazy\" decoding=\"async\" style=\"width: 69px\" src=\"images\/stories\/autorzy\/filip.jpg\" border=\"1\" alt=\"Wybrany obraz\" hspace=\"5\" vspace=\"5\" width=\"69\" height=\"73\" align=\"left\" \/>pwd. Filip Springer<\/strong> &#8211; redaktor naczelny Na Tropie, szef zespo\u0142u promocji Wyprawy W\u0119drowniczej 2007, by\u0142y dru\u017cynowy 79 Pozna\u0144skiej Dru\u017cyny Harcerskiej &bdquo;Wilki&rdquo;. Dziennikarz i fotoreporter Polskiej Agencji Fotograf&oacute;w FORUM i G\u0142osu Wielkopolskiego.<br \/>\n<\/span><\/p>\n","protected":false},"excerpt":{"rendered":"<p>Po 5 tysi\u0105cach kilometr&oacute;w wiesz, na co kogo sta\u0107, jakie kto ma s\u0142abo\u015bci, umiecie sobie z nimi radzi\u0107. I mimo, \u017ce chwilowo nie mo\u017cecie ju\u017c na siebie patrze\u0107 to wiesz te\u017c, \u017ce w tym samym sk\u0142adzie ruszycie w nast\u0119pn\u0105 podr&oacute;\u017c &ndash; o swoich do\u015bwiadczeniach opowiadaj\u0105 organizatorzy dw&oacute;ch najciekawszych wypraw w\u0119drowniczych 2006 roku.<\/p>\n","protected":false},"author":152,"featured_media":0,"comment_status":"open","ping_status":"open","sticky":false,"template":"","format":"standard","meta":{"_acf_changed":false,"_exactmetrics_skip_tracking":false,"_exactmetrics_sitenote_active":false,"_exactmetrics_sitenote_note":"","_exactmetrics_sitenote_category":0,"footnotes":""},"categories":[236],"tags":[],"class_list":["post-18076","post","type-post","status-publish","format-standard","hentry","category-archiwum-2"],"acf":{"attached_posts":null},"_links":{"self":[{"href":"https:\/\/natropie.zhp.pl\/index.php\/wp-json\/wp\/v2\/posts\/18076","targetHints":{"allow":["GET"]}}],"collection":[{"href":"https:\/\/natropie.zhp.pl\/index.php\/wp-json\/wp\/v2\/posts"}],"about":[{"href":"https:\/\/natropie.zhp.pl\/index.php\/wp-json\/wp\/v2\/types\/post"}],"author":[{"embeddable":true,"href":"https:\/\/natropie.zhp.pl\/index.php\/wp-json\/wp\/v2\/users\/152"}],"replies":[{"embeddable":true,"href":"https:\/\/natropie.zhp.pl\/index.php\/wp-json\/wp\/v2\/comments?post=18076"}],"version-history":[{"count":0,"href":"https:\/\/natropie.zhp.pl\/index.php\/wp-json\/wp\/v2\/posts\/18076\/revisions"}],"wp:attachment":[{"href":"https:\/\/natropie.zhp.pl\/index.php\/wp-json\/wp\/v2\/media?parent=18076"}],"wp:term":[{"taxonomy":"category","embeddable":true,"href":"https:\/\/natropie.zhp.pl\/index.php\/wp-json\/wp\/v2\/categories?post=18076"},{"taxonomy":"post_tag","embeddable":true,"href":"https:\/\/natropie.zhp.pl\/index.php\/wp-json\/wp\/v2\/tags?post=18076"}],"curies":[{"name":"wp","href":"https:\/\/api.w.org\/{rel}","templated":true}]}}