{"id":18095,"date":"2007-03-01T00:32:49","date_gmt":"2007-02-28T22:32:49","guid":{"rendered":"http:\/\/&nbsp;"},"modified":"2007-03-01T00:32:49","modified_gmt":"2007-02-28T22:32:49","slug":"na-szlak-na-szlak-na-czarny-szlak-3","status":"publish","type":"post","link":"https:\/\/natropie.zhp.pl\/index.php\/na-szlak-na-szlak-na-czarny-szlak-3\/","title":{"rendered":"Na szlak, na szlak! Na Czarny Szlak!"},"content":{"rendered":"<div align=\"justify\"><img loading=\"lazy\" decoding=\"async\" width=\"124\" vspace=\"7\" hspace=\"7\" height=\"82\" border=\"2\" align=\"left\" alt=\"czarny\" src=\"\/images\/stories\/marzec2007\/czarny.jpg\" name=\"view_imagefiles\" \/><\/div>\n<div align=\"justify\">&nbsp;<\/div>\n<div align=\"justify\"><span style=\"font-size: 10pt;\"><font face=\"Verdana\"><strong>Ma\u0142o jest imprez tylko dla w\u0119drownik&oacute;w. Ma\u0142o jest dobrych imprez dla w\u0119drownik&oacute;w. Ma\u0142o jest dobrych imprez w og&oacute;le. To jest i dobra impreza, i w\u0119drownicza, i w og&oacute;le.<\/strong> <\/font><\/span><\/div>\n<div align=\"justify\"><span style=\"font-size: 10pt;\"><font face=\"Verdana\"><\/font><\/span><\/div>\n<div align=\"justify\"><span style=\"font-size: 10pt;\"><font face=\"Verdana\"><br \/><\/font><\/span><\/div>\n<p align=\"justify\">&nbsp; <\/p>\n<p><!--more--><\/p>\n<div align=\"justify\"><span style=\"font-size: 10pt;\"><font face=\"Verdana\"><\/font><\/span><\/div>\n<div align=\"justify\"><span style=\"font-size: 10pt;\"><font face=\"Verdana\"><strong>phm. Jakub Juszy\u0144ski<\/strong><\/font><\/span><\/div>\n<div align=\"justify\">&nbsp;<\/div>\n<div align=\"justify\"><span style=\"font-size: 10pt;\"><font face=\"Verdana\"><strong><\/strong><\/font><\/span><\/div>\n<div align=\"justify\"><span style=\"font-size: 10pt;\"><font face=\"Verdana\"><\/font><\/span><\/div>\n<div align=\"justify\"><span style=\"font-size: 10pt;\"><font face=\"Verdana\">To ju\u017c trzeci &bdquo;Czarny Szlak&quot; &#8211; a jeszcze niedawno nikt o takim rajdzie nie s\u0142ysza\u0142. Aby tradycji sta\u0142o si\u0119 zado\u015b\u0107 postanowi\u0142em wzi\u0105\u0107 udzia\u0142 tak\u017ce w tej edycji. Tym razem zmiana &#8211; by\u0142em wraz z patrolem. Pi\u0105tkowy poranek &#8211; III Czarny Szlak czas by\u0142o zacz\u0105\u0107. <\/font><\/span><\/div>\n<p><span style=\"font-size: 10pt;\"><strong>Jak w pi\u0105tek, to w pi\u0105tek!<\/strong> <\/span><\/p>\n<div align=\"justify\"><span style=\"font-size: 10pt;\"><font face=\"Verdana\">Ju\u017c przed rajdem organizatorzy sprawili niespodziank\u0119. Rajd, dot\u0105d rozpoczynaj\u0105cy si\u0119 w pi\u0105tkowy wiecz&oacute;r, tym razem trwa\u0142 od samego rana. Szybk<\/font><\/span><img loading=\"lazy\" decoding=\"async\" width=\"267\" vspace=\"7\" hspace=\"7\" height=\"220\" border=\"1\" align=\"right\" alt=\"Przyk&amp;lstrok;adowy obraz\" src=\"..\/..\/..\/..\/images\/stories\/marzec2007\/NTW_czsz1.jpg\" name=\"view_imagefiles\" \/><span style=\"font-size: 10pt;\"><font face=\"Verdana\">ie form<\/font><\/span><span style=\"font-size: 10pt;\"><font face=\"Verdana\">alno\u015bci na starcie i mo\u017cna by\u0142o ruszy\u0107, by &bdquo;znale\u017a\u0107 swoj\u0105 drog\u0119&quot;. Zadanie ciekawe, daj\u0105ce du\u017ce mo\u017cliwo\u015bci manewru dla wi\u0119kszo\u015bci os&oacute;b okaza\u0142o si\u0119 szans\u0105 poznania Kielc i okolic od troch\u0119 innej strony. Mo\u017ce &bdquo;wizualne sprawozdania&quot; z przebiegu w\u0119dr&oacute;wek nie do ko\u0144ca zaciekawi\u0142y uczestnik&oacute;w, ale to na pewno zm\u0119czenie po<\/font><\/span><span style=\"font-size: 10pt;\"><font face=\"Verdana\"> w\u0119dr&oacute;wce da\u0142o zna\u0107 o sobie. Wiecz&oacute;r up\u0142ywa\u0142 pod znakiem specjalno\u015bci. Prezentacje przygotowane w ramach zadania przedrajdowego cieszy\u0142y si\u0119 ju\u017c wi\u0119kszym zainteresowaniem, by\u0107 mo\u017ce dlatego, \u017ce by\u0142y zr&oacute;\u017cnicowane zar&oacute;wno pod w<\/font><\/span><span style=\"font-size: 10pt;\"><font face=\"Verdana\">zgl\u0119dem formy, jak i&nbsp; tre\u015bci. By\u0142 to interesuj\u0105cy wst\u0119p do dyskusji na temat specjalno\u015bci w ZHP. Moim zdaniem by\u0142 to dobry pomys\u0142, jednak forma jego przeprowadzenia i pora dnia s\u0142abo sprzyja\u0142y wymianie pogl\u0105d&oacute;w. Mimo braku aktywno\u015bci u wi\u0119kszej cz\u0119\u015bci uczestnik&oacute;w w g\u0142owach wielu s\u0142uchaczy pojawi\u0142y si\u0119 nowe pomys\u0142y i przem<\/font><\/span><span style=\"font-size: 10pt;\"><font face=\"Verdana\">y\u015blenia. A<\/font><\/span><span style=\"font-size: 10pt;\"><font face=\"Verdana\"> jak wcze\u015bnie, to wcze\u015bnie!<\/font><\/span><\/div>\n<div align=\"justify\"><span style=\"font-size: 10pt;\"><font face=\"Verdana\">Podczas losowania trafili\u015bmy, \u017ce startujemy <\/font><\/span><span style=\"font-size: 10pt;\"><font face=\"Verdana\">drugiego dnia <\/font><\/span><span style=\"font-size: 10pt;\"><font face=\"Verdana\">o 7:10. W sum<\/font><\/span><span style=\"font-size: 10pt;\"><font face=\"Verdana\">ie dla studenta to prawie \u015brodek nocy, ale pomy\u015bla\u0142em, \u017ce nie ma tego z\u0142ego, co by na dobre nie wysz\u0142o. Nie myli\u0142em si\u0119. Po deszczowo-\u015bniegowych do\u015bwiadczeniach dnia pierwszego poranek powita\u0142 nas pi\u0119knym wschodem s\u0142o\u0144ca i bezchmurnym niebem, co niestety odbi\u0142o si\u0119 na temperaturze &#8211; mr&oacute;z trzyma\u0142. Trasa w\u0119dr&oacute;wki przebiega\u0142a zar&oacute;wno szlakami jak i rzadziej terenami zabudowanymi. P\u0142ynnie przechodz\u0105c z jednego krajobrazu w drugi pokonywali\u015bmy wraz z patrolem kolejne punkty ko<\/font><\/span><span style=\"font-size: 10pt;\"><font face=\"Verdana\">ntrolne. Dob&oacute;r trasy by\u0142 bardzo trafiony. Ukazywa\u0142a ona zar&oacute;wno ducha naszych niewysokich, ale jak\u017ce tajemniczych i urokliwych g&oacute;r, jak i elementy z czas&oacute;w \u015bwietno\u015bci Staropolskiego Okr\u0119gu Przemys\u0142owego. Ciekawym prze\u017cyciem dla wielu os&oacute;b mog\u0142a by\u0107 wspinaczka po \u015bcianie z litego piaskowca lub &bdquo;\u015bcie\u017cka zdrowia&quot;, na kt&oacute;rej w &bdquo;s\u0142oniach&quot; pokonywa\u0142o si\u0119 niecodzienny tor przeszk&oacute;d. <\/font><\/span><\/div>\n<p align=\"justify\"><span style=\"font-size: 10pt;\"><strong>Nie tylko pseudo-commando!<\/strong> <\/span><\/p>\n<div align=\"justify\"><img loading=\"lazy\" decoding=\"async\" width=\"225\" vspace=\"7\" hspace=\"7\" height=\"296\" border=\"1\" align=\"left\" alt=\"Czarny szlak\" src=\"\/images\/stories\/marzec2007\/NTW_czsz2.jpg\" name=\"view_imagefiles\" \/><span style=\"font-size: 10pt;\"><font face=\"Verdana\">We wspomnieniach uczestnik&oacute;w na pewno pozostanie jednak punkt, na kt&oacute;rym przy ciep\u0142ej herbacie patrole dzielnie malowa\u0142y szklanki. Spok&oacute;j i harmonia tego miejsca bardzo szybko jednak ulotni\u0142y si\u0119 z nas, gdy podczas drugiego etapu punktu uczestnicy grali w rzutki. Nie by\u0142oby w tym nic dziwnego gdyby nie to, \u017ce tarcza zawieszona by\u0142a w autobusie i tam te\u017c odbywa\u0142a si\u0119 ca\u0142a rozgrywka. Jako \u017ce drogi we wsiach s\u0105 w\u0105skie i kr\u0119te trafienie do celu podczas jazdy niekt&oacute;rym przysporzy\u0142o nie lada k\u0142opot&oacute;w. P&oacute;\u017aniejsza wizyta w remizie, gdzie w kombinezonach stra\u017cackich uczestnicy wykonywali r&oacute;\u017cne zadania oraz znajduj\u0105cy si\u0119 tu\u017c obok punkt medyczny by\u0142y ostatni\u0105 znan\u0105 nam cz\u0119\u015bci\u0105 trasy. Na tym etapie po wr\u0119czeniu map przez organizator&oacute;w wyruszyli\u015bmy na INO, kt&oacute;rego punkty rozmieszczone by\u0142y w lesie dziel\u0105cym nas od miejsca noclegu. Startowali\u015bmy jako drudzy i jako drudzy dotarli\u015bmy te\u017c na met\u0119. Niestety byli\u015bmy jednym z niewielu patroli, kt&oacute;re uko\u0144czy\u0142y INO. Ciemno\u015b\u0107 wygra\u0142a i reszta ekip dotar\u0142a do szko\u0142y prosto z remizy. My\u015bl\u0105 przewodni\u0105 biegu jak i ca\u0142ego rajdu by\u0142y ponownie specjalno\u015bci. Ka\u017cdy z punkt&oacute;w odpowiada\u0142 kt&oacute;rej\u015b ze specjalno\u015bci, dzi\u0119ki czemu uczestnicy mogli chocia\u017c w ma\u0142ej cz\u0119\u015bci zasmakowa\u0107 niekt&oacute;rych z nich.<br \/><\/font><\/span><\/div>\n<p align=\"justify\"><span style=\"font-size: 10pt;\"><strong>Koniec zmaga\u0144, nie koniec emocji<\/strong>. <\/span><\/p>\n<div align=\"justify\"><span style=\"font-size: 10pt;\"><font face=\"Verdana\">Jedzenie, mycie, odpoczynek &#8211; standardowy obrazek podsumowuj\u0105cy powr&oacute;t z w\u0119dr&oacute;wki. Bardzo smaczne posi\u0142ki przyrz\u0105dzone przez cz\u0119\u015b\u0107 sztabu zajmuj\u0105c\u0105 si\u0119 kuchni\u0105 wzmocni\u0142y u\u015bmiech na twarzach strudzonych w\u0119drowc&oacute;w. Podczas wieczornego koncertu zespo\u0142u FOK wszyscy zapomnieli o zm\u0119czeniu i bawili si\u0119 przy rytmach piosenek \u017ceglarskich i poezji \u015bpiewanej. Zabawa nie sko\u0144czy\u0142a si\u0119 wraz z koncertem. Trwa\u0142a nadal w mniejszych ju\u017c grupach i r&oacute;\u017cnych miejscach. Nagrody. Dla wszystkich. <\/font><\/span><\/div>\n<div align=\"justify\"><span style=\"font-size: 10pt;\"><font face=\"Verdana\">Niedzielny poranek &#8211; pakowanie, sprz\u0105tanie i szykowanie si\u0119 do apelu. Nie wszyscy zostali do ko\u0144ca, niekt&oacute;rych wzgl\u0119dy transportowe zmusi\u0142y do wcze\u015bniejszego opuszczenia bazy. Zwyci\u0119skim patrolem okaza\u0142a si\u0119 ekipa z Wroc\u0142awia, lecz tak jak obieca\u0142a komenda, nikt nie wyjecha\u0142 z pustymi r\u0119kami. Nie oby\u0142o si\u0119 tak\u017ce bez nagr&oacute;d dla samych organizator&oacute;w. Komenda za organizacj\u0119 rajdu otrzyma\u0142a czerwone plakietki, kt&oacute;re oznaczaj\u0105 status Ogniomistrz&oacute;w na wortalu www.wedrownictwo.zhp.pl. Po symbolicznej wymianie&#8230; szklanek wszyscy powoli udali si\u0119 w swoj\u0105 stron\u0119. <br \/><\/font><\/span><\/div>\n<div align=\"justify\"><span style=\"font-size: 10pt;\"><font face=\"Verdana\">W\u015br&oacute;d w\u0105skiego grona imprez przeznaczonych tylko dla w\u0119drownik&oacute;w &bdquo;Czarny Szlak&quot; wyznacza pewien poziom dla rajd&oacute;w organizowanych w zimie. Ciekawi ludzie, interesuj\u0105ce miejsca i&nbsp; zaanga\u017cowanie organizator&oacute;w sprawiaj\u0105, \u017ce ch\u0119tnie chce si\u0119 przyjecha\u0107 ponownie.<br \/><\/font><\/span><\/div>\n<p align=\"justify\">&nbsp; <\/p>\n<div align=\"justify\"><span style=\"font-size: 10pt;\"><font face=\"Verdana\"><strong>phm. Jakub Juszy\u0144ski<\/strong> &#8211; dru\u017cynowy 85 Kieleckiej Dru\u017cyny W\u0119drowniczej, wsp&oacute;\u0142pracownik Zespo\u0142u W\u0119drowniczego WM GK ZHP, administrator wortalu <\/font><\/span><a target=\"_blank\" href=\"https:\/\/natropie.zhp.pl\/mambots\/editors\/fckeditor\/editor\/www.wedrownictwo.zhp.pl\" title=\"Zesp\u00f3\u0142 W\u0119drowniczy\"><span style=\"font-size: 10pt;\">www.wedrownictwo.zhp.pl<\/span><\/a><span style=\"font-size: 10pt;\"><font face=\"Verdana\">, instruktor hufcowego ZKK. Student geografii na Akademii \u015awi\u0119tokrzyskiej.<\/font><\/span><\/div>\n","protected":false},"excerpt":{"rendered":"<p>&nbsp; Ma\u0142o jest imprez tylko dla w\u0119drownik&oacute;w. Ma\u0142o jest dobrych imprez dla w\u0119drownik&oacute;w. Ma\u0142o jest dobrych imprez w og&oacute;le. To jest i dobra impreza, i w\u0119drownicza, i w og&oacute;le. &nbsp;<\/p>\n","protected":false},"author":152,"featured_media":0,"comment_status":"open","ping_status":"open","sticky":false,"template":"","format":"standard","meta":{"_acf_changed":false,"_exactmetrics_skip_tracking":false,"_exactmetrics_sitenote_active":false,"_exactmetrics_sitenote_note":"","_exactmetrics_sitenote_category":0,"footnotes":""},"categories":[236],"tags":[],"class_list":["post-18095","post","type-post","status-publish","format-standard","hentry","category-archiwum-2"],"acf":{"attached_posts":null},"_links":{"self":[{"href":"https:\/\/natropie.zhp.pl\/index.php\/wp-json\/wp\/v2\/posts\/18095","targetHints":{"allow":["GET"]}}],"collection":[{"href":"https:\/\/natropie.zhp.pl\/index.php\/wp-json\/wp\/v2\/posts"}],"about":[{"href":"https:\/\/natropie.zhp.pl\/index.php\/wp-json\/wp\/v2\/types\/post"}],"author":[{"embeddable":true,"href":"https:\/\/natropie.zhp.pl\/index.php\/wp-json\/wp\/v2\/users\/152"}],"replies":[{"embeddable":true,"href":"https:\/\/natropie.zhp.pl\/index.php\/wp-json\/wp\/v2\/comments?post=18095"}],"version-history":[{"count":0,"href":"https:\/\/natropie.zhp.pl\/index.php\/wp-json\/wp\/v2\/posts\/18095\/revisions"}],"wp:attachment":[{"href":"https:\/\/natropie.zhp.pl\/index.php\/wp-json\/wp\/v2\/media?parent=18095"}],"wp:term":[{"taxonomy":"category","embeddable":true,"href":"https:\/\/natropie.zhp.pl\/index.php\/wp-json\/wp\/v2\/categories?post=18095"},{"taxonomy":"post_tag","embeddable":true,"href":"https:\/\/natropie.zhp.pl\/index.php\/wp-json\/wp\/v2\/tags?post=18095"}],"curies":[{"name":"wp","href":"https:\/\/api.w.org\/{rel}","templated":true}]}}