{"id":18096,"date":"2007-03-01T00:48:01","date_gmt":"2007-02-28T22:48:01","guid":{"rendered":"http:\/\/Wdniu9-11ma"},"modified":"2007-03-01T00:48:01","modified_gmt":"2007-02-28T22:48:01","slug":"juz-po-sesji-a-akademicy-nadal-sie-ucza-3","status":"publish","type":"post","link":"https:\/\/natropie.zhp.pl\/index.php\/juz-po-sesji-a-akademicy-nadal-sie-ucza-3\/","title":{"rendered":"Ju\u017c po sesji, a akademicy nadal si\u0119 ucz\u0105"},"content":{"rendered":"<p align=\"justify\"><span style=\"font-size: 10pt; font-family: Verdana;\"><strong><img decoding=\"async\" width=\"100\" vspace=\"5\" hspace=\"5\" border=\"1\" align=\"left\" alt=\"Wybrany obraz\" src=\"https:\/\/natropie.zhp.pl\/images\/stories\/akad1.jpg\" name=\"view_imagelist\" \/>W dniu 9-11 marca br. odb\u0119d\u0105 si\u0119 w Warszawie Warsztaty metodyczne dla harcerzy akademik&oacute;w. Szkolenie obejmuje dwa stopnie &ndash; pierwszy, stricte w\u0119drowniczy, oraz drugi &ndash; dla komend kr\u0119g&oacute;w akademickich.<\/strong><\/span>&nbsp;<span style=\"font-size: 10pt; font-family: Verdana;\"><span>&nbsp;&nbsp;&nbsp;&nbsp;&nbsp;&nbsp;&nbsp;&nbsp; <\/span><\/span><\/p>\n<p align=\"justify\"><span style=\"font-size: 10pt; font-family: Verdana;\"><\/span><\/p>\n<p><!--more--><br \/><span style=\"font-size: 10pt; font-family: Verdana;\">Za szkolenie odpowiada Zesp&oacute;\u0142 Harcerstwa Akademickiego w osobach: hm. Mariusz Le\u0144czuk (komendant), phm. Maria Le\u0144czuk, pwd. Maciej Czechowski oraz pwd. Justyna Piwko. <\/span><\/p>\n<p align=\"justify\"><span style=\"font-size: 10pt; font-family: Verdana;\">Termin zg\u0142osze\u0144 up\u0142ywa wraz z ko\u0144cem lutego. Koszt to 20 z\u0142. Uczestnikiem mo\u017ce zosta\u0107 ka\u017cdy, kto jest tzw. akademikiem, oraz posiada wiedz\u0119 z zakresu podstawowych dokument&oacute;w ZHP, metody, czy metodyki. Dodatkowym wymaganiem dla drugiego stopnia jest bycie cz\u0142onkiem Rady Kr\u0119gu. Zg\u0142asza\u0107 si\u0119 mo\u017cna m.in. do dh. Ma\u0107ka [gajusz83@o2.pl], kt&oacute;ry odpowiada\u0107 b\u0119dzie za zakwaterowanie uczestnik&oacute;w. <\/span><span style=\"font-size: 10pt; font-family: Verdana;\">&nbsp;<\/span> <\/p>\n<p align=\"justify\"><span style=\"font-size: 10pt; font-family: Verdana;\">Opr&oacute;cz zaj\u0119\u0107 programowych, du\u017cej dawki kofeiny i cukru, organizatorzy zapewniaj\u0105 r&oacute;wnie\u017c nocn\u0105 rozrywk\u0119, szczeg&oacute;\u0142&oacute;w za\u015b jeszcze nie zdradzaj\u0105.<\/span> <\/p>\n<p align=\"justify\"><span style=\"font-size: 10pt; font-family: Verdana;\">Pierwsze zaj\u0119cia startuj\u0105 w pi\u0105tek, 9 marca o godz. 19, odpowiednio dla ka\u017cdego stopnia. Zaj\u0119cia b\u0119d\u0105 odbywa\u0107 si\u0119 w siedzibie Hufca ZHP Warszawa Centrum, przy ul. Ho\u017cej <\/span><span style=\"font-size: 10pt; font-family: Verdana;\">57, a<\/span><span style=\"font-size: 10pt; font-family: Verdana;\"> tak\u017ce w GK ZHP (adres powszechnie znany), zakwaterowanie r&oacute;wnie\u017c w siedzibie hufca.<\/span> <\/p>\n<p align=\"justify\" class=\"MsoNormal\" style=\"text-indent: 35.4pt; text-align: justify;\">&nbsp; <\/p>\n<p align=\"justify\"><span style=\"font-size: 10pt; font-family: Verdana;\">Zapraszamy!<\/span> <\/p>\n<p align=\"justify\" class=\"MsoNormal\" style=\"text-indent: 35.4pt; text-align: justify;\">&nbsp; <\/p>\n<p align=\"justify\" class=\"MsoNormal\" style=\"text-indent: 35.4pt; text-align: justify;\">&nbsp; <\/p>\n<p align=\"justify\" class=\"MsoNormal\" style=\"text-indent: 35.4pt; text-align: justify;\">&nbsp; <\/p>\n<p align=\"justify\" class=\"MsoNormal\" style=\"text-align: justify;\"><img loading=\"lazy\" decoding=\"async\" width=\"79\" vspace=\"7\" hspace=\"7\" height=\"91\" border=\"1\" align=\"left\" name=\"view_imagefiles\" src=\"\/images\/stories\/autorzy\/karolina_krakowska.jpg\" alt=\"Przyk&amp;lstrok;adowy obraz\" \/><\/p>\n<p align=\"justify\" class=\"MsoNormal\" style=\"text-align: justify;\">&nbsp;<\/p>\n<p align=\"justify\" class=\"MsoNormal\" style=\"text-align: justify;\"><strong><span style=\"font-size: 10pt; font-family: Verdana;\">sam. Karolina Krakowska<\/span><\/strong><span style=\"font-size: 10pt; font-family: Verdana;\"> &ndash; akademik z WGKA &bdquo;Carpe Noctum&rdquo;, a ponadto 21 WDW &bdquo;Stare \u017bbiki&rdquo;, a tak\u017ce 333 PDW &bdquo;Pod pr\u0105d&rdquo;. Wychowana w Hufcu ZHP W\u0119gr&oacute;w. Zadeklarowana bia\u0142orusofilka, studentka europeistyki w CE UW.<\/span> <\/p>\n<p class=\"MsoNormal\" style=\"text-indent: 35.4pt; text-align: justify;\">&nbsp; <\/p>\n","protected":false},"excerpt":{"rendered":"<p>W dniu 9-11 marca br. odb\u0119d\u0105 si\u0119 w Warszawie Warsztaty metodyczne dla harcerzy akademik&oacute;w. Szkolenie obejmuje dwa stopnie &ndash; pierwszy, stricte w\u0119drowniczy, oraz drugi &ndash; dla komend kr\u0119g&oacute;w akademickich.&nbsp;&nbsp;&nbsp;&nbsp;&nbsp;&nbsp;&nbsp;&nbsp;&nbsp;<\/p>\n","protected":false},"author":152,"featured_media":0,"comment_status":"open","ping_status":"open","sticky":false,"template":"","format":"standard","meta":{"_acf_changed":false,"_exactmetrics_skip_tracking":false,"_exactmetrics_sitenote_active":false,"_exactmetrics_sitenote_note":"","_exactmetrics_sitenote_category":0,"footnotes":""},"categories":[236],"tags":[],"class_list":["post-18096","post","type-post","status-publish","format-standard","hentry","category-archiwum-2"],"acf":{"attached_posts":null},"_links":{"self":[{"href":"https:\/\/natropie.zhp.pl\/index.php\/wp-json\/wp\/v2\/posts\/18096","targetHints":{"allow":["GET"]}}],"collection":[{"href":"https:\/\/natropie.zhp.pl\/index.php\/wp-json\/wp\/v2\/posts"}],"about":[{"href":"https:\/\/natropie.zhp.pl\/index.php\/wp-json\/wp\/v2\/types\/post"}],"author":[{"embeddable":true,"href":"https:\/\/natropie.zhp.pl\/index.php\/wp-json\/wp\/v2\/users\/152"}],"replies":[{"embeddable":true,"href":"https:\/\/natropie.zhp.pl\/index.php\/wp-json\/wp\/v2\/comments?post=18096"}],"version-history":[{"count":0,"href":"https:\/\/natropie.zhp.pl\/index.php\/wp-json\/wp\/v2\/posts\/18096\/revisions"}],"wp:attachment":[{"href":"https:\/\/natropie.zhp.pl\/index.php\/wp-json\/wp\/v2\/media?parent=18096"}],"wp:term":[{"taxonomy":"category","embeddable":true,"href":"https:\/\/natropie.zhp.pl\/index.php\/wp-json\/wp\/v2\/categories?post=18096"},{"taxonomy":"post_tag","embeddable":true,"href":"https:\/\/natropie.zhp.pl\/index.php\/wp-json\/wp\/v2\/tags?post=18096"}],"curies":[{"name":"wp","href":"https:\/\/api.w.org\/{rel}","templated":true}]}}