{"id":18106,"date":"2007-03-01T00:06:19","date_gmt":"2007-02-28T22:06:19","guid":{"rendered":"http:\/\/natropie.zhp.pl\/index.php\/400-kilometrow-wedrowki-3\/"},"modified":"2007-03-01T00:06:19","modified_gmt":"2007-02-28T22:06:19","slug":"400-kilometrow-wedrowki-3","status":"publish","type":"post","link":"https:\/\/natropie.zhp.pl\/index.php\/400-kilometrow-wedrowki-3\/","title":{"rendered":"400 kilometr\u00f3w w\u0119dr\u00f3wki"},"content":{"rendered":"<div align=\"justify\"><img loading=\"lazy\" decoding=\"async\" style=\"width: 121px; height: 94px\" src=\"\/images\/stories\/marzec2007\/SW_400km.jpg\" border=\"1\" alt=\"400km\" hspace=\"7\" vspace=\"7\" width=\"121\" height=\"94\" align=\"left\" \/><\/div>\n<div align=\"justify\"><font face=\"Verdana\"><font size=\"2\"><strong>W kontek\u015bcie aktualnego numeru,&nbsp;kt&oacute;rego tematem&nbsp; jest wyczyn, chcia\u0142bym przybli\u017cy\u0107 Wam, jak wyczyny harcerskie wygl\u0105da\u0142y w przesz\u0142o\u015bci. Je\u015bli my\u015blicie, \u017ce wyczyny dru\u017cyn przedwojennych by\u0142y marne, zapewniam Was, mylicie si\u0119 .<\/strong><\/font><\/font><\/div>\n<p><!--more--><\/p>\n<div align=\"justify\"><font face=\"Verdana\" size=\"2\"><\/font><\/div>\n<div align=\"justify\"><font face=\"Verdana\" size=\"2\"><strong>Dominik Fabisiak<\/strong><\/font><\/div>\n<div align=\"justify\"><\/div>\n<div align=\"justify\"><font face=\"Verdana\" size=\"2\">Historia harcerstwa od samego swojego pocz\u0105tku jest zapisana kartami wspania\u0142ych wyczyn&oacute;w, kt&oacute;re wyry\u0142y sw&oacute;j trwa\u0142y \u015blad. Czytaj\u0105c dzi\u015b o tych wyczynach, mo\u017cemy by\u0107 do\u015b\u0107 zaszokowani ich rozmachem. Czy Wy byliby\u015bcie gotowi do tego, \u017ceby trasa Waszego obozu w\u0119drownego liczy\u0142a sobie ponad 400 km od Wielkopolski, a\u017c po samo Morze Ba\u0142tyckie? <\/font><\/div>\n<div align=\"justify\"><\/div>\n<div align=\"justify\"><font face=\"Verdana\" size=\"2\">Latem 1920 roku 3 Kaliska Dru\u017cyna Harcerzy im. H. Sienkiewicza odby\u0142a pierwszy w dziejach kaliskiego harcerstwa ob&oacute;z w\u0119drowny.&nbsp; Harcerzom z 3 KDH przyszed\u0142 na my\u015bl pomys\u0142 obozu w\u0119drownego po Kujawach i Pomorzu. Trasa wiod\u0142a kaliskich harcerzy przez Wrze\u015bni\u0119, Gniezno, Bydgoszcz, Toru\u0144, Che\u0142mno, \u015awiecie, Bory Tucholskie, Chojnice, Wejherowo, Puck &#8211; a\u017c do ostatecznego celu w\u0119dr&oacute;wki, jakim by\u0142 Hel. Harcmistrz Zenon \u017babicki, komendant obozu, opisuje to radosne w\u0119drowanie na kartach swojego pami\u0119tnika w takich oto s\u0142owach:<br \/><\/font><\/div>\n<div align=\"justify\"><font face=\"Verdana\"><font size=\"2\"><em>&ldquo;&#8230;Wsz\u0119dzie przyjmowano nas z nadzwyczajn\u0105 serdeczno\u015bci\u0105 i wsz\u0119dzie, gdzie nasza pie\u015b\u0144 harcerska rozbrzmiewa\u0142a, wylegano z dom&oacute;w, w polach przerywano prac\u0119.(&#8230;) Takie zbratanie serc i dusz harcerzy znad Prosny z ludem Bor&oacute;w Tucholskich odbywa\u0142o si\u0119 w jakim\u015b podnios\u0142ym nastroju i przeci\u0105ga\u0142o si\u0119 nieraz do p&oacute;\u017anej nocy. (&#8230;) Dotarli\u015bmy do Pucka, odnosz\u0105c niezapomniane wra\u017cenie bezmiaru naszych w&oacute;d ba\u0142tyckich, po kt&oacute;rych nazajutrz sun\u0105\u0142 z nami kuter rybacki, ko\u0142ysany morsk\u0105 fal\u0105 i podmuchem zachodniego wiatru. Dop\u0142yn\u0119li\u015bmy do Helu, by z jego p&oacute;\u0142nocnej strony, jak okiem si\u0119gn\u0105\u0107 by\u0142o mo\u017cna podziwia\u0107 bezmiar sinych w&oacute;d morskich, zlewaj\u0105cych si\u0119 gdzie\u015b na dalekim widnokr\u0119gu z szafirem pogodnego nieba&#8230;&rdquo;<\/em> <\/font><\/font><\/div>\n<div align=\"justify\"><\/div>\n<div align=\"justify\"><font face=\"Verdana\" size=\"2\">Druhowie z 3 KDH starannie przygotowywali si\u0119 do wyprawy. Zaplanowali dok\u0142adnie tras\u0119 swojej w\u0119dr&oacute;wki na bardzo d\u0142ugo przed wyruszeniem. Nie musieli martwi\u0107 si\u0119 o noclegi, poniewa\u017c w tamtych czasach mieszka\u0144cy wsi niekiedy z dum\u0105 go\u015bcili w swoich miejscowo\u015bciach w\u0119druj\u0105cych harcerzy. Nie zapominajmy jednakowo\u017c o tym, \u017ce w&oacute;wczas Polska toczy\u0142a krwaw\u0105 batali\u0119 z Armi\u0105 Czerwon\u0105, oraz \u017ce ob&oacute;z toczy\u0142 si\u0119 w tle tych\u017ce wydarze\u0144. <\/font><\/div>\n<div align=\"justify\"><\/div>\n<div align=\"justify\"><font face=\"Verdana\" size=\"2\">Nie by\u0142 to wcale jedyny taki wyczyn przedwojennych kaliskich harcerzy. W 1933 roku wsp&oacute;lna reprezentacja 6 Kaliskiej Dru\u017cyny Harcerzy im. Adama Mickiewicza i 3 KDH im. H. Sienkiewicza wyruszy\u0142a zn&oacute;w w piesz\u0105 w\u0119dr&oacute;wk\u0119, aby dotrze\u0107 do G&ouml;d&ouml;ll&ouml;, na W\u0119grzech, gdzie mieli wzi\u0105\u0107 udzia\u0142 w IV \u015awiatowym Jamboree, na kt&oacute;rym go\u015bci\u0142 w&oacute;wczas gen. Robert Baden-Powell. Harcerze 3 i 6 KDH zostali uroczy\u015bcie po\u017cegnani przez w\u0142adze Miasta w czerwcu 1933 roku. Nie przebyli ca\u0142o\u015bci trasy pieszo, poniewa\u017c odleg\u0142o\u015bci dziel\u0105ce Kalisz i G&ouml;d&ouml;ll&ouml; by\u0142y na to zbyt du\u017ce. Druhowie przebyli oko\u0142o 700 km pieszo z ca\u0142o\u015bci swojej w\u0119dr&oacute;wki. <\/font><\/div>\n<div align=\"justify\"><\/div>\n<div align=\"justify\"><font face=\"Verdana\" size=\"2\">Kaliscy harcerze na Jamboreee w G&ouml;d&ouml;ll&ouml; wyst\u0105pili w ludowych kaliskich strojach, prezentuj\u0105c wraz z harcerkami z \u0141odzi polskie ta\u0144ce narodowe na Defiladzie Narod&oacute;w podczas Ceremonii Otwarcia.&nbsp;W trakcie&nbsp;Dnia Polskiego&nbsp; na IV Jamboree, Bi-Pi, wraz ze swoj\u0105 ma\u0142\u017conk\u0105, osobi\u015bcie odwiedzi\u0142 ob&oacute;z polski. Genera\u0142 opr&oacute;cz ta\u0144c&oacute;w ludowych w wykonaniu kaliskich harcerzy ujrza\u0142 tak\u017ce pokaz szybowniczy. Baden-Powell, b\u0119d\u0105c pod wra\u017ceniem polskich harcerzy, wypowiedzia\u0142 nast\u0119puj\u0105ce s\u0142owa:<br \/><\/font><\/div>\n<div align=\"justify\"><font face=\"Verdana\" size=\"2\">&ldquo;Jeste\u015bcie niezr&oacute;wnani w obozownictwie, w pokazach zbiorowych, w ta\u0144cach, kt&oacute;re inni ju\u017c na\u015bladuj\u0105. Teraz jeszcze do\u0142\u0105czy\u0142y si\u0119 szybowce, kt&oacute;rymi pos\u0142ugujecie si\u0119 naprawd\u0119 bezkonkurencyjnie. Mam nadziej\u0119, \u017ce zebrana tu m\u0142odzie\u017c nauczy si\u0119 jeszcze wiele od was&#8230;&rdquo; <\/font><\/div>\n<div align=\"justify\"><\/div>\n<div align=\"justify\"><font face=\"Verdana\" size=\"2\">Harcerze z 6 i 3 KDH wr&oacute;cili do dom&oacute;w z poczuciem dobrze spe\u0142nionego zadania, przepe\u0142nieni rado\u015bci\u0105, i\u017c w sukcesie polskiej wyprawy na Jamboree mieli r&oacute;wnie\u017c sw&oacute;j wielki udzia\u0142. W wyniku II Wojny \u015awiatowej wyczyn harcerski zosta\u0142 poddany bardzo ci\u0119\u017ckiej pr&oacute;bie. 11 Lutego 1942 roku w Warszawie phm. Maciej A. Dawidowski, znany jako Alek postanowi\u0142 dokona\u0107 karko\u0142omnej w tamtych czasach rzeczy. Zaplanowa\u0142 zdj\u0119cie niemieckiej tablicy z pomnika Miko\u0142aja Kopernika na oczach patroluj\u0105cej miasto niemieckiej policji. Alek zaplanowa\u0142 dokonanie tej akcji z ogromnym nara\u017ceniem swojego \u017cycia. Wyczyn ten doskonale opisuje Aleksander Kami\u0144ski w &ldquo;Kamieniach na szaniec&rdquo;: <\/font><\/div>\n<div align=\"justify\"><font face=\"Verdana\"><font size=\"2\"><em>&ldquo;Po zaj\u0119ciu Warszawy w pa\u017adzierniku 1939, niemieckie w\u0142adze okupacyjne nakaza\u0142y zas\u0142oni\u0119cie umieszczonej na cokole pomnika tablicy: &quot;Miko\u0142ajowi Kopernikowi &ndash; Rodacy&quot;. Na niej pojawi\u0142a si\u0119 (przykr\u0119cona czterema \u015brubami) nowa tablica: &quot;Dem Grossen Astronomen&quot;, maj\u0105ca \u015bwiadczy\u0107 o niemieckim pochodzeniu Kopernika. &quot;Alek&quot;, przygotowuj\u0105c si\u0119 do akcji zdj\u0119cia niemieckiej tablicy, postanowi\u0142 sprawdzi\u0107 jak mocno zaci\u015bni\u0119te s\u0105 mutry mocuj\u0105ce. Przed wyga\u015bni\u0119ciem godziny policyjnej wskoczy\u0142 na cok&oacute;\u0142 pomnika i ku swemu zaskoczeniu stwierdzi\u0142, \u017ce nakr\u0119tki mo\u017cna odkr\u0119ci\u0107 r\u0119k\u0105! Postanowi\u0142 dzia\u0142a\u0107 natychmiast; bez ubezpieczenia i z du\u017cym nara\u017ceniem (kilkadziesi\u0105t metr&oacute;w od pomnika, przy Krakowskim Przedmie\u015bciu 1, znajdowa\u0142 si\u0119 gmach Komendy Policji z wystawionym zewn\u0119trznym posterunkiem) &quot;Alek&quot; kochaj\u0105cy ryzyko ostro\u017cnie odkr\u0119ci\u0142 wszystkie mutry i zdj\u0105\u0142 ci\u0119\u017ck\u0105 tablic\u0119, kt&oacute;r\u0105 nast\u0119pnie przeci\u0105gn\u0105\u0142 chodnikiem pod arkadami Pa\u0142acu Staszica i ukry\u0142 w \u015bniegu zalegaj\u0105cym poblisk\u0105 uliczk\u0119.<\/em>&rdquo; <\/font><\/font><\/div>\n<p><font size=\"2\">Podobnych jak wyczyn Alka, by\u0142o w historii wojennego harcerstwa wiele. Kwintesencj\u0105 ich sta\u0142a si\u0119 s\u0142ynna, niemal\u017ce legendarna Akcja pod Arsena\u0142em&#8230;&nbsp; <\/font><\/p>\n<div align=\"justify\"><font face=\"Verdana\" size=\"2\">Konkluduj\u0105c, wyczyn na przestrzeni lat, dekad, nigdy nie by\u0142 czym\u015b prostym, \u0142atwym ani przyjemnym. Wyczyn pcha nas do tego, aby\u015bmy wychodzili w \u015bwiat. To wyczyn nierzadko jest motorem naszych harcerskich dzia\u0142a\u0144, ch\u0119ci sprawdzenia si\u0119, naszych si\u0142 i mo\u017cliwo\u015bci. Chcia\u0142bym, \u017ceby wyczyny wsp&oacute;\u0142czesnych harcerzy, w\u0119drownik&oacute;w, by\u0142y zbli\u017cone do tych, kt&oacute;re uda\u0142o mi si\u0119 tutaj opisa\u0107. Tego Wam wszystkim Druhny i Druhowie \u017cycz\u0119. <\/font><\/div>\n<div align=\"justify\"><font face=\"Verdana\" size=\"2\">&nbsp;&nbsp; <\/font><\/div>\n<div align=\"justify\"><font face=\"Verdana\" size=\"2\"><img loading=\"lazy\" decoding=\"async\" style=\"width: 77px; height: 80px\" src=\"images\/stories\/autorzy\/dono.jpg\" border=\"1\" alt=\"\" width=\"77\" height=\"80\" align=\"le\nft\" \/><span style=\"font-size: 8pt\"><span style=\"font-size: 10pt\"><strong>Dominik Fabisiak<\/strong> &#8211; p.o. dru\u017cynowego 44 Kaliskiej Dru\u017cyny Harcerskiej &quot;B\u0142yskawica&quot;. Cz\u0142onek Harcerskiego Klubu Specjalno\u015bciowego &quot;Sami z Siebie&quot;. Ucze\u0144 drugiej klasy V Liceum Og&oacute;lnokszta\u0142c\u0105cego w Kaliszu. Zapalony obie\u017cy\u015bwiat i mi\u0142o\u015bnik g&oacute;r.<\/span><\/span> <\/font><\/div>\n","protected":false},"excerpt":{"rendered":"<p>W kontek\u015bcie aktualnego numeru,&nbsp;kt&oacute;rego tematem&nbsp; jest wyczyn, chcia\u0142bym przybli\u017cy\u0107 Wam, jak wyczyny harcerskie wygl\u0105da\u0142y w przesz\u0142o\u015bci. Je\u015bli my\u015blicie, \u017ce wyczyny dru\u017cyn przedwojennych by\u0142y marne, zapewniam Was, mylicie si\u0119 .<\/p>\n","protected":false},"author":152,"featured_media":0,"comment_status":"open","ping_status":"open","sticky":false,"template":"","format":"standard","meta":{"_acf_changed":false,"_exactmetrics_skip_tracking":false,"_exactmetrics_sitenote_active":false,"_exactmetrics_sitenote_note":"","_exactmetrics_sitenote_category":0,"footnotes":""},"categories":[236],"tags":[],"class_list":["post-18106","post","type-post","status-publish","format-standard","hentry","category-archiwum-2"],"acf":{"attached_posts":null},"_links":{"self":[{"href":"https:\/\/natropie.zhp.pl\/index.php\/wp-json\/wp\/v2\/posts\/18106","targetHints":{"allow":["GET"]}}],"collection":[{"href":"https:\/\/natropie.zhp.pl\/index.php\/wp-json\/wp\/v2\/posts"}],"about":[{"href":"https:\/\/natropie.zhp.pl\/index.php\/wp-json\/wp\/v2\/types\/post"}],"author":[{"embeddable":true,"href":"https:\/\/natropie.zhp.pl\/index.php\/wp-json\/wp\/v2\/users\/152"}],"replies":[{"embeddable":true,"href":"https:\/\/natropie.zhp.pl\/index.php\/wp-json\/wp\/v2\/comments?post=18106"}],"version-history":[{"count":0,"href":"https:\/\/natropie.zhp.pl\/index.php\/wp-json\/wp\/v2\/posts\/18106\/revisions"}],"wp:attachment":[{"href":"https:\/\/natropie.zhp.pl\/index.php\/wp-json\/wp\/v2\/media?parent=18106"}],"wp:term":[{"taxonomy":"category","embeddable":true,"href":"https:\/\/natropie.zhp.pl\/index.php\/wp-json\/wp\/v2\/categories?post=18106"},{"taxonomy":"post_tag","embeddable":true,"href":"https:\/\/natropie.zhp.pl\/index.php\/wp-json\/wp\/v2\/tags?post=18106"}],"curies":[{"name":"wp","href":"https:\/\/api.w.org\/{rel}","templated":true}]}}