{"id":18107,"date":"2007-03-01T00:37:17","date_gmt":"2007-02-28T22:37:17","guid":{"rendered":"http:\/\/natropie.zhp.pl\/index.php\/lala-ksiazka-gadana-3\/"},"modified":"2007-03-01T00:37:17","modified_gmt":"2007-02-28T22:37:17","slug":"lala-ksiazka-gadana-3","status":"publish","type":"post","link":"https:\/\/natropie.zhp.pl\/index.php\/lala-ksiazka-gadana-3\/","title":{"rendered":"Lala &#8211; ksi\u0105\u017cka gadana"},"content":{"rendered":"<p class=\"MsoNormal\" style=\"text-align: justify;\"><img decoding=\"async\" width=\"100\" vspace=\"7\" hspace=\"7\" border=\"1\" align=\"left\" name=\"view_imagefiles\" src=\"\/images\/stories\/marzec2007\/GP_lala.jpg\" alt=\"Przyk&amp;lstrok;adowy obraz\" \/><\/p>\n<p class=\"MsoNormal\" style=\"text-align: justify;\">&nbsp;<\/p>\n<p align=\"left\" class=\"MsoNormal\" style=\"text-align: justify;\"><strong><span style=\"font-size: 10pt; font-family: Verdana;\">&#8211; Znacie&hellip; &#8211; zaczyna babcia.<br \/><\/span><\/strong><strong><span style=\"font-size: 10pt; font-family: Verdana;\">&#8211; Znamy. Na pami\u0119\u0107 &ndash; odpowiadamy z oczywist\u0105 bezsilno\u015bci\u0105.<br \/>&#8211; Znacie? No to pos\u0142uchajcie.<\/span><\/strong><\/p>\n<p><!--more--><\/p>\n<p class=\"MsoNormal\" style=\"text-align: justify;\"><span style=\"font-size: 10pt; font-family: Verdana;\"><\/span><\/p>\n<p class=\"MsoNormal\" style=\"text-align: justify;\"><span style=\"font-size: 10pt; font-family: Verdana;\"><strong>phm. Monika Marks<\/strong><\/span><\/p>\n<p class=\"MsoNormal\" style=\"text-align: justify;\"><span style=\"font-size: 10pt; font-family: Verdana;\">Trafi\u0142a w moje r\u0119ce, cho\u0107 pocz\u0105tkowo wcale nie mia\u0142am na ni\u0105 ochoty. Ka\u015bka zdradzi\u0142a si\u0119 kiedy\u015b, \u017ce chcia\u0142aby przeczyta\u0107 co\u015b Dehnela. Podejrzewam nawet, \u017ce zrobi\u0142a to celowo, bo zbli\u017ca\u0142y si\u0119 jej urodziny. Zamierzony efekt osi\u0105gn\u0119\u0142a &ndash; w dniu urodzin sta\u0142a si\u0119 szcz\u0119\u015bliw\u0105 posiadaczk\u0105 &bdquo;Lali&rdquo;. A jaki\u015b tydzie\u0144 p&oacute;\u017aniej zacz\u0119\u0142y dociera\u0107 do mnie peany na jej cze\u015b\u0107. \u017be \u015bwietna, \u017ce wci\u0105ga, \u017ce zamiast &bdquo;Lalk\u0119&rdquo; do matury, to Ka\u015bka &bdquo;Lal\u0119&rdquo; w autobusie ukradkiem poczytuje. \u017be ach i och. Powoli stawa\u0142o si\u0119 jasne, \u017ce trzeba przeczyta\u0107.<\/span> <\/p>\n<p class=\"MsoNormal\" style=\"text-align: justify;\"><span style=\"font-size: 10pt; font-family: Verdana;\">Trzeba, to ma\u0142o powiedziane. &bdquo;Lala&rdquo; to ksi\u0105\u017cka niezwyk\u0142a, w kt&oacute;rej ka\u017cda historia, ka\u017cde miejsce i ka\u017cda posta\u0107 warta jest przytoczenia. Kilkuletnia Lala, kt&oacute;ra obrywaj\u0105c w sk&oacute;r\u0119 od ojca Rosjanina krzyczy &#8211; &bdquo;Bij, Moskalu, polskie dziecko!&rdquo;. Dziewi\u0119\u0107dziesi\u0119cioletnia babcia Wanda, kt&oacute;ra w \u015brodku wojny wybiera si\u0119 do fryzjera bo &bdquo;g\u0142upio by\u0142oby umrze\u0107, nie maj\u0105c ani razu trwa\u0142ej ondulacji&rdquo;. Ry\u017cy Henio, kt&oacute;ry wraz ze swoim szemranym towarzystwem anektuje dzia\u0142kow\u0105 altank\u0119 i kt&oacute;remu babcia niesie do tej altanki krople do oczu &ndash; &bdquo;ostatecznie to te\u017c ludzie&rdquo;.<\/span> <\/p>\n<p class=\"MsoNormal\" style=\"text-align: justify;\"><span style=\"font-size: 10pt; font-family: Verdana;\">Fantastyczna jest w &bdquo;Lali&rdquo; narracja. Opowie\u015b\u0107 bohaterki &#8211; naje\u017cona anegdotami, wci\u0105gaj\u0105ca, trzymaj\u0105ca w napi\u0119ciu historia dziewczynki, kt&oacute;ra, jak sama mawia, wi\u0119cej mia\u0142a w \u017cyciu szcz\u0119\u015bcia ni\u017c rozumu. Ale te\u017c opowie\u015b\u0107 autora, spajaj\u0105ca przemieszane w\u0105tki, miejsca i postacie i porz\u0105dkuj\u0105ca je w histori\u0119 o odchodzeniu, powolnym, stopniowym, ale nieuchronnym. Histori\u0119 przygn\u0119biaj\u0105c\u0105, a jednocze\u015bnie pogodn\u0105 i przepe\u0142nion\u0105 mi\u0142o\u015bci\u0105 i ciep\u0142em.<\/span> <\/p>\n<p class=\"MsoNormal\" style=\"text-align: justify;\"><span style=\"font-size: 10pt; font-family: Verdana;\">Dehnel sko\u0144czy\u0142 pisa\u0107 &bdquo;Lal\u0119&rdquo; w wieku 22 lat. My\u015bl o tym do tej pory wprawia mnie w os\u0142upienie i nie daje spokoju. Mo\u017ce dlatego, \u017ce ze wszystkich stron docieraj\u0105 doniesienia o zaniku wi\u0119zi rodzinnych. Mo\u017ce dlatego, \u017ce wsp&oacute;\u0142czesna kultura raczej unika staro\u015bci i traktuje j\u0105 jako temat niewygodny. Kto z dwudziestolatk&oacute;w zaprasza swoich przyjaci&oacute;\u0142 na pogaw\u0119dki z w\u0142asn\u0105 babci\u0105? A mo\u017ce dlatego, \u017ce sama dos\u0142ownie przed chwil\u0105 tyle lat mia\u0142am. I nijak nie potrafi\u0119 postawi\u0107 si\u0119 w jednym szeregu z autorem. I troch\u0119 mi wstyd. Bo gdy autor pyta &#8211; &bdquo;Ile jeszcze razy b\u0119d\u0119 m&oacute;g\u0142 zdecydowa\u0107, czy zosta\u0107 na sierpie\u0144 w Oliwie, czy nie?&rdquo; &ndash; wiem, \u017ce mam w g\u0142owie dziesi\u0105tki takich pyta\u0144. Tyle, \u017ce niekoniecznie co\u015b z nich wynika.<\/span> <\/p>\n<p class=\"MsoNormal\" style=\"text-align: justify;\">&nbsp; <\/p>\n<p class=\"MsoNormal\" style=\"text-align: justify;\">&nbsp; <\/p>\n<p class=\"MsoNormal\" style=\"text-align: justify;\"><img loading=\"lazy\" decoding=\"async\" width=\"75\" height=\"76\" border=\"1\" align=\"left\" alt=\"\" src=\"..\/..\/..\/..\/images\/stories\/autorzy\/monika.jpg\" \/><em><strong><span style=\"font-size: 10pt; font-family: Verdana;\">phm. Monika Marks &#8211; <\/span><\/strong><\/em><span style=\"font-size: 10pt; font-family: Verdana;\"><em>w redakcji Na Tropie odpowiedzialna za pozyskiwanie autor&oacute;w spoza ZHP, namiestniczka w\u0119drownicza hufca Warszawa \u017boliborz, by\u0142a dru\u017cynowa 127 Warszawskiej Dru\u017cyny W\u0119drowniczej &quot;Plejady&quot;, studentka geografii na Uniwersytecie Warszawskim.<\/em><\/span> <\/p>\n","protected":false},"excerpt":{"rendered":"<p>&nbsp; &#8211; Znacie&hellip; &#8211; zaczyna babcia.&#8211; Znamy. Na pami\u0119\u0107 &ndash; odpowiadamy z oczywist\u0105 bezsilno\u015bci\u0105.&#8211; Znacie? No to pos\u0142uchajcie.<\/p>\n","protected":false},"author":152,"featured_media":0,"comment_status":"open","ping_status":"open","sticky":false,"template":"","format":"standard","meta":{"_acf_changed":false,"_exactmetrics_skip_tracking":false,"_exactmetrics_sitenote_active":false,"_exactmetrics_sitenote_note":"","_exactmetrics_sitenote_category":0,"footnotes":""},"categories":[236],"tags":[],"class_list":["post-18107","post","type-post","status-publish","format-standard","hentry","category-archiwum-2"],"acf":{"attached_posts":null},"_links":{"self":[{"href":"https:\/\/natropie.zhp.pl\/index.php\/wp-json\/wp\/v2\/posts\/18107","targetHints":{"allow":["GET"]}}],"collection":[{"href":"https:\/\/natropie.zhp.pl\/index.php\/wp-json\/wp\/v2\/posts"}],"about":[{"href":"https:\/\/natropie.zhp.pl\/index.php\/wp-json\/wp\/v2\/types\/post"}],"author":[{"embeddable":true,"href":"https:\/\/natropie.zhp.pl\/index.php\/wp-json\/wp\/v2\/users\/152"}],"replies":[{"embeddable":true,"href":"https:\/\/natropie.zhp.pl\/index.php\/wp-json\/wp\/v2\/comments?post=18107"}],"version-history":[{"count":0,"href":"https:\/\/natropie.zhp.pl\/index.php\/wp-json\/wp\/v2\/posts\/18107\/revisions"}],"wp:attachment":[{"href":"https:\/\/natropie.zhp.pl\/index.php\/wp-json\/wp\/v2\/media?parent=18107"}],"wp:term":[{"taxonomy":"category","embeddable":true,"href":"https:\/\/natropie.zhp.pl\/index.php\/wp-json\/wp\/v2\/categories?post=18107"},{"taxonomy":"post_tag","embeddable":true,"href":"https:\/\/natropie.zhp.pl\/index.php\/wp-json\/wp\/v2\/tags?post=18107"}],"curies":[{"name":"wp","href":"https:\/\/api.w.org\/{rel}","templated":true}]}}