{"id":18126,"date":"2007-03-29T21:22:13","date_gmt":"2007-03-29T19:22:13","guid":{"rendered":"http:\/\/natropie.zhp.pl\/index.php\/piloci-kapsul-czasu-4\/"},"modified":"2015-02-12T20:21:11","modified_gmt":"2015-02-12T18:21:11","slug":"piloci-kapsul-czasu-4","status":"publish","type":"post","link":"https:\/\/natropie.zhp.pl\/index.php\/piloci-kapsul-czasu-4\/","title":{"rendered":"Piloci kapsu\u0142 czasu"},"content":{"rendered":"<p><strong>Do kapsu\u0142y czasu wsiadaj\u0105 w wieku 11, 12, 13 lat. Lec\u0105 czasem dekad\u0119, czasem kr\u00f3cej. I oto staje si\u0119 cud! Wysiadaj\u0105c z kapsu\u0142y nadal maj\u0105 11, 12, 13 lat! A teren, na jakim l\u0105duj\u0105, jest dla niekt\u00f3rych tak obcy jak planeta z innej galaktyki. Dziecko sobie tu na pewno nie poradzi.<\/strong><\/p>\n<p>Zaopatrzeni w \u015bmieszne skafandry wychodz\u0105 z kapsu\u0142y, jeden po drugim; gdy ostatni zejdzie z\u00a0trapu, maszyna z zaskakuj\u0105c\u0105 sprawno\u015bci\u0105 uniesie si\u0119 i zanim si\u0119 obejrz\u0105, zniknie w\u015br\u00f3d gwiazd. Zostan\u0105 sami. Cho\u0107 na pierwszy rzut oka planeta wygl\u0105da tak jak nasza poczciwa Ziemia, oni na wszelki wypadek nie podnios\u0105 przy\u0142bic swoich ochronnych kombinezon\u00f3w. Zrobi\u0105 to dopiero wtedy, gdy zobacz\u0105 bociana. Ale wtedy najcz\u0119\u015bciej jest ju\u017c za p\u00f3\u017ano.<\/p>\n<h3><strong>Tak si\u0119 wy\u015bpisz&#8230;<\/strong><\/h3>\n<p>Swojego czasu pos\u0142owie jednej z partii upodobali sobie m\u00f3wi\u0107 o projekcie jakiej\u015b ustawy, \u017ce jest ona przygotowana \u201epo harcersku\u201d. Czyli jak? Wnosz\u0105c po ironicznych u\u015bmieszkach przedstawicieli narodu mo\u017cna s\u0105dzi\u0107, \u017ce nie mieli tu na my\u015bli takich sformu\u0142owa\u0144 jak: z pasj\u0105, z\u00a0trosk\u0105 o dobro wsp\u00f3lne, z m\u0142odzie\u0144czym zapa\u0142em, z bezinteresown\u0105 nadziej\u0105 na popraw\u0119 rzeczywisto\u015bci. S\u0142owa \u201epo harcersku\u201d traktowali z rado\u015bci\u0105 podobn\u0105 tej, jaka towarzyszy jakiemu\u015b odkryciu. Oto odkryli kolejne wspania\u0142e narz\u0119dzie do psucia krwi kolegom z drugiego ko\u0144ca sejmowej sali.<\/p>\n<p>Pami\u0119tam oburzenie, jakie podnios\u0142o si\u0119 wtedy w\u015br\u00f3d niekt\u00f3rych instruktor\u00f3w. Oburzenie jak najbardziej uzasadnione. Wszak po raz pierwszy w \u015brodkach masowego przekazu idea, kt\u00f3ra zjednoczy\u0142a miliony ludzi na ca\u0142ym \u015bwiecie, zosta\u0142a w jawny spos\u00f3b wy\u015bmiana, skarykaturowana i w instrumentalny spos\u00f3b wykorzystana.\u00a0 \u201ePo harcersku\u201d czyli byle jak, idiotycznie i to jeszcze w jaki\u015b skryty spos\u00f3b \u2013 zupe\u0142nie jak w czasie harcerskich podchod\u00f3w (podczas kt\u00f3rych, jak wiemy, harcerze biegaj\u0105 po lesie w kr\u00f3tkich spodenkach). Ka\u017cdy, komu harcerskie idea\u0142y s\u0105 bliskie, poczu\u0142 si\u0119 nieprzyjemnie \u2013 jak bardzo, to zale\u017cy, jak to zwykle w\u00a0takich przypadkach, nie od tego, jak bliskie s\u0105 mu te idea\u0142y, a od tego, ile ma dystansu do siebie i do pan\u00f3w z budynku na Wiejskiej.<\/p>\n<blockquote><p>&#8230;\u201epo harcersku\u201d nabiera z czasem kolejnych negatywnych znacze\u0144.<\/p><\/blockquote>\n<p>Okazuje si\u0119 jednak, \u017ce sformu\u0142owanie \u201epo harcersku\u201d nabiera z czasem kolejnych negatywnych znacze\u0144. Ostatnio dzi\u0119ki jednemu z harcerzy, z kt\u00f3rymi mia\u0142em przyjemno\u015b\u0107 pracowa\u0107 \u2013 na zupe\u0142nie zawodowej stopie \u2013 pozna\u0142em nowe znaczenie tych s\u0142\u00f3w. Semantyka tego sformu\u0142owania jego zdaniem w prostej linii wynika z postaw, jakie powinny by\u0107 bliskie ka\u017cdemu harcerzowi. Tu zgoda. Jakie to postawy? Ano na przyk\u0142ad zgoda na wykorzystywanie moich umiej\u0119tno\u015bci, czasu i energii i zaniechanie jakiegokolwiek wynagrodzenia za t\u0119 ci\u0119\u017ck\u0105 prac\u0119. Ot, po prostu, jestem harcerzem, wi\u0119c zrobi\u0119 wszystko najlepiej jak umiem, podzi\u0119kuj\u0119, \u017ce mog\u0142em pom\u00f3c i ukarz\u0119 sam siebie za to, \u017ce przez my\u015bl przesz\u0142o mi, by wzi\u0105\u0107 za moj\u0105 prac\u0119 pieni\u0105dze (w tym celu wykonam 10 pompek i obiegn\u0119 dom z plecakiem pe\u0142nym szyszek). Przecie\u017c pracuj\u0105c \u015bwietnie si\u0119 bawi\u0142em, dlaczego mia\u0142bym oczekiwa\u0107 za zabaw\u0119 wynagrodzenia? S\u0142ucha\u0142em rzeczonego harcerza i przeciera\u0142em oczy ze zdumienia! Kto mu takich g\u0142upot naopowiada\u0142? Kto zrobi\u0142 mu krzywd\u0119? I ilu jest takich jak on?<\/p>\n<h3><strong>&#8230;jak sobie po\u015bcielisz<\/strong><\/h3>\n<blockquote><p>W uczeniu ludzi wielkiego altruizmu powinni\u015bmy pami\u0119ta\u0107 o tym, by zadbali tak\u017ce o siebie.<\/p><\/blockquote>\n<p>Uczymy ludzi s\u0142u\u017cby. Wspaniale. Uczymy, \u017ce nie wolno zostawi\u0107 drugiego cz\u0142owieka w\u00a0potrzebie. Pi\u0119knie. Pami\u0119tajmy jednak o podstawowej zasadzie obowi\u0105zuj\u0105cej w\u015br\u00f3d ratownik\u00f3w medycznych. Martwy ratownik nikomu nie pomo\u017ce, najpierw musi dba\u0107 o w\u0142asne bezpiecze\u0144stwo, by nie\u015b\u0107 pomoc innym. Dlatego w uczeniu ludzi wielkiego altruizmu powinni\u015bmy pami\u0119ta\u0107 o tym, by zadbali tak\u017ce o siebie. I by w wolnorynkowych realiach rozumieli, \u017ce jest trzecia droga, \u017ce w walce o przyzwoity byt nie trzeba wybiera\u0107 tylko mi\u0119dzy pozycj\u0105 zdemoralizowanego zwyci\u0119zcy, a szlachetnej, pe\u0142nej idea\u0142\u00f3w, ale biednej jak mysz ko\u015bcielna ofiary (dzi\u0119ki, Olek).<\/p>\n<p>Podczas ostatnich warsztat\u00f3w Szarej Dru\u017cyny w Poznaniu, Ryszard Polaszewski powiedzia\u0142, \u017ce jednym z zasadniczych problem\u00f3w naszej organizacji jest to, \u017ce ca\u0142a masa instruktor\u00f3w nie rozumie, \u017ce podstawowym celem jej istnienia jest wychowywanie. To smutne, ale tysi\u0105ce ludzi, kt\u00f3rzy pracuj\u0105 w naszej organizacji my\u015bli, \u017ce mamy zapewnia\u0107 w bezpieczny spos\u00f3b sp\u0119dzanie wolnego czasu m\u0142odzie\u017cy, \u017ce jeste\u015bmy organizacj\u0105 charytatywn\u0105 czy pomocow\u0105, \u017ce naszym powo\u0142aniem jest obrona kraju przed przyczajonym w krzakach wrogiem (dlatego, jak wiadomo, sami niekiedy musimy si\u0119 w tych krzakach z no\u017cem w z\u0119bach zaczai\u0107 lub \u201edynamicznie wej\u015b\u0107 do budynku\u201d). Z tego niezrozumienia wynika ca\u0142y katalog krzywd, jakie osoby te wyrz\u0105dzaj\u0105 swoim podopiecznym.<\/p>\n<p>Bo to w\u0142a\u015bnie ci, kt\u00f3rzy nie rozumiej\u0105 podstawowego celu naszej organizacji, kieruj\u0105 kapsu\u0142ami, do kt\u00f3rych zabieraj\u0105 tych jedenasto-, dwunastolatk\u00f3w. Na pok\u0142adzie zabawa jest przednia. W pewnym momencie przychodzi jednak czas na l\u0105dowanie. I pasa\u017cerowie wysiadaj\u0105, nadal maj\u0105 11-12 lat, cho\u0107 lot trwa\u0142 przecie\u017c strasznie d\u0142ugo. Kapsu\u0142a szybko odlatuje po nowych pasa\u017cer\u00f3w, a ci, co wysiedli, zostaj\u0105 w zupe\u0142nie obcym sobie \u015bwiecie.<\/p>\n<p>Szalenie mierzi mnie widok dru\u017cynowych w\u0119drowniczych, a znam takich ca\u0142\u0105 mas\u0119, kt\u00f3rzy opr\u00f3cz tego, \u017ce s\u0105 dru\u017cynowymi, nie za wiele w \u017cyciu robi\u0105, a je\u015bli ju\u017c co\u015b robi\u0105, to jest to zdecydowanie poni\u017cej ich mo\u017cliwo\u015bci (ambicji nie maj\u0105). Trudno oceni\u0107 krzywd\u0119, jak\u0105 wyrz\u0105dzaj\u0105 swoim podopiecznym, pokazuj\u0105c abnegacki stosunek do wykszta\u0142cenia czy realizacji swoich r\u00f3l spo\u0142ecznych.<\/p>\n<p align=\"justify\">To oni cz\u0119sto kieruj\u0105 tymi kapsu\u0142ami, do kt\u00f3rych zabieraj\u0105 dzieciaki. Lec\u0105 kilka-, kilkana\u015bcie lat, maj\u0105 przy tym niez\u0142y ubaw, wpajaj\u0105 im jakie\u015b pseudoharcerskie brednie, sami nie robi\u0105 ze swoim \u017cyciem nic. I gdy przychodzi czas wysiada\u0107, klepi\u0105 delikwenta w plecy, m\u00f3wi\u0105c: \u201eDasz rad\u0119, masz moralny kr\u0119gos\u0142up\u201d.<\/p>\n","protected":false},"excerpt":{"rendered":"<p>Do kapsu\u0142y czasu wsiadaj\u0105 w wieku 11, 12, 13 lat. Lec\u0105 czasem dekad\u0119, czasem kr\u00f3cej. I oto staje si\u0119 cud! Wysiadaj\u0105c z kapsu\u0142y nadal maj\u0105 11, 12, 13 lat! A teren, na jakim l\u0105duj\u0105, jest dla niekt\u00f3rych tak obcy jak planeta z innej galaktyki. Dziecko sobie tu na pewno nie poradzi.<\/p>\n","protected":false},"author":152,"featured_media":0,"comment_status":"open","ping_status":"open","sticky":false,"template":"","format":"standard","meta":{"_acf_changed":false,"_exactmetrics_skip_tracking":false,"_exactmetrics_sitenote_active":false,"_exactmetrics_sitenote_note":"","_exactmetrics_sitenote_category":0,"footnotes":""},"categories":[236],"tags":[534,421,387],"class_list":["post-18126","post","type-post","status-publish","format-standard","hentry","category-archiwum-2","tag-cele-harcerstwa","tag-dla-instruktora","tag-wychowanie"],"acf":{"attached_posts":null},"_links":{"self":[{"href":"https:\/\/natropie.zhp.pl\/index.php\/wp-json\/wp\/v2\/posts\/18126","targetHints":{"allow":["GET"]}}],"collection":[{"href":"https:\/\/natropie.zhp.pl\/index.php\/wp-json\/wp\/v2\/posts"}],"about":[{"href":"https:\/\/natropie.zhp.pl\/index.php\/wp-json\/wp\/v2\/types\/post"}],"author":[{"embeddable":true,"href":"https:\/\/natropie.zhp.pl\/index.php\/wp-json\/wp\/v2\/users\/152"}],"replies":[{"embeddable":true,"href":"https:\/\/natropie.zhp.pl\/index.php\/wp-json\/wp\/v2\/comments?post=18126"}],"version-history":[{"count":2,"href":"https:\/\/natropie.zhp.pl\/index.php\/wp-json\/wp\/v2\/posts\/18126\/revisions"}],"predecessor-version":[{"id":20795,"href":"https:\/\/natropie.zhp.pl\/index.php\/wp-json\/wp\/v2\/posts\/18126\/revisions\/20795"}],"wp:attachment":[{"href":"https:\/\/natropie.zhp.pl\/index.php\/wp-json\/wp\/v2\/media?parent=18126"}],"wp:term":[{"taxonomy":"category","embeddable":true,"href":"https:\/\/natropie.zhp.pl\/index.php\/wp-json\/wp\/v2\/categories?post=18126"},{"taxonomy":"post_tag","embeddable":true,"href":"https:\/\/natropie.zhp.pl\/index.php\/wp-json\/wp\/v2\/tags?post=18126"}],"curies":[{"name":"wp","href":"https:\/\/api.w.org\/{rel}","templated":true}]}}