{"id":18142,"date":"2007-04-01T10:37:30","date_gmt":"2007-04-01T08:37:30","guid":{"rendered":"http:\/\/70patroliharcerskichzca\u0142ejPolski,blisko700harce"},"modified":"2007-04-01T10:37:30","modified_gmt":"2007-04-01T08:37:30","slug":"arsenal-rozni-w-dzialaniu-3","status":"publish","type":"post","link":"https:\/\/natropie.zhp.pl\/index.php\/arsenal-rozni-w-dzialaniu-3\/","title":{"rendered":"Arsena\u0142 &#8211; R\u00f3\u017cni w dzia\u0142aniu"},"content":{"rendered":"<p align=\"justify\"><img loading=\"lazy\" decoding=\"async\" style=\"width: 147px; height: 103px\" src=\"images\/stories\/Image\/07_04\/NTW_ARS_3.jpg\" border=\"1\" alt=\"Wybrany obraz\" hspace=\"5\" vspace=\"5\" width=\"147\" height=\"103\" align=\"left\" \/>70 patroli harcerskich z ca\u0142ej Polski, blisko 700 harcerek i harcerzy uczci\u0142o 64 rocznic\u0119 przeprowadzenia przez Grupy Szturmowe Szarych Szereg&oacute;w akcji, w kt&oacute;rej z r\u0105k niemieckich odbito wi\u0119\u017ani&oacute;w transporotwanych na Pawiak, a w\u015br&oacute;d nich Janka Bytnara &quot;Rudego&quot;. Has\u0142em 37. Rajdu Arsena\u0142 by\u0142o &quot;R&oacute;\u017cni w dzia\u0142aniu&quot;.<\/p>\n<p><!--more--><\/p>\n<p align=\"justify\">&nbsp;<\/p>\n<p align=\"justify\">W pi\u0105tek uczestnicy rajdu brali udzia\u0142 w zaj\u0119ciach programowych o charakterze integracyjnym oraz warsztatowym. Harcerze uczestniczyli m.in. w treningach \u0142ucznictwa, ta\u0144ca irlandzkiego oraz aikido. By\u0142a te\u017c okazja do zaprezentowania patroli w formie logo lub piosenki. Uczestnik&oacute;w&nbsp;rajdu go\u015bci\u0142y szko\u0142y na terenie Mokotowa i \u015ar&oacute;dmie\u015bcia, w kt&oacute;rych warszawscy harcerze zorganizowali rajdowe bazy noclegowe.<\/p>\n<p align=\"justify\">&nbsp;<\/p>\n<p align=\"justify\">W sobot\u0119 odby\u0142a si\u0119 gra ulicami Warszawy. Patrole dociera\u0142y w r&oacute;\u017cne miejsca, aby zmierzy\u0107 si\u0119 z przygotowanymi zadaniami. W\u015br&oacute;d nich by\u0142y mi\u0119dzy innymi: szkolenie z ratownictwa wodnego, tajne komplety, spotkanie z kombatantami, warsztat z j\u0119zyka migowego. Wykonuj\u0105c zadania, harcerze byli oceniani i zbierali punkty do rajdowej klasyfikacji. W sobotni wiecz&oacute;r harcerze wzi\u0119li udzia\u0142 w tradycyjnych kominkach i \u015bwieczkowiskach z piosenkami i gaw\u0119dami.<\/p>\n<p align=\"justify\">&nbsp;<\/p>\n<p align=\"justify\">W niedziel\u0119 odby\u0142y si\u0119 uroczysto\u015bci oficjalne. O godzinie 10.00 w Katedrze Polowej Wojska Polskiego, biskup polowy WP odprawi\u0142 rocznicow\u0105 msz\u0119 \u015bwi\u0119t\u0105. Chwil\u0119 przed godzin\u0105 12.00&nbsp;&nbsp;na Pl. J&oacute;zefa Pi\u0142sudskiego, naczelnik Zwi\u0105zku Harcerstwa Polskiego, hm. Teresa Hernik oraz komendant Hufca ZHP Warszawa-Mokot&oacute;w, hm. Andrzej Starski, dokonali przegl\u0105du harcerskich kolumn. Po uroczystej Zmianie Wart pod Grobem Nieznanego \u017bo\u0142nierza, defilad\u0105 blisko tysi\u0105ca harcerzy rozpocz\u0105\u0142 si\u0119 przemarsz uczestnik&oacute;w i organizator&oacute;w rajdu pod budynek Arsena\u0142u, gdzie odby\u0142 si\u0119 apel zamykaj\u0105cy imprez\u0119. Podczas apelu nagrodzone zosta\u0142y patrole, kt&oacute;re zwyci\u0119\u017cy\u0142y w rajdowej punktacji. Delegacje oficjalne z\u0142o\u017cy\u0142y kwiaty pod kamieniem upami\u0119tniaj\u0105cym akcj\u0119 odbicia wi\u0119\u017ani&oacute;w z r\u0105k niemieckich. Tak zako\u0144czy\u0142 si\u0119 37. Rajd Arsena\u0142 &quot;R&oacute;\u017cni w dzia\u0142aniu&quot;. <\/p>\n<p align=\"justify\">&nbsp;<\/p>\n<p align=\"justify\">Od pi\u0105tku do niedzieli bardzo wielu go\u015bci odwiedzi\u0142o wystaw\u0119 zatytu\u0142owan\u0105 &quot;Kierunek: r&oacute;\u017cnorodno\u015b\u0107&quot;, zorganizowan\u0105 w ramach rajdu przy Starej Pomara\u0144czarni w \u0141azienkach Kr&oacute;lewskich. <\/p>\n<p align=\"justify\">&nbsp;<\/p>\n<p align=\"justify\"><strong>Zwyci\u0119zcy rajdu<\/strong><br \/>harcerze starsi &#8211; patrol &quot;Birkuty&quot; z Katowic <\/p>\n<p align=\"justify\">w\u0119drownicy&nbsp;&#8211; ex aequo &#8211;&nbsp;Harcerska S\u0142u\u017cba Ruchu &quot;Skrzy\u017cowanie&quot; (\u017bory)&nbsp;i patrol &quot;Partyzantka&quot;&nbsp;z \u0141odzi&nbsp;&nbsp;&nbsp;&nbsp;&nbsp;&nbsp;&nbsp;&nbsp;&nbsp;&nbsp;&nbsp;&nbsp;&nbsp;&nbsp;&nbsp;&nbsp;&nbsp;&nbsp;&nbsp;&nbsp;&nbsp;&nbsp;&nbsp;&nbsp;&nbsp;&nbsp;&nbsp;&nbsp;<\/p>\n<p align=\"justify\">&nbsp;<\/p>\n<p align=\"justify\"><strong>Zdj\u0119cia: Lidia Czarnog&oacute;rska<\/strong><\/p>\n<p align=\"justify\">&nbsp;<\/p>\n","protected":false},"excerpt":{"rendered":"<p>70 patroli harcerskich z ca\u0142ej Polski, blisko 700 harcerek i harcerzy uczci\u0142o 64 rocznic\u0119 przeprowadzenia przez Grupy Szturmowe Szarych Szereg&oacute;w akcji, w kt&oacute;rej z r\u0105k niemieckich odbito wi\u0119\u017ani&oacute;w transporotwanych na Pawiak, a w\u015br&oacute;d nich Janka Bytnara &quot;Rudego&quot;. Has\u0142em 37. Rajdu Arsena\u0142 by\u0142o &quot;R&oacute;\u017cni w dzia\u0142aniu&quot;.<\/p>\n","protected":false},"author":152,"featured_media":0,"comment_status":"open","ping_status":"open","sticky":false,"template":"","format":"standard","meta":{"_acf_changed":false,"_exactmetrics_skip_tracking":false,"_exactmetrics_sitenote_active":false,"_exactmetrics_sitenote_note":"","_exactmetrics_sitenote_category":0,"footnotes":""},"categories":[236],"tags":[],"class_list":["post-18142","post","type-post","status-publish","format-standard","hentry","category-archiwum-2"],"acf":{"attached_posts":null},"_links":{"self":[{"href":"https:\/\/natropie.zhp.pl\/index.php\/wp-json\/wp\/v2\/posts\/18142","targetHints":{"allow":["GET"]}}],"collection":[{"href":"https:\/\/natropie.zhp.pl\/index.php\/wp-json\/wp\/v2\/posts"}],"about":[{"href":"https:\/\/natropie.zhp.pl\/index.php\/wp-json\/wp\/v2\/types\/post"}],"author":[{"embeddable":true,"href":"https:\/\/natropie.zhp.pl\/index.php\/wp-json\/wp\/v2\/users\/152"}],"replies":[{"embeddable":true,"href":"https:\/\/natropie.zhp.pl\/index.php\/wp-json\/wp\/v2\/comments?post=18142"}],"version-history":[{"count":0,"href":"https:\/\/natropie.zhp.pl\/index.php\/wp-json\/wp\/v2\/posts\/18142\/revisions"}],"wp:attachment":[{"href":"https:\/\/natropie.zhp.pl\/index.php\/wp-json\/wp\/v2\/media?parent=18142"}],"wp:term":[{"taxonomy":"category","embeddable":true,"href":"https:\/\/natropie.zhp.pl\/index.php\/wp-json\/wp\/v2\/categories?post=18142"},{"taxonomy":"post_tag","embeddable":true,"href":"https:\/\/natropie.zhp.pl\/index.php\/wp-json\/wp\/v2\/tags?post=18142"}],"curies":[{"name":"wp","href":"https:\/\/api.w.org\/{rel}","templated":true}]}}