{"id":18149,"date":"2007-04-03T16:38:16","date_gmt":"2007-04-03T14:38:16","guid":{"rendered":"http:\/\/Si\u0142acia\u0142a,si\u0142arozumu,si\u0142aduchatotrzyp\u0142omienie"},"modified":"2007-04-03T16:38:16","modified_gmt":"2007-04-03T14:38:16","slug":"rozpal-ogien-wedrownictwa-3","status":"publish","type":"post","link":"https:\/\/natropie.zhp.pl\/index.php\/rozpal-ogien-wedrownictwa-3\/","title":{"rendered":"Rozpal ogie\u0144 w\u0119drownictwa!"},"content":{"rendered":"<p align=\"justify\"><img loading=\"lazy\" decoding=\"async\" style=\"width: 140px; height: 103px\" src=\"images\/stories\/Image\/07_04\/TPN_3PLOM_.JPG\" border=\"1\" alt=\"Wybrany obraz\" hspace=\"5\" vspace=\"5\" width=\"140\" height=\"103\" align=\"left\" \/>Si\u0142a cia\u0142a, si\u0142a rozumu, si\u0142a ducha to trzy p\u0142omienie w\u0119drowniczej watry, kt&oacute;re maj\u0105 si\u0119 uzupe\u0142nia\u0107 i tworzy\u0107 sp&oacute;jn\u0105 ca\u0142o\u015b\u0107. Przy Trzech P\u0142omieniach ka\u017cdy si\u0119 mo\u017ce ogrza\u0107. Zap\u0142on\u0105 w najstarszych i najbardziej harcerskich g&oacute;rach w Polsce.<\/p>\n<p><!--more--><\/p>\n<p align=\"justify\">&nbsp;&nbsp;<\/p>\n<p align=\"justify\">\n<table border=\"0\" style=\"width: 542px; height: 96px\">\n<tbody>\n<tr>\n<td>&nbsp;<img loading=\"lazy\" decoding=\"async\" style=\"width: 511px; height: 103px\" src=\"images\/stories\/Image\/07_04\/WYD_BANN.jpg\" alt=\"Wybrany obraz\" width=\"511\" height=\"103\" \/><\/td>\n<\/tr>\n<\/tbody>\n<\/table>\n<p align=\"justify\">&nbsp;<\/p>\n<p align=\"justify\">Pomys\u0142 na rajd o takiej w\u0142a\u015bnie nazwie &ndash; Trzy P\u0142omienie &ndash; zrodzi\u0142 si\u0119 pewnego dnia w umy\u015ble jednego z instruktor&oacute;w Hufca ZHP Kielce Po\u0142udnie. Przygn\u0119biony faktem, \u017ce tak niewiele jest w naszej chor\u0105gwi imprez skierowanych specjalnie do w\u0119drownik&oacute;w, obmy\u015bli\u0142 plan nowego przedsi\u0119wzi\u0119cia. Z pomoc\u0105 niewielu os&oacute;b (r&oacute;wnie\u017c z bratniego hufca Kielce-Miasto) zorganizowa\u0142 niezapomnian\u0105 zabaw\u0119 dla 13 patroli z ca\u0142ej Polski. Ale to by\u0142o blisko rok temu&#8230; Dzi\u015b na stronie rajdu mo\u017cemy przeczyta\u0107 informacj\u0119: 63 dni do rozpocz\u0119cia&hellip;<\/p>\n<p>Jak ten czas szybko p\u0142ynie. Ale powr&oacute;\u0107my jeszcze na chwil\u0119 do tamtych dni&hellip;<\/p>\n<p align=\"justify\">&nbsp;<\/p>\n<p align=\"justify\">&nbsp;<\/p>\n<p align=\"justify\"><strong>Organizatorzy<\/strong><br \/>Do rajdu coraz bli\u017cej, przygotowania trwaj\u0105 &#8211; w pocie czo\u0142a dopinamy wszystko na ostatni guzik. Bieganie za sponsorami, zapisywanie ostatnich pomys\u0142&oacute;w i korygowanie ju\u017c obmy\u015blanych zada\u0144 dla uczestnik&oacute;w. Zamieszanie jak zwykle przy takich przedsi\u0119wzi\u0119ciach&hellip; no i oczywi\u015bcie strach &#8211; a co jak po\u0142owa zrezygnuje w ostatniej chwili? Co je\u015bli nie przyjad\u0105? A jak pogoda si\u0119 popsuje? Itp., itd.<\/p>\n<p align=\"justify\">No i tak si\u0119 sta\u0142o &#8211; najliczniejszy patrol nie dotar\u0142, cho\u0107 mia\u0142 najbli\u017cej (pozdrawiamy 33 KD\u017b Pasat z Kielc), deszcz la\u0142 od rana bez przerwy, a chmury wcale nie wygl\u0105da\u0142y, jakby mia\u0142y si\u0119 podda\u0107. Niby katastrofa, ale jak co\u015b takiego mo\u017ce w\u0119drownikom popsu\u0107 zabaw\u0119? <\/p>\n<p align=\"justify\">&nbsp;<\/p>\n<p align=\"justify\">&nbsp;<\/p>\n<p align=\"justify\"><strong>Uczestnicy<\/strong><br \/>&hellip;I wszystko by\u0142o \u015bwietnie, p&oacute;ki nie wyszli poza miasto. Najpierw jedna burza. Przetrwali, zmienili mokre rzeczy, ruszyli dalej. Druga burza. Przerwa, pi\u0119kne s\u0142o\u0144ce&#8230; Trzecia burza. Chowali si\u0119 gdzie popad\u0142o! Gdy ca\u0142kiem mokrzy dotarli na miejsce zakwaterowania i zacz\u0119li rozstawia\u0107 namioty&#8230; zacz\u0105\u0142 pada\u0107 grad! Zatem, kiedy przyjecha\u0142am na miejsce, zadowoleni nie byli. A pomys\u0142, \u017ceby pojecha\u0107 na rajd by\u0142 m&oacute;j&hellip;<br \/><em>sam. Katarzyna Mroszczyk<br \/>Hufiec ZHP Mazowsze w Mi\u0144sku Mazowieckim<\/em><\/p>\n<p align=\"justify\">&nbsp;<\/p>\n<p align=\"justify\">&nbsp;<\/p>\n<p align=\"justify\"><strong>Ale nie by\u0142o chyba a\u017c tak \u017ale?<\/strong><br \/>Na Rajd 3 P\u0142omienie wybra\u0142em si\u0119, aby w towarzystwie wspania\u0142ych ludzi odpocz\u0105\u0107 po trudach koordynowania BS w Warszawie. Uda\u0142o si\u0119 &#8211; wr&oacute;ci\u0142em ca\u0142kowicie odpr\u0119\u017cony, a przy okazji pozna\u0142em kilka pi\u0119knych i ciekawych miejsc kielecczyzny. Cudowne by\u0142o to, \u017ce organizatorzy pozwolili mi i mojemu patrolowi realizowa\u0107 nasze cele &#8211; wychodzili\u015bmy ostatni na tras\u0119, troch\u0119 si\u0119 sp&oacute;\u017aniali\u015bmy, ale oni nas zrozumieli i nie mieli pretensji. Ten rajd jest fantastyczny, gdy\u017c nie zale\u017cnie od tego,&nbsp;z jakim planem si\u0119 na niego jedzie &#8211; czy walczy\u0107 na trasach o wygran\u0105, czy odpocz\u0105\u0107 i nacieszy\u0107 si\u0119 pi\u0119knem ludzi i przyrody &#8211; to grupa szefuj\u0105ca imprez\u0105 pomo\u017ce w planach uczestnik&oacute;w.<br \/><em>phm. Krzysztof Tomaniak <br \/>Hufiec ZHP Warszawa-Wola<br \/><\/em><\/p>\n<p align=\"justify\">&nbsp;<\/p>\n<p align=\"justify\">&nbsp;<\/p>\n<p align=\"justify\"><strong>Uff&#8230;<\/strong><\/p>\n<p align=\"justify\">Wszyscy zapami\u0119tali na d\u0142ugo kieleck\u0105 pogod\u0119, genialne kieleckie kr&oacute;wki, kt&oacute;re rozdawa\u0142 Kuba, zadanie na jednym z punkt&oacute;w, gdzie trzeba by\u0142o odgadywa\u0107 tytu\u0142y piosenek skrupulatnie wybranych przez dh. Wilka oraz niesamowitych ludzi&#8230; Na szcz\u0119\u015bcie 18 maja startuje druga edycja&#8230; Lepsza i bardziej zaskakuj\u0105ca. Byle tylko w tym roku Kuba zam&oacute;wi\u0142 inn\u0105 pogod\u0119!<br \/><em>sam. Katarzyna Mroszczyk<br \/>Hufiec ZHP Mazowsze w Mi\u0144sku Mazowieckim<\/em><\/p>\n<p align=\"justify\">&nbsp;<\/p>\n<p align=\"justify\">&nbsp;<\/p>\n<p align=\"justify\">Tak w ogromnym skr&oacute;cie wygl\u0105da\u0142 pierwszy Rajd W\u0119drownik&oacute;w Trzy P\u0142omienie. Chyba nie by\u0142o a\u017c tak \u017ale. Pogoda&hellip; niezapomniana to fakt. Nie jest \u0142atwo wyrzuci\u0107 z pami\u0119ci \u015bwi\u0119tokrzyskie burze i gradobicia &#8211; nigdzie w Polsce takich nie znajdziecie. Z mojego punktu widzenia jednak najwa\u017cniejsza, przy\u0107miewaj\u0105ca ka\u017cd\u0105 niepogod\u0119, by\u0142a atmosfera, kt&oacute;r\u0105 stworzyli wspaniali ludzie. Chyba nie musz\u0119 nikomu udowadnia\u0107, \u017ce tam, gdzie zbierze si\u0119 grono harcerzy, cho\u0107by sobie nieznanych, z najr&oacute;\u017cniejszych zak\u0105tk&oacute;w kraju, od razu rodzi si\u0119 aura przyjacielsko\u015bci i zrozumienia. W ko\u0144cu pod\u0105\u017camy ta sama \u015bcie\u017ck\u0105, a nasze cele s\u0105 sobie bliskie. Przy ognisku, gdzie \u015bpiewamy i rozmawiamy a\u017c do \u015bwitu, zawi\u0105zuj\u0105 si\u0119 nowe, bardziej lub mniej trwa\u0142e znajomo\u015bci i powstaj\u0105 nowe, mniej lub bardziej kreatywne pomys\u0142y. Zawsze jednak spotkania takie s\u0105 owocne i niezapomniane. Pi\u0119kna kraina jednych z najstarszych w Polsce g&oacute;r zawsze jest otwarta dla takich jak my&hellip;.<\/p>\n<p align=\"justify\">&nbsp;<\/p>\n<p align=\"justify\">p.s. Kuba zam&oacute;wi\u0142 inn\u0105 pogod\u0119&hellip; zobaczymy czy lepsz\u0105&hellip;<\/p>\n<p align=\"justify\">&nbsp;<\/p>\n<p align=\"justify\">&nbsp;<\/p>\n<p align=\"justify\"><strong>pwd. Dorota Kurpios<\/strong><\/p>\n","protected":false},"excerpt":{"rendered":"<p>Si\u0142a cia\u0142a, si\u0142a rozumu, si\u0142a ducha to trzy p\u0142omienie w\u0119drowniczej watry, kt&oacute;re maj\u0105 si\u0119 uzupe\u0142nia\u0107 i tworzy\u0107 sp&oacute;jn\u0105 ca\u0142o\u015b\u0107. Przy Trzech P\u0142omieniach ka\u017cdy si\u0119 mo\u017ce ogrza\u0107. Zap\u0142on\u0105 w najstarszych i najbardziej harcerskich g&oacute;rach w Polsce.<\/p>\n","protected":false},"author":152,"featured_media":0,"comment_status":"open","ping_status":"open","sticky":false,"template":"","format":"standard","meta":{"_acf_changed":false,"_exactmetrics_skip_tracking":false,"_exactmetrics_sitenote_active":false,"_exactmetrics_sitenote_note":"","_exactmetrics_sitenote_category":0,"footnotes":""},"categories":[236],"tags":[],"class_list":["post-18149","post","type-post","status-publish","format-standard","hentry","category-archiwum-2"],"acf":{"attached_posts":null},"_links":{"self":[{"href":"https:\/\/natropie.zhp.pl\/index.php\/wp-json\/wp\/v2\/posts\/18149","targetHints":{"allow":["GET"]}}],"collection":[{"href":"https:\/\/natropie.zhp.pl\/index.php\/wp-json\/wp\/v2\/posts"}],"about":[{"href":"https:\/\/natropie.zhp.pl\/index.php\/wp-json\/wp\/v2\/types\/post"}],"author":[{"embeddable":true,"href":"https:\/\/natropie.zhp.pl\/index.php\/wp-json\/wp\/v2\/users\/152"}],"replies":[{"embeddable":true,"href":"https:\/\/natropie.zhp.pl\/index.php\/wp-json\/wp\/v2\/comments?post=18149"}],"version-history":[{"count":0,"href":"https:\/\/natropie.zhp.pl\/index.php\/wp-json\/wp\/v2\/posts\/18149\/revisions"}],"wp:attachment":[{"href":"https:\/\/natropie.zhp.pl\/index.php\/wp-json\/wp\/v2\/media?parent=18149"}],"wp:term":[{"taxonomy":"category","embeddable":true,"href":"https:\/\/natropie.zhp.pl\/index.php\/wp-json\/wp\/v2\/categories?post=18149"},{"taxonomy":"post_tag","embeddable":true,"href":"https:\/\/natropie.zhp.pl\/index.php\/wp-json\/wp\/v2\/tags?post=18149"}],"curies":[{"name":"wp","href":"https:\/\/api.w.org\/{rel}","templated":true}]}}