{"id":18172,"date":"2007-05-06T21:23:31","date_gmt":"2007-05-06T19:23:31","guid":{"rendered":"http:\/\/Jeste\u015bmyorganizacj\u0105wychowawcz\u0105itowychowaniepowinnoby\u0107naszymcelem.My\u015b"},"modified":"2007-05-06T21:23:31","modified_gmt":"2007-05-06T19:23:31","slug":"plecak-pelen-zniczy-3","status":"publish","type":"post","link":"https:\/\/natropie.zhp.pl\/index.php\/plecak-pelen-zniczy-3\/","title":{"rendered":"Plecak pe\u0142en zniczy"},"content":{"rendered":"<p align=\"justify\"><strong><img loading=\"lazy\" decoding=\"async\" src=\"images\/stories\/Image\/autorzy\/g00.jpg\" border=\"1\" alt=\"Wybrany obraz\" hspace=\"5\" vspace=\"5\" width=\"100\" height=\"100\" align=\"left\" \/><\/strong>Jeste\u015bmy organizacj\u0105 wychowawcz\u0105 i to wychowanie powinno by\u0107 naszym celem. My\u015bl ta ci\u0105gle gdzie\u015b ucieka i jest przes\u0142aniana przez inne cele i inne my\u015bli, patrzymy wstecz, zamiast do przodu. I czasami w og&oacute;le si\u0119 nie zastanawiamy dlaczego to robimy.<\/p>\n<p><!--more--><\/p>\n<p align=\"justify\">&nbsp;<\/p>\n<p align=\"justify\">&nbsp;<\/p>\n<p align=\"justify\">Nie znam chyba drugiej organizacji wychowawczej tak rozmi\u0142owanej w swojej historii. Historia wa\u017cna rzecz, w ko\u0144cu dzi\u0119ki znajomo\u015bci historii mamy poczucie w\u0142asnej to\u017csamo\u015bci i mo\u017cemy uczy\u0107 si\u0119 na b\u0142\u0119dach innych. Ale&hellip; No w\u0142a\u015bnie &ndash; &bdquo;ale&rdquo;. Czasami mam wra\u017cenie, \u017ce ZHP jest jak cz\u0142owiek stoj\u0105cy przed lustrem, kt&oacute;ry ci\u0105gle podziwia swoje blizny po boju sprzed lat. B&oacute;j by\u0142, to prawda, nawet wi\u0119cej ni\u017c jeden. Najpierw pierwsza wojna, potem druga, potem mo\u017cna powiedzie\u0107 &bdquo;walka z komun\u0105&rdquo;. Ale to si\u0119 sko\u0144czy\u0142o i czas ruszy\u0107 przed siebie. Ale po co? Mo\u017cna sta\u0107 przed lustrem i podziwia\u0107 blizny. &bdquo;O ta blizna to spod Lenino. A ta wielka szrama to Waterloo. Kolano mi szwankuje po starciu nad Ma\u0142ym Wielkim Rogiem. Uczcijmy te blizny sm\u0119tn\u0105 piosenk\u0105.&rdquo;<\/p>\n<p align=\"justify\">Ile jeszcze? My\u015bl\u0119 sobie i my\u015bl\u0119 , i nie widz\u0119 nigdzie &bdquo;wychowania przez nauczanie historii&rdquo; w naszej metodzie. Widz\u0119 wychowanie przez dzia\u0142anie, przez stawianie wyzwa\u0144.<\/p>\n<p align=\"justify\">Oczywi\u015bcie ju\u017c szykuj\u0119 si\u0119 na ataki co poniekt&oacute;rych nadwornych &bdquo;nierozumiaczy&rdquo; moich wypowiedzi, kt&oacute;rzy zaraz krzykn\u0105, \u017ce ja w og&oacute;le neguj\u0119 histori\u0119. Hola, hola. Ja po prostu widz\u0119, \u017ce niekt&oacute;re \u015brodowiska s\u0105 w niej rozmi\u0142owane. I to nie mo\u017ce nie mie\u0107 wp\u0142ywu na program. Opieraj\u0105cy si\u0119 na sprawach z przesz\u0142o\u015bci, rekonstrukcji historycznej, na wspominaniu Tego Co By\u0142o i Tych Kt&oacute;rzy Byli. Na codzienno\u015b\u0107 nie ma miejsca. Ca\u0142o\u015b\u0107 oczywi\u015bcie zaprawiona tym charakterystycznym smaczkiem retro, tak charakterystycznym dla naszego ruchu&hellip;<\/p>\n<p align=\"justify\">I my\u015bl\u0119 sobie jak fajne musia\u0142o by\u0107 harcerstwo przedwojenne. Dlatego \u017ce nie mia\u0142o w\u0142asnej historii, kt&oacute;r\u0105 mog\u0142o z takim pietyzmem ho\u0142ubi\u0107 i wspomina\u0107. &bdquo;\u0141oj, panie! By\u0142o, by\u0142o, si\u0119 dzia\u0142o.&rdquo;<\/p>\n<p align=\"justify\">P&oacute;\u0142 biedy, je\u015bli to odniesienie do historii ma charakter konkretnego dzia\u0142ania. Ot gra miejska nawi\u0105zuj\u0105ca klimatem do Powstania Warszawskiego. Dzi\u0119ki niej uczymy si\u0119 topografii miasta, uczymy si\u0119 pracowa\u0107 w grupie, rozwijamy my\u015blenie strategiczne.<\/p>\n<p align=\"justify\">Gorzej je\u015bli to jedno z moich ulubionych dzia\u0142a\u0144- dzia\u0142anie &bdquo;pseudoduchowe&rdquo;. Wznios\u0142a atmosfera, \u015bwieczki, kolejny Prowincjonalny Teatr Kiczu i kazania o Tych Kt&oacute;rzy Przemin\u0119li. I kanonizacja. Tak, oni przecie\u017c byli bezb\u0142\u0119dni, b\u0105d\u017a taki jak oni! A\u017c strach co\u015b powiedzie\u0107.<\/p>\n<p align=\"justify\">Ostatnio jeden z hufc&oacute;w umie\u015bci\u0142 w Internecie konspekt kursu zast\u0119powych. Opr&oacute;cz innych bzdurek, kt&oacute;re tam si\u0119 pojawi\u0142y (uczenie zast\u0119powych metody harcerskiej) g\u0142&oacute;wn\u0105 rzecz\u0105, kt&oacute;ra mnie uderzy\u0142a by\u0142y w\u0142a\u015bnie punkty:<br \/>&#8211; Wykorzystanie historii w pracy zast\u0119pu<br \/>-Wykorzystanie tradycji w pracy zast\u0119pu.&nbsp;&nbsp; <\/p>\n<p align=\"justify\">Wyobra\u017cam sobie t\u0105 grupk\u0119 urwis&oacute;w z osiedla tworz\u0105cych w\u0142asny zast\u0119p, tych badenpowellowskich urwis&oacute;w i &hellip;prac\u0119 z histori\u0105 i tradycj\u0105. Po co? Czy my naprawd\u0119 mamy gdzie\u015b zapisane, \u017ce na tym polega nasza metoda wychowawcza? Czy harcerstwo przedwojenne by\u0142o gorsze, bo nie mia\u0142o swojej historii tradycji? Co te biedaki robi\u0142y na zbi&oacute;rkach? A nowo powstaj\u0105ce organizacje skautowe w niekt&oacute;rych krajach&hellip; Ci to dopiero s\u0105 biedni. Nie maj\u0105 w og&oacute;le czego wspomina\u0107 na kominkach!<\/p>\n<p align=\"justify\">Ale przecie\u017c na to tez jest czas i miejsce &ndash; powiedz\u0105 niekt&oacute;rzy. Zamiast zmniejsza\u0107 ilo\u015b\u0107 tych spraw w programie, zwi\u0119kszajmy ilo\u015b\u0107 innych. Niby tak kochani, ale zapominamy o jednej, bardzo wa\u017cnej rzeczy.&nbsp; Nasz czas na wychowanie m\u0142odego cz\u0142owieka jest ograniczony, zupe\u0142nie jak plecak, kt&oacute;ry bierzemy na w\u0119dr&oacute;wk\u0119. Fajnie gdyby\u015bmy tam mogli wzi\u0105\u0107 20 t-shirt&oacute;w, p\u0142aszcz przeciwdeszczowy, ze 3 polary, jak\u0105\u015b kurtk\u0119, troch\u0119 ksi\u0105\u017cek, laptopa, i hantle do \u0107wiczenia mi\u0119\u015bni. Ale to ma\u0142o realne.<\/p>\n<p align=\"justify\">Zastan&oacute;wmy si\u0119 nad tym jak pakujemy ten nasz plecak, co w niego wk\u0142adamy. Jak zaprogramujemy te 4 lata pobytu harcerza w dru\u017cynie. <\/p>\n<p align=\"justify\">Wyobra\u017a sobie drogi czytelniku, \u017ce idziesz na w\u0119dr&oacute;wk\u0119. \u015awietna pogoda, jesienny Beskid, ca\u0142y dzie\u0144 czasu. W okolicy szlaku znajduje si\u0119 wiele cmentarzy wojennych. Co zabierasz do plecaka?<br \/>Mo\u017cesz zabra\u0107 &frac34; plecaka zniczy. Zaliczysz ka\u017cdy cmentarz, zapalisz \u015bwieczk\u0119 na ka\u017cdym grobie. \u015awietna sprawa. Co prawda nie p&oacute;jdziesz w og&oacute;le wysoko w g&oacute;ry, bo nie b\u0119dzie ju\u017c na to czasu, zreszt\u0105 opr&oacute;cz zniczy w plecaku nie b\u0119dzie miejsca ani na drugie \u015bniadanie, ani na cieplejsz\u0105 kurtk\u0119. Atmosfera w waszej ekipie po ca\u0142ym dniu sp\u0119dzonym na cmentarzu te\u017c b\u0119dzie kr&oacute;tko m&oacute;wi\u0105c &ndash; grobowa.<\/p>\n<p align=\"justify\">Mo\u017cesz nie i\u015b\u0107 na cmentarz w og&oacute;le, mo\u017cesz postawi\u0107 na wyczyn i przygod\u0119. Znicze tylko ci\u0105\u017c\u0105 i zajmuj\u0105 miejsce (zak\u0142adamy \u017ce s\u0105 szklane).<br \/>Ja wezm\u0119 symboliczn\u0105 \u015bwieczk\u0119 i zapal\u0119 j\u0105 w drodze na szlak. Nie b\u0119d\u0119 tru\u0142 moich dzieciak&oacute;w d\u0142ugimi historiami o krwi, kt&oacute;ra wsi\u0105k\u0142a w t\u0105 ziemi\u0119, zapalimy \u015bwieczk\u0119, pomodlimy si\u0119 kr&oacute;tko i ruszymy w g&oacute;ry, po przygod\u0119 i podziwianie widok&oacute;w. Realn\u0105 przygod\u0119.<\/p>\n<p align=\"justify\">Pomy\u015bl co wy \u0142adujecie do swojego plecaka. I co konkretnie twoi harcerze wynios\u0105 z dru\u017cyny, jak przyda im si\u0119 to w \u017cyciu.<br \/>Nie r&oacute;bmy z harcerstwa muzeum. Bo w\u0142a\u015bnie przez to tr\u0105ci myszk\u0105. Nie, ono czasami wali na kilometr Popielem&hellip;<\/p>\n<p align=\"justify\">&nbsp;<\/p>\n<p align=\"justify\">&nbsp;<\/p>\n<p align=\"justify\"><strong><img loading=\"lazy\" decoding=\"async\" src=\"images\/stories\/Image\/autorzy\/g00.jpg\" border=\"1\" alt=\"Wybrany obraz\" hspace=\"5\" vspace=\"5\" width=\"100\" height=\"100\" align=\"left\" \/>hm. Micha\u0142 G&oacute;recki<\/strong> &#8211; komisarz zagraniczny ZHP, wieloletni cz\u0142onek, a obecnie wsp&oacute;\u0142pracownik Zespo\u0142u W\u0119drowniczego Wydzia\u0142u Metodycznego GK ZHP, naczelny ogniomistrz serwisu \u0141atwopalni. Dru\u017cynowy 64 Warszawskiej Dru\u017cyny W\u0119drowniczej &bdquo;Everest&rdquo;.<\/p>\n","protected":false},"excerpt":{"rendered":"<p>Jeste\u015bmy organizacj\u0105 wychowawcz\u0105 i to wychowanie powinno by\u0107 naszym celem. My\u015bl ta ci\u0105gle gdzie\u015b ucieka i jest przes\u0142aniana przez inne cele i inne my\u015bli, patrzymy wstecz, zamiast do przodu. I czasami w og&oacute;le si\u0119 nie zastanawiamy dlaczego to robimy.<\/p>\n","protected":false},"author":152,"featured_media":0,"comment_status":"open","ping_status":"open","sticky":false,"template":"","format":"standard","meta":{"_acf_changed":false,"_exactmetrics_skip_tracking":false,"_exactmetrics_sitenote_active":false,"_exactmetrics_sitenote_note":"","_exactmetrics_sitenote_category":0,"footnotes":""},"categories":[236],"tags":[],"class_list":["post-18172","post","type-post","status-publish","format-standard","hentry","category-archiwum-2"],"acf":{"attached_posts":null},"_links":{"self":[{"href":"https:\/\/natropie.zhp.pl\/index.php\/wp-json\/wp\/v2\/posts\/18172","targetHints":{"allow":["GET"]}}],"collection":[{"href":"https:\/\/natropie.zhp.pl\/index.php\/wp-json\/wp\/v2\/posts"}],"about":[{"href":"https:\/\/natropie.zhp.pl\/index.php\/wp-json\/wp\/v2\/types\/post"}],"author":[{"embeddable":true,"href":"https:\/\/natropie.zhp.pl\/index.php\/wp-json\/wp\/v2\/users\/152"}],"replies":[{"embeddable":true,"href":"https:\/\/natropie.zhp.pl\/index.php\/wp-json\/wp\/v2\/comments?post=18172"}],"version-history":[{"count":0,"href":"https:\/\/natropie.zhp.pl\/index.php\/wp-json\/wp\/v2\/posts\/18172\/revisions"}],"wp:attachment":[{"href":"https:\/\/natropie.zhp.pl\/index.php\/wp-json\/wp\/v2\/media?parent=18172"}],"wp:term":[{"taxonomy":"category","embeddable":true,"href":"https:\/\/natropie.zhp.pl\/index.php\/wp-json\/wp\/v2\/categories?post=18172"},{"taxonomy":"post_tag","embeddable":true,"href":"https:\/\/natropie.zhp.pl\/index.php\/wp-json\/wp\/v2\/tags?post=18172"}],"curies":[{"name":"wp","href":"https:\/\/api.w.org\/{rel}","templated":true}]}}