{"id":18187,"date":"2007-05-07T17:49:23","date_gmt":"2007-05-07T15:49:23","guid":{"rendered":"http:\/\/Podkoniecmarcaprzedstawicielenajwi\u0119kszychp&oacute;\u0142no"},"modified":"2007-05-07T17:49:23","modified_gmt":"2007-05-07T15:49:23","slug":"ulster-na-grafitti-3","status":"publish","type":"post","link":"https:\/\/natropie.zhp.pl\/index.php\/ulster-na-grafitti-3\/","title":{"rendered":"Ulster na grafitti"},"content":{"rendered":"<p align=\"justify\"><img loading=\"lazy\" decoding=\"async\" style=\"width: 136px; height: 95px\" src=\"images\/stories\/Image\/07_04\/BW_BEL_6.JPG\" border=\"1\" alt=\"Wybrany obraz\" hspace=\"5\" vspace=\"5\" width=\"136\" height=\"95\" align=\"left\" \/>Pod koniec marca przedstawiciele najwi\u0119kszych p&oacute;\u0142nocnoirlandzkich partii&nbsp;katolik&oacute;w i protestant&oacute;w zdo\u0142ali si\u0119 porozumie\u0107 w sprawie stworzenia nowego autonomicznego rz\u0105du Ulsteru. Tym samym zrobili kolejny krok ku ostatecznemu zako\u0144czeniu konfliktu trawi\u0105cego Irlandi\u0119 P&oacute;\u0142nocn\u0105 od dziesi\u0119cioleci. <\/p>\n<p><!--more--><\/p>\n<p align=\"justify\">&nbsp;<\/p>\n<p align=\"justify\">&nbsp;<\/p>\n<p align=\"justify\">&nbsp;<\/p>\n<p style=\"text-align: center\">\n<table border=\"0\" style=\"width: 291px; height: 364px\">\n<tbody>\n<tr>\n<td>&nbsp;<img loading=\"lazy\" decoding=\"async\" style=\"width: 275px; height: 336px\" src=\"images\/stories\/Image\/07_04\/BW_BEL_8.JPG\" alt=\"Wybrany obraz\" width=\"275\" height=\"336\" \/><\/td>\n<\/tr>\n<\/tbody>\n<\/table>\n<p align=\"justify\">&nbsp;<\/p>\n<p align=\"center\">&quot;Bohaterowie&quot; konfliktu otoczeni s\u0105 prawdziwym kultem. Red Hand Commando by\u0142o jedn\u0105 z lojalistycznych (protestanckich) boj&oacute;wek walcz\u0105cych z katolick\u0105 IRA.<\/p>\n<p align=\"justify\">&nbsp;<\/p>\n<p align=\"justify\">&nbsp;<\/p>\n<p align=\"justify\">&nbsp;<\/p>\n<p style=\"text-align: center\">\n<table border=\"0\" style=\"width: 86px; height: 55px\">\n<tbody>\n<tr>\n<td>&nbsp;<img loading=\"lazy\" decoding=\"async\" style=\"width: 376px; height: 254px\" src=\"images\/stories\/Image\/07_04\/BW_BEL_7.JPG\" alt=\"Wybrany obraz\" width=\"376\" height=\"254\" \/><\/td>\n<\/tr>\n<\/tbody>\n<\/table>\n<p align=\"justify\">&nbsp;<\/p>\n<p align=\"justify\">&nbsp;Grafitti na murach w obu dzielnicach Zachodniego Belfastu zmienia si\u0119 co kilka miesi\u0119cy. Dlatego zdj\u0119cia malowide\u0142 jakie znale\u017a\u0107 mo\u017cna w przewodnikach czy internecie staj\u0105 si\u0119 po jakim\u015b czasie nieaktualne i pr&oacute;\u017cno konkretnych obraz&oacute;w szuka\u0107 w rzeczywisto\u015bci.<\/p>\n<p align=\"justify\">&nbsp;<\/p>\n<p align=\"justify\">&nbsp;<\/p>\n<p align=\"justify\">&nbsp;<\/p>\n<p style=\"text-align: center\">\n<table border=\"0\" style=\"width: 246px; height: 166px\">\n<tbody>\n<tr>\n<td>&nbsp;<img loading=\"lazy\" decoding=\"async\" style=\"width: 363px; height: 251px\" src=\"images\/stories\/Image\/07_04\/BW_BEL_4.JPG\" alt=\"Wybrany obraz\" width=\"363\" height=\"251\" \/><\/td>\n<\/tr>\n<\/tbody>\n<\/table>\n<p style=\"text-align: center\">&nbsp;<\/p>\n<p align=\"justify\">&nbsp;Konflikt p&oacute;\u0142nocnoirlandzki w drugiej po\u0142owie XX wieku jest okre\u015blany mianem &quot;wojny terrorystycznej&quot;(podobnie jak ten w Izraelu). Organizacje terrorystyczne usprawiedliwia\u0142y swoje ataki przes\u0142ankami historycznymi odwo\u0142uj\u0105c si\u0119 do bohater&oacute;w sprzed dziesi\u0119cioleci. Malowid\u0142a z kontekstem historycznym s\u0105 najcz\u0119stsze w protestanckiej Shankill, nawet na takich spokojnych, na pierwszy rzut oka osiedlach mieszkaniowych.<\/p>\n<p align=\"justify\">&nbsp;<\/p>\n<p align=\"justify\">&nbsp;<\/p>\n<p align=\"justify\">&nbsp;<\/p>\n<p align=\"justify\">&nbsp;<\/p>\n<p style=\"text-align: center\">\n<table border=\"0\" style=\"width: 115px; height: 83px\">\n<tbody>\n<tr>\n<td>&nbsp;<img loading=\"lazy\" decoding=\"async\" style=\"width: 378px; height: 267px\" src=\"images\/stories\/Image\/07_04\/BW_BEL_3.JPG\" alt=\"Wybrany obraz\" width=\"378\" height=\"267\" \/><\/td>\n<\/tr>\n<\/tbody>\n<\/table>\n<p align=\"justify\">&nbsp;<\/p>\n<p align=\"justify\">Irlandia P&oacute;\u0142nocna to najbiedniejsza cz\u0119\u015b\u0107 wyspy. W czasach konfliktu bezrobocie si\u0119ga\u0142o tutaj kilkudziesi\u0119ciu procent, do dzi\u015b zar&oacute;wno w Shankill jak i Falls wida\u0107 bied\u0119 i wynikaj\u0105ce z niej patologie. Nic wi\u0119c dziwnego, \u017ce gdy tylko konflikt przygas\u0142 przedsi\u0119biorczy Irlandczycy \u015bci\u0105gn\u0119li do jego ogniska turyst&oacute;w, kt&oacute;rzy z przej\u0119ciem ogl\u0105daj\u0105 monumentalne malowid\u0142a.<\/p>\n<p align=\"justify\">&nbsp;<\/p>\n<p align=\"justify\">&nbsp;<\/p>\n<p align=\"justify\">&nbsp;<\/p>\n<p style=\"text-align: center\">\n<table border=\"0\" style=\"width: 232px; height: 220px\">\n<tbody>\n<tr>\n<td>&nbsp;<img loading=\"lazy\" decoding=\"async\" style=\"width: 422px; height: 277px\" src=\"images\/stories\/Image\/07_04\/BW_BEL_2.JPG\" alt=\"Wybrany obraz\" width=\"422\" height=\"277\" \/><\/td>\n<\/tr>\n<\/tbody>\n<\/table>\n<p align=\"justify\">&nbsp;<\/p>\n<p align=\"justify\">&nbsp;Ulsterski konflikt to wojna paramilitarnych formacji stworzonych zar&oacute;wno przez katolik&oacute;w jak i protestant&oacute;w. Oczywi\u015bcie najs\u0142ynniejsz\u0105 z nich by\u0142a Irlandzka Armia Republika\u0144ska(IRA). Ma\u0142o kto s\u0142ysza\u0142 jednak o takich organizacjach jak UVF, RIRA, INLA, IPLO, UFF, RHC&nbsp; i RUC. Ich cz\u0142onkami nie byli za\u015blepieni furi\u0105 fundamentali\u015bci ale ojcowie, synowie i m\u0119\u017cowie.<\/p>\n<p align=\"justify\">&nbsp;<\/p>\n<p align=\"justify\">&nbsp;<\/p>\n<p align=\"justify\">&nbsp;<\/p>\n<p align=\"justify\">&nbsp;<\/p>\n<p align=\"justify\">&nbsp;<\/p>\n<div style=\"text-align: center\">\n<table border=\"0\" style=\"width: 173px; height: 128px\">\n<tbody>\n<tr>\n<td>&nbsp;<img loading=\"lazy\" decoding=\"async\" style=\"width: 411px; height: 315px\" src=\"images\/stories\/Image\/07_04\/BW_BEL_1.JPG\" alt=\"Wybrany obraz\" width=\"411\" height=\"315\" \/><\/td>\n<\/tr>\n<\/tbody>\n<\/table>\n<\/div>\n<p align=\"justify\">&nbsp;<\/p>\n<p align=\"center\">&nbsp;Cz\u0119\u015b\u0107 malowide\u0142 ( w tym tak\u017ce to) przy g\u0142&oacute;wnej arterii protestanckiej dzielnicy Shankill pochodzi jeszcze z czas&oacute;w krwawego konfliktu. Inne pojawi\u0142y si\u0119 ca\u0142kiem niedawno.<\/p>\n<p align=\"justify\">&nbsp;<\/p>\n<p align=\"justify\">&nbsp;<\/p>\n<p align=\"justify\">&nbsp;&nbsp;<\/p>\n<p align=\"justify\">&nbsp;<\/p>\n<p style=\"text-align: center\">\n<table border=\"0\" style=\"width: 203px; height: 129px\">\n<tbody>\n<tr>\n<td>&nbsp;<img loading=\"lazy\" decoding=\"async\" style=\"width: 416px; height: 272px\" src=\"images\/stories\/Image\/07_04\/BW_BEL_9.JPG\" alt=\"Wybrany obraz\" width=\"416\" height=\"272\" \/><\/td>\n<\/tr>\n<\/tbody>\n<\/table>\n<p align=\"justify\">&nbsp;<\/p>\n<p align=\"center\">&nbsp;Chrystus umar\u0142 za naszych syn&oacute;w- tylko pozornie wiara jest g\u0142&oacute;wnym powodem spor&oacute;w, kt&oacute;re&nbsp;poch\u0142on\u0119\u0142y kilkaset ofiar. <\/p>\n<p align=\"center\">&nbsp;<\/p>\n<p align=\"center\"><strong>tekst i zdj\u0119cia:<\/strong><\/p>\n<p align=\"center\"><strong>Filip Springer<\/strong><\/p>\n<p align=\"justify\">&nbsp;<\/p>\n<p align=\"justify\">&nbsp;<\/p>\n<p align=\"justify\">&nbsp;<\/p>\n<p align=\"justify\">&nbsp;<\/p>\n<p align=\"justify\">&nbsp;<\/p>\n<p align=\"justify\">&nbsp;<\/p>\n<p align=\"justify\">&nbsp;<\/p>\n<p align=\"justify\">&nbsp;<\/p>\n<p align=\"justify\">&nbsp;<\/p>\n<p align=\"justify\">&nbsp;<\/p>\n<p align=\"justify\">&nbsp;<\/p>\n<p align=\"justify\">&nbsp;<\/p>\n<p align=\"justify\">&nbsp;<\/p>\n<p align=\"justify\">&nbsp;<\/p>\n<p align=\"justify\">&nbsp;<\/p>\n<p align=\"justify\">&nbsp;<\/p>\n<p align=\"justify\">&nbsp;<\/p>\n<p align=\"justify\">&nbsp;<\/p>\n<p align=\"justify\">&nbsp;<\/p>\n<p align=\"justify\">&nbsp;<\/p>\n<p align=\"justify\">&nbsp;<\/p>\n<p align=\"justify\">&nbsp;<\/p>\n<p align=\"justify\">&nbsp;<\/p>\n<p align=\"justify\">&nbsp;<\/p>\n<p align=\"justify\">&nbsp;<\/p>\n<p align=\"justify\">&nbsp;<\/p>\n<p align=\"justify\">&nbsp;<\/p>\n<p align=\"justify\">&nbsp;<\/p>\n<p align=\"justify\">&nbsp;<\/p>\n<p align=\"justify\">&nbsp;<\/p>\n<p align=\"justify\">&nbsp;<\/p>\n<p align=\"justify\">&nbsp;<\/p>\n<p align=\"justify\">&nbsp;<\/p>\n<p align=\"justify\">&nbsp;<\/p>\n<p align=\"justify\">&nbsp;<\/p>\n<p align=\"justify\">&nbsp;<\/p>\n<p align=\"justify\">&nbsp;<\/p>\n<p align=\"justify\">&nbsp;<\/p>\n<p align=\"justify\">&nbsp;<\/p>\n<p align=\"justify\">&nbsp;<\/p>\n<p align=\"justify\">&nbsp;<\/p>\n<p align=\"justify\">&nbsp;<\/p>\n<p align=\"justify\">&nbsp;<\/p>\n<p align=\"justify\">&nbsp;<\/p>\n<p align=\"justify\">&nbsp;<\/p>\n<p align=\"justify\">&nbsp;<\/p>\n<p align=\"justify\">&nbsp;<\/p>\n<p align=\"justify\">&nbsp;<\/p>\n<p align=\"justify\">&nbsp;<\/p>\n<p align=\"justify\">&nbsp;<\/p>\n<p align=\"justify\">&nbsp;<\/p>\n<p align=\"justify\">&nbsp;<\/p>\n<p align=\"justify\">&nbsp;<\/p>\n<p align=\"justify\">&nbsp;<\/p>\n<p align=\"justify\">&nbsp;<\/p>\n<p align=\"justify\">&nbsp;<\/p>\n<p align=\"justify\">&nbsp;<\/p>\n<p align=\"justify\">&nbsp;<\/p>\n<p align=\"justify\">&nbsp;<\/p>\n<p align=\"justify\">&nbsp;<\/p>\n<p align=\"justify\">&nbsp;<\/p>\n","protected":false},"excerpt":{"rendered":"<p>Pod koniec marca przedstawiciele najwi\u0119kszych p&oacute;\u0142nocnoirlandzkich partii&nbsp;katolik&oacute;w i protestant&oacute;w zdo\u0142ali si\u0119 porozumie\u0107 w sprawie stworzenia nowego autonomicznego rz\u0105du Ulsteru. Tym samym zrobili kolejny krok ku ostatecznemu zako\u0144czeniu konfliktu trawi\u0105cego Irlandi\u0119 P&oacute;\u0142nocn\u0105 od dziesi\u0119cioleci.<\/p>\n","protected":false},"author":152,"featured_media":0,"comment_status":"open","ping_status":"open","sticky":false,"template":"","format":"standard","meta":{"_acf_changed":false,"_exactmetrics_skip_tracking":false,"_exactmetrics_sitenote_active":false,"_exactmetrics_sitenote_note":"","_exactmetrics_sitenote_category":0,"footnotes":""},"categories":[236],"tags":[],"class_list":["post-18187","post","type-post","status-publish","format-standard","hentry","category-archiwum-2"],"acf":{"attached_posts":null},"_links":{"self":[{"href":"https:\/\/natropie.zhp.pl\/index.php\/wp-json\/wp\/v2\/posts\/18187","targetHints":{"allow":["GET"]}}],"collection":[{"href":"https:\/\/natropie.zhp.pl\/index.php\/wp-json\/wp\/v2\/posts"}],"about":[{"href":"https:\/\/natropie.zhp.pl\/index.php\/wp-json\/wp\/v2\/types\/post"}],"author":[{"embeddable":true,"href":"https:\/\/natropie.zhp.pl\/index.php\/wp-json\/wp\/v2\/users\/152"}],"replies":[{"embeddable":true,"href":"https:\/\/natropie.zhp.pl\/index.php\/wp-json\/wp\/v2\/comments?post=18187"}],"version-history":[{"count":0,"href":"https:\/\/natropie.zhp.pl\/index.php\/wp-json\/wp\/v2\/posts\/18187\/revisions"}],"wp:attachment":[{"href":"https:\/\/natropie.zhp.pl\/index.php\/wp-json\/wp\/v2\/media?parent=18187"}],"wp:term":[{"taxonomy":"category","embeddable":true,"href":"https:\/\/natropie.zhp.pl\/index.php\/wp-json\/wp\/v2\/categories?post=18187"},{"taxonomy":"post_tag","embeddable":true,"href":"https:\/\/natropie.zhp.pl\/index.php\/wp-json\/wp\/v2\/tags?post=18187"}],"curies":[{"name":"wp","href":"https:\/\/api.w.org\/{rel}","templated":true}]}}