{"id":18195,"date":"2007-05-08T02:36:42","date_gmt":"2007-05-08T00:36:42","guid":{"rendered":"http:\/\/9lattemunagwiazdk\u0119otrzyma\u0142emksi\u0105\u017ck\u0119&bdquo;MojeBieguny&rdquo;autorstwas\u0142ynnegoju\u017cw&#038;oa"},"modified":"2007-05-08T02:36:42","modified_gmt":"2007-05-08T00:36:42","slug":"marzenia-sa-bezcenne-3","status":"publish","type":"post","link":"https:\/\/natropie.zhp.pl\/index.php\/marzenia-sa-bezcenne-3\/","title":{"rendered":"Marzenia s\u0105 bezcenne"},"content":{"rendered":"<p align=\"justify\"><img loading=\"lazy\" decoding=\"async\" src=\"images\/stories\/Image\/07_05\/W_MB.jpg\" border=\"1\" alt=\"Wybrany obraz\" hspace=\"5\" vspace=\"5\" width=\"100\" height=\"140\" align=\"left\" \/>9 lat temu na gwiazdk\u0119 otrzyma\u0142em ksi\u0105\u017ck\u0119 &bdquo;Moje Bieguny&rdquo; autorstwa s\u0142ynnego ju\u017c w&oacute;wczas polarnika Marka Kami\u0144skiego. Rodzice wpisali mi w dedykacji bym &bdquo;Zdobywa\u0142 szczyty mi\u0119dzy jego biegunami&rdquo;. Pami\u0119tam jak wielkie wra\u017cenie zrobi\u0142a na mnie jego si\u0142a woli, up&oacute;r i przekonanie o s\u0142uszno\u015bci swoich wybor&oacute;w. Dzi\u015b mog\u0119 Was zaprosi\u0107 do lektury felietonu, kt&oacute;ry Marek Kami\u0144ski napisa\u0142 specjalnie dla Na Tropie. Marzenia si\u0119 spe\u0142niaj\u0105.<\/p>\n<p><!--more--><\/p>\n<p align=\"justify\">&nbsp;<\/p>\n<p align=\"justify\">Zapewne jednym z marze\u0144 \u0141ukasza Czernieckiego &#8211; Czarnego, by\u0142o wej\u015bcie na Elbrus. Zapewne w wysokie i niebezpieczne g&oacute;ry pcha\u0142o go to samo uczucie, kt&oacute;re Markowi Kami\u0144skiemu kaza\u0142o w\u0119drowa\u0107 na biegun. Z pewno\u015bci\u0105 szed\u0142 tam z takim samym przekonaniem, \u017ce to jego jedyna s\u0142uszna droga. Niestety jedna z tych g&oacute;r okaza\u0142a si\u0119 silniejsza. \u0141ukasz zgin\u0105\u0142 na Elbrusie 26 kwietnia, kilkana\u015bcie dni temu, dok\u0142adnie w swoje 25 urodziny. Nie zna\u0142em Czarnego, dlatego nie pozostaje mi nic innego jak odda\u0107 g\u0142os jego przyjacio\u0142om z Harcerskiej Szko\u0142y Ratownictwa, kt&oacute;rzy wspominaj\u0105 go w dziale &bdquo;Na Tropie Specjalno\u015bci&rdquo;. <\/p>\n<p align=\"justify\">&nbsp;<\/p>\n<p align=\"justify\">W tym numerze Na Tropie skupili\u015bmy si\u0119 na&nbsp; zagadnieniu p\u0142ci, cielesno\u015bci i seksualno\u015bci, z jakim zmierzy\u0107 przychodzi nam si\u0119 w naszej harcerskiej pracy. Z dum\u0105 mog\u0119 zaprosi\u0107 Was do tekstu profesora Andrzeja Jaczewskiego, wybitnego polskiego seksuologa i pedagoga, szerszej rzeszy czytelnik&oacute;w znanego zapewne ze s\u0142ynnych ksi\u0105\u017cek &bdquo;O ch\u0142opcach dla ch\u0142opc&oacute;w&rdquo; i &bdquo;O dziewcz\u0119tach dla dziewcz\u0105t&rdquo;. Pan profesor i do\u015bwiadczony instruktor harcerski zarazem w klarowny spos&oacute;b wyja\u015bnia co si\u0119 dzieje z tak zwan\u0105 &bdquo;dzisiejsz\u0105 m\u0142odzie\u017c\u0105&rdquo; i jaki ma to wp\u0142yw na relacje spo\u0142eczne. Gor\u0105co Was zach\u0119cam do wnikliwej lektury tego tekstu. <\/p>\n<p align=\"justify\">&nbsp;<\/p>\n<p align=\"justify\">O powa\u017cnym traktowaniu p\u0142ci i o tym jak powinni\u015bmy takiej postawy naucza\u0107 w ZHP pisze dziennikarski kolektyw w sk\u0142adzie Anna B\u0142aszczak, Katarzyna Krawczyk i Joanna Nestorowicz. To doskona\u0142y tekst traktuj\u0105cy o problemie, nad kt&oacute;rym nie wszyscy si\u0119 chyba zastanawiamy. A szkoda, bo to , jak do niego podejdziemy, ma silny wp\u0142yw na spor\u0105 cz\u0119\u015b\u0107 naszego \u017cycia.&nbsp; <\/p>\n<p align=\"justify\">&nbsp;<\/p>\n<p align=\"justify\">O tym jak odr&oacute;\u017cni\u0107 z\u0142y dotyk od dobrego pisze wsp&oacute;\u0142autorka poradnika &bdquo;Sytuacje intymne w pracy wychowawczej&rdquo; harcmistrzyni Anna Poraj. Konsekwencje jakie mog\u0105 spotka\u0107 ka\u017cdego, kto w takich sytuacjach nie b\u0119dzie umia\u0142, lub nie b\u0119dzie chcia\u0142 si\u0119 zachowa\u0107 odpowiednio szczeg&oacute;\u0142owo opisuje \u015bwie\u017co upieczony prokurator, szef Zespo\u0142u W\u0119drowniczego GK ZHP phm. Marek Piegat.&nbsp; <\/p>\n<p align=\"justify\">&nbsp;<\/p>\n<p align=\"justify\">Nie zabrak\u0142o w tym numerze i temat&oacute;w l\u017cejszych. Sprawd\u017acie sami co si\u0119 wydarzy\u0142o w harcerskim \u015bwiatku w ostatnim czasie, a co niebawem si\u0119 wydarzy. <\/p>\n<p align=\"justify\">&nbsp;<\/p>\n<p align=\"justify\">Gor\u0105co zapraszam Was do lektury tego numeru Magazynu W\u0119drowniczego Na Tropie. Pismo zaczyna przybiera\u0107 kszta\u0142t, jaki rysowa\u0142 si\u0119 bardzo dawno w redakcyjnych g\u0142owach. Mamy nadziej\u0119, \u017ce spodoba si\u0119 Wam tak, jak nam si\u0119 podoba.<\/p>\n<p align=\"justify\">&nbsp;<\/p>\n<p align=\"justify\"><strong>Filip Springer-redaktor naczelny<\/strong><\/p>\n","protected":false},"excerpt":{"rendered":"<p>9 lat temu na gwiazdk\u0119 otrzyma\u0142em ksi\u0105\u017ck\u0119 &bdquo;Moje Bieguny&rdquo; autorstwa s\u0142ynnego ju\u017c w&oacute;wczas polarnika Marka Kami\u0144skiego. Rodzice wpisali mi w dedykacji bym &bdquo;Zdobywa\u0142 szczyty mi\u0119dzy jego biegunami&rdquo;. Pami\u0119tam jak wielkie wra\u017cenie zrobi\u0142a na mnie jego si\u0142a woli, up&oacute;r i przekonanie o s\u0142uszno\u015bci swoich wybor&oacute;w. Dzi\u015b mog\u0119 Was zaprosi\u0107 do lektury felietonu, kt&oacute;ry Marek Kami\u0144ski napisa\u0142 [&#8230;]<\/p>\n","protected":false},"author":152,"featured_media":0,"comment_status":"open","ping_status":"open","sticky":false,"template":"","format":"standard","meta":{"_acf_changed":false,"_exactmetrics_skip_tracking":false,"_exactmetrics_sitenote_active":false,"_exactmetrics_sitenote_note":"","_exactmetrics_sitenote_category":0,"footnotes":""},"categories":[236],"tags":[],"class_list":["post-18195","post","type-post","status-publish","format-standard","hentry","category-archiwum-2"],"acf":{"attached_posts":null},"_links":{"self":[{"href":"https:\/\/natropie.zhp.pl\/index.php\/wp-json\/wp\/v2\/posts\/18195","targetHints":{"allow":["GET"]}}],"collection":[{"href":"https:\/\/natropie.zhp.pl\/index.php\/wp-json\/wp\/v2\/posts"}],"about":[{"href":"https:\/\/natropie.zhp.pl\/index.php\/wp-json\/wp\/v2\/types\/post"}],"author":[{"embeddable":true,"href":"https:\/\/natropie.zhp.pl\/index.php\/wp-json\/wp\/v2\/users\/152"}],"replies":[{"embeddable":true,"href":"https:\/\/natropie.zhp.pl\/index.php\/wp-json\/wp\/v2\/comments?post=18195"}],"version-history":[{"count":0,"href":"https:\/\/natropie.zhp.pl\/index.php\/wp-json\/wp\/v2\/posts\/18195\/revisions"}],"wp:attachment":[{"href":"https:\/\/natropie.zhp.pl\/index.php\/wp-json\/wp\/v2\/media?parent=18195"}],"wp:term":[{"taxonomy":"category","embeddable":true,"href":"https:\/\/natropie.zhp.pl\/index.php\/wp-json\/wp\/v2\/categories?post=18195"},{"taxonomy":"post_tag","embeddable":true,"href":"https:\/\/natropie.zhp.pl\/index.php\/wp-json\/wp\/v2\/tags?post=18195"}],"curies":[{"name":"wp","href":"https:\/\/api.w.org\/{rel}","templated":true}]}}