{"id":18201,"date":"2007-06-11T18:18:41","date_gmt":"2007-06-11T16:18:41","guid":{"rendered":"http:\/\/Dziekanatkorpusukomendant&oacute;wchor\u0105gwi(sic!)zapowiadazwo\u0142anieNadz"},"modified":"2007-06-11T18:18:41","modified_gmt":"2007-06-11T16:18:41","slug":"najswietsza-jest-demokracja-3","status":"publish","type":"post","link":"https:\/\/natropie.zhp.pl\/index.php\/najswietsza-jest-demokracja-3\/","title":{"rendered":"Naj\u015bwi\u0119tsza jest demokracja"},"content":{"rendered":"<p align=\"justify\"><img loading=\"lazy\" decoding=\"async\" src=\"images\/stories\/Image\/07_06\/WT_DEMO_1.jpg\" border=\"1\" alt=\"Przyk&amp;lstrok;adowy obraz\" hspace=\"5\" vspace=\"5\" width=\"139\" height=\"105\" align=\"left\" \/>Dziekanat korpusu komendant&oacute;w chor\u0105gwi (sic!) zapowiada zwo\u0142anie Nadzwyczajnego Zjazdu ZHP w celu wyboru w\u0142adz naczelnych oraz zmian w statucie prowadz\u0105cych do ograniczenia kompetencji Rady Naczelnej. Komendanci chor\u0105gwi uwa\u017caj\u0105 zapewne, \u017ce gorliwie wype\u0142niaj\u0105 dany im w demokratycznych wyborach mandat do sprawowania w\u0142adzy. Ja uwa\u017cam, \u017ce oni ten demokratyczny mandat naruszaj\u0105 i przekraczaj\u0105.<\/p>\n<p><!--more--><\/p>\n<p align=\"justify\">&nbsp;<\/p>\n<p align=\"justify\">&nbsp;<\/p>\n<p align=\"justify\">Jako instruktorka Zwi\u0105zku Harcerstwa Polskiego co najmniej raz na dwa lata nie mog\u0119 si\u0119 oprze\u0107 wra\u017ceniu, \u017ce oto w naszej organizacji dochodzi do bezpo\u015bredniego zderzenia dw&oacute;ch wykluczaj\u0105cych si\u0119 \u015bwiat&oacute;w. I to zderzenia na poziomie fundamentalnym. Ostatnio okazj\u0105 do takiej obserwacji sta\u0142 si\u0119 XXXIV Nadzwyczajny Zjazd ZHP zwany Zjazdem Programowym.<\/p>\n<p align=\"justify\">Ale po kolei. Przyjrzyjmy si\u0119 faktom.<\/p>\n<p align=\"justify\">&nbsp;<\/p>\n<p align=\"justify\">W dniu 20 maja 2007 r. przewodnicz\u0105cy komisji Rady Naczelnej spotkali si\u0119 z Naczelniczk\u0105 ZHP przekazuj\u0105c jej informacje dotycz\u0105ce negatywnych stanowisk komisji w sprawie oceny pracy G\u0142&oacute;wnej Kwatery w roku 2006&nbsp; i realnej mo\u017cliwo\u015bci nieudzielenia Naczelniczce ZHP i G\u0142&oacute;wnej Kwaterze ZHP absolutorium za dzia\u0142ania w roku 2006.<\/p>\n<p align=\"justify\">&nbsp;<\/p>\n<p align=\"justify\">W dniu 3 czerwca w czasie XXXIV Zjazdu Nadzwyczajnego ZHP dziekanat korpusu komendant&oacute;w chor\u0105gwi zapowiedzia\u0142 z\u0142o\u017cenie na r\u0119ce Przewodnicz\u0105cego wniosku o zwo\u0142anie Zjazdu Nadzwyczajnego ZHP w celu wyboru w\u0142adz naczelnych oraz zmian w statucie, kt&oacute;re mia\u0142yby prowadzi\u0107 do ograniczenia kompetencji Rady Naczelnej, tak aby cz\u0142onkowie Rady dzi\u015b wybierani przez Zjazd ZHP mogli by\u0107 odwo\u0142ywani przez komendant&oacute;w chor\u0105gwi. Dodatkowo cz\u0142onkowie Rady Naczelnej mieliby na forum Rady reprezentowa\u0107 wy\u0142\u0105cznie interesy komend chor\u0105gwi, a ka\u017cde niepos\u0142usze\u0144stwo w tym zakresie skutkowa\u0142oby decyzj\u0105 o odwo\u0142aniu cz\u0142onka Rady Naczelnej. Konieczno\u015b\u0107 wprowadzenia powy\u017cszych zmian dziekanat argumentowa\u0142 now\u0105 sytuacj\u0105 spo\u0142eczno-ekonomiczn\u0105 Zwi\u0105zku, zwi\u0105zan\u0105 z nabyciem osobowo\u015bci prawnej przez chor\u0105gwie.<\/p>\n<p align=\"justify\">&nbsp;<\/p>\n<p align=\"justify\">Komendanci chor\u0105gwi zdaj\u0105 si\u0119 s\u0105dzi\u0107, \u017ce decyduj\u0105c si\u0119 na taki krok, naprawiaj\u0105 organizacj\u0119 i s\u0142u\u017c\u0105 harcerstwu.<br \/>Ja mam wra\u017cenie dok\u0142adnie odwrotne.<\/p>\n<p align=\"justify\">&nbsp;<\/p>\n<p align=\"justify\">Metody stosowane dla osi\u0105gni\u0119cia partykularnych cel&oacute;w, narz\u0119dzia, kt&oacute;re s\u0105 do tego wykorzystywane i spos&oacute;b w jaki komendanci chor\u0105gwi sprawuj\u0105 mandat otrzymany w demokratycznych wyborach s\u0105 dla mnie nie do przyj\u0119cia. Wedle mojego rozumienia tego czym jest demokracja, w naszej organizacji w\u0142a\u015bnie si\u0119 od niej odchodzi. Cho\u0107 prawdopodobnie, komendanci chor\u0105gwi, tak jak i ja, s\u0105 szczerymi demokratami (?), to jednak z ka\u017cdym kolejnym Zjazdem &#8211; zwyczajnym czy nadzwyczajnym, chor\u0105gwi czy ca\u0142ej organizacji, mi\u0119dzy \u015bwiatami, z kt&oacute;rych pochodzimy narasta przepa\u015b\u0107. Po XXXIV Nadzwyczajnym Zje\u017adzie ZHP ta przepa\u015b\u0107 sta\u0142a si\u0119 nie do przeskoczenia.<\/p>\n<p align=\"justify\">&nbsp;<\/p>\n<p align=\"justify\">Uwa\u017cam, \u017ce okrzyki, kt&oacute;re pojawi\u0142y si\u0119 na ustach wielu delegat&oacute;w tu\u017c po zamkni\u0119ciu XXXIV Zjazdu &#8211; Targowica! Jaruzelscy! Precz z komun\u0105! &#8211; s\u0105 niesmaczne i wysoce przesadzone. My\u015bl\u0119 tak\u017ce, \u017ce analogia pomi\u0119dzy obecn\u0105 sytuacj\u0105 ZHP a rz\u0105dami oligarchicznymi, czy nawet autorytarnymi jest odleg\u0142a. Jednak, kiedy wyobra\u017cam sobie nasz\u0105 organizacj\u0119 za kilka lat, po wprowadzeniu zmian proponowanych przez komendant&oacute;w chor\u0105gwi, ta odleg\u0142o\u015b\u0107 niebezpiecznie si\u0119 zmniejsza.<\/p>\n<p align=\"justify\">&nbsp;<\/p>\n<p align=\"justify\"><strong>Istota demokracji<\/strong><\/p>\n<p align=\"justify\">Kto\u015b zapyta &#8211; skoro najwy\u017csza w\u0142adza ZHP jak\u0105 jest Zjazd, w statucie uprawni\u0142a komendant&oacute;w chor\u0105gwi do wnioskowania o zwo\u0142anie Nadzwyczajnego Zjazdu ZHP i je\u015bli ta sama najwy\u017csza w\u0142adza w demokratycznych wyborach przeg\u0142osuje proponowane przez komendant&oacute;w chor\u0105gwi zmiany, to gdzie le\u017cy problem?<\/p>\n<p align=\"justify\">&nbsp;<\/p>\n<p align=\"justify\">Profesor Slavoj \u017bi\u017cek &#8211; s\u0142owe\u0144ski filozof i jeden ze wsp&oacute;\u0142czesnych krytyk&oacute;w realnie istniej\u0105cych demokracji pisze tak:<\/p>\n<p align=\"justify\">&nbsp;<\/p>\n<p align=\"justify\"><em>&bdquo;Demokracja zak\u0142ada, \u017ce zbiorowa m\u0105dro\u015b\u0107 wcze\u015bniej czy p&oacute;\u017aniej poprowadzi nas we w\u0142a\u015bciwym kierunku. A co je\u015bli to si\u0119 nie sprawdzi? Nie twierdz\u0119, \u017ce demokracja si\u0119 myli. Pytam tylko, co by si\u0119 sta\u0142o, gdyby si\u0119 pomyli\u0142a&rdquo;.<\/em><\/p>\n<p align=\"justify\">&nbsp;<\/p>\n<p align=\"justify\">No w\u0142a\u015bnie. Czy przeg\u0142osowane w demokratycznych wyborach, znaczne ograniczenie praw jakiej\u015b mniejszo\u015bci spo\u0142ecznej, to nadal demokracja? A czy decyzja legalnie wybranego organu, prowadz\u0105ca w konsekwencji do zmarginalizowania innego organu, wybranego na drodze demokratycznej ci\u0105gle jest demokracj\u0105?<\/p>\n<p align=\"justify\">&nbsp;<\/p>\n<p align=\"justify\">Inny klasyk &#8211; John Stuart Mill przestrzega\u0142, \u017ce pu\u0142apk\u0105 demokracji, z kt&oacute;rej robi\u0105 u\u017cytek faktyczni dyktatorzy, legitymuj\u0105cy si\u0119 wynikiem wygranych wybor&oacute;w jest wiara, \u017ce nar&oacute;d nie musi si\u0119 chroni\u0107 przed swoj\u0105 w\u0142asn\u0105 wol\u0105, wi\u0119c ca\u0142\u0105 w\u0142adz\u0119 mo\u017ce odda\u0107 tym, kt&oacute;rych suwerennie wybiera.<\/p>\n<p align=\"justify\">&nbsp;<\/p>\n<p align=\"justify\">Tymczasem istot\u0105 demokracji nie s\u0105 rz\u0105dy wi\u0119kszo\u015bci. Istot\u0105 demokracji jest r&oacute;wnowaga.&nbsp; Ta r&oacute;wnowaga, kt&oacute;r\u0105 proponowane przez komendant&oacute;w chor\u0105gwi zmiany w statucie ZHP naruszaj\u0105 w spos&oacute;b oczywisty. Nie zawsze zgadza\u0142am si\u0119 ze stanowiskami Rady Naczelnej (patrz: &bdquo;Na Tropie&rdquo; nr 2\/2007 &bdquo;Palec wskazuj\u0105cy&rdquo;), jednak doceniam, \u017ce podejmowane przez ni\u0105 decyzje s\u0105 arbitralne. Sprowadzenie cz\u0142onk&oacute;w Rady do roli \u015blepych bagnet&oacute;w w r\u0119kach komendant&oacute;w chor\u0105gwi wypacza rol\u0119 tego organu.<\/p>\n<p align=\"justify\">&nbsp;<\/p>\n<p align=\"justify\">Argumentacja przedstawiona przez dziekanat korpusu komendant&oacute;w chor\u0105gwi (no nie mog\u0119!), cho\u0107 przyznaj\u0119 &#8211; ubrana w g\u0142adkie, okr\u0105g\u0142e s\u0142&oacute;wka, jest jawn\u0105 kpin\u0105 z inteligencji delegat&oacute;w. Kto uwierzy, \u017ce rozszerzanie autonomii i tak niezale\u017cnych ju\u017c chor\u0105gwi, wp\u0142ynie na wzmocnienie jedno\u015bci organizacji? Lito\u015bci.<\/p>\n<p align=\"justify\">Problem deprecjacji demokracji jest problemem globalnym, szeroko opisanym w literaturze.<\/p>\n<p align=\"justify\">Znany ameryka\u0144ski publicysta i politolog Fareed Zakaria pisa\u0142:<\/p>\n<p align=\"justify\">&bdquo;<em>Tendencja demokratycznych rz\u0105d&oacute;w do wiary w swoj\u0105 pe\u0142n\u0105 niezale\u017cno\u015b\u0107 (czyli pe\u0142n\u0105 w\u0142adz\u0119) mo\u017ce prowadzi\u0107 do centralizacji w\u0142adzy (&hellip;). Wybrane rz\u0105dy, twierdz\u0105c, \u017ce reprezentuj\u0105 nar&oacute;d, stopniowo anektuj\u0105 kompetencje i prawa innych instytucji&rdquo;.<\/em><\/p>\n<p align=\"justify\">&nbsp;<\/p>\n<p align=\"justify\">Jest to cykl roz\u0142o\u017conych na lata pozornie uzasadnionych, racjonalnych krok&oacute;w, ma\u0142ych modyfikacji, drobnych poprawek w przepisach i powolnej ewolucji zwyczaj&oacute;w.<\/p>\n<p align=\"justify\">&nbsp;<\/p>\n<p align=\"justify\">Fa\u0142szywa logika sprawia, \u017ce w umys\u0142ach komendant&oacute;w chor\u0105gwi oraz ich wyborc&oacute;w powstaje przekonanie, i\u017c w\u0142adza posiadaj\u0105ca mandat od wyborc&oacute;w mo\u017ce niemal wszystko.<\/p>\n<p align=\"justify\">&nbsp;<\/p>\n<p align=\"justify\">O mur takiej logiki rozbi\u0142am si\u0119 podczas ostatniego Zjazdu mojej chor\u0105gwi, kiedy wykazywa\u0142am, \u017ce osoba, kt&oacute;r\u0105 komendantka chor\u0105gwi proponuje na funkcj\u0119 szefowej pracy z kadr\u0105, jest niekompetentna, bo nie posiada nawet Br\u0105zowej Odznaki Kadry Kszta\u0142c\u0105cej i nie jest w stanie spe\u0142ni\u0107 warunk&oacute;w do jej otrzymania w daj\u0105cym si\u0119 przewidzie\u0107 czasie. Kontrargumenty z sali sprowadza\u0142y si\u0119 do stwierdzen<br \/>\nia, \u017ce je\u015bli Zjazd wybierze ow\u0105 druhn\u0119, z mocy prawa stanie si\u0119 ona kompetentna w zakresie kszta\u0142cenia kadry.<\/p>\n<p align=\"justify\">&nbsp;<\/p>\n<p align=\"justify\">W taki oto spos&oacute;b kult \u017ale rozumianej demokracji prowadzi do dyktatury wi\u0119kszo\u015bci, maj\u0105cej pe\u0142n\u0105 legitymacj\u0119 formaln\u0105 do marginalizowania wszelkiej opozycji oraz sankcjonowania oczywistych nonsens&oacute;w.<\/p>\n<p align=\"justify\">&nbsp;<\/p>\n<p align=\"justify\"><strong>Kij w szprychy w\u0142adzy<\/strong><\/p>\n<p align=\"justify\">Sytuacja w ZHP jest niepokoj\u0105ca, bo jako\u015b\u0107 procedur demokratycznych, zale\u017cy w znacznej mierze od stopnia zaanga\u017cowania spo\u0142eczno\u015bci w \u017cycie stowarzyszenia, a w naszej organizacji frekwencja na Zjazdach, jako\u015b\u0107 debat na tematy og&oacute;lnozwi\u0105zkowe i zrozumienie dla konieczno\u015bci anga\u017cowania si\u0119 w sprawy ruchu jest ci\u0105gle zastraszaj\u0105co niska.<\/p>\n<p align=\"justify\">&nbsp;<\/p>\n<p align=\"justify\">Nie dalej jak kilka dni temu rozmawia\u0142am z instruktorem &bdquo;liniowym&rdquo;, kt&oacute;ry z uporem przekonywa\u0142 mnie, \u017ce marnuj\u0119 czas, kt&oacute;ry powinnam po\u015bwi\u0119ci\u0107 na prac\u0119 z dzie\u0107mi.<\/p>\n<p align=\"justify\">Tymczasem w naszej organizacji mamy cele makro i cele mikro.<br \/>Zaanga\u017cowanie w dzia\u0142ania na poziomie centralnym nie wyklucza zaanga\u017cowania w prac\u0119 wychowawcz\u0105 z dzie\u0107mi i m\u0142odzie\u017c\u0105. Przeciwnie, jedno nap\u0119dza drugie.<\/p>\n<p align=\"justify\">&nbsp;<\/p>\n<p align=\"justify\">Z r&oacute;\u017cnych stron obrywa si\u0119 tak\u017ce instruktorom, kt&oacute;rzy na wiadomej stronie zdecydowali si\u0119 podpisa\u0107 pod petycj\u0105 w obronie demokracji w Zwi\u0105zku Harcerstwa Polskiego. Oczywi\u015bcie jestem jedn\u0105 z tych os&oacute;b i oczywi\u015bcie nie stawiam si\u0119 ponad prawem.<\/p>\n<p align=\"justify\">&nbsp;<\/p>\n<p align=\"justify\">Cytuj\u0105c publicyst\u0119 &#8211; S\u0142awomira Sierakowskiego, twierdz\u0119 tylko, \u017ce &#8211; <em>&bdquo;Co najmniej od Sofoklesa wiemy, \u017ce prawo jest \u015bwi\u0119te, ale nie naj\u015bwi\u0119tsze. Naj\u015bwi\u0119tsza jest demokracja&rdquo;.<\/em><\/p>\n<p align=\"justify\">&nbsp;<\/p>\n<p align=\"justify\">Z ca\u0142\u0105 si\u0142\u0105 wierz\u0119, \u017ce ponad norm\u0105 prawn\u0105 upowa\u017cniaj\u0105c\u0105 podmioty wskazane w statucie do wnioskowania o zwo\u0142anie Zjazdu Nadzwyczajnego stoj\u0105 normy moralne.<\/p>\n<p align=\"justify\">&nbsp;<\/p>\n<p align=\"justify\">To nie to samo &#8211; post\u0119powa\u0107 w\u0142a\u015bciwie z niew\u0142a\u015bciwych powod&oacute;w a post\u0119powa\u0107 niew\u0142a\u015bciwie w oparciu o s\u0142uszne intencje. <br \/>Czy nam si\u0119 to podoba czy nie, o tym kto ma racj\u0119 i tak ostatecznie zdecyduje wi\u0119kszo\u015b\u0107. Pytanie brzmi, czyja to b\u0119dzie wi\u0119kszo\u015b\u0107?<\/p>\n<p align=\"justify\"><strong>Polecam:<br \/><\/strong>&bdquo;Inna demokracja&rdquo; &#8211; Jacek \u017bakowski &bdquo;Polityka&rdquo; nr 7 (2592) z dnia 17 lutego 2007 r.<br \/>&bdquo;Cztery fronty wolno\u015bci&rdquo; &#8211; Jacek \u017bakowski &bdquo;Niezb\u0119dnik Inteligenta&rdquo; &#8211; dodatek do tygodnika&nbsp; &bdquo;Polityka&rdquo; nr 50 (2584) z 12 grudnia 2006 r.<br \/>&bdquo;Demokracja przeciw prawu&rdquo; &#8211; S\u0142awomir Sierakowski &bdquo;Gazeta Wyborcza&rdquo;&nbsp; z dnia 12 marca 2007 r.<br \/>&bdquo;Rewolucja u bram&rdquo; &#8211; Slavoj \u017bi\u017cek Wydawnictwo ha!art, Warszawa 2006<\/p>\n<p align=\"justify\">&nbsp;<\/p>\n<p align=\"justify\">&nbsp;<\/p>\n<p align=\"justify\"><strong><img loading=\"lazy\" decoding=\"async\" style=\"width: 120px; height: 133px\" src=\"images\/stories\/Image\/autorzy\/Anna.jpg\" border=\"1\" alt=\"Wybrany obraz\" hspace=\"5\" vspace=\"5\" width=\"120\" height=\"133\" align=\"left\" \/>phm. Anna B\u0142aszczak<\/strong> &#8211; delegatka Hufc&oacute;w Szczecin i Szczecin-Pogodno na XXXIII, XXXIV i (najprawdopodobniej) XXXV Zjazd ZHP. Instruktorka Zespo\u0142u W\u0119drowniczego G\u0142&oacute;wnej Kwatery ZHP. Sekretarz Redakcji &bdquo;Na Tropie&rdquo;. Pracuje w Zespole Prawa Konstytucyjnego i Mi\u0119dzynarodowego Biura Rzecznika Praw Obywatelskich oraz w Zespole Eksperckim ds. ochrony praw i wolno\u015bci cz\u0142owieka w procesie stosowania prawa.<\/p>\n","protected":false},"excerpt":{"rendered":"<p>Dziekanat korpusu komendant&oacute;w chor\u0105gwi (sic!) zapowiada zwo\u0142anie Nadzwyczajnego Zjazdu ZHP w celu wyboru w\u0142adz naczelnych oraz zmian w statucie prowadz\u0105cych do ograniczenia kompetencji Rady Naczelnej. Komendanci chor\u0105gwi uwa\u017caj\u0105 zapewne, \u017ce gorliwie wype\u0142niaj\u0105 dany im w demokratycznych wyborach mandat do sprawowania w\u0142adzy. Ja uwa\u017cam, \u017ce oni ten demokratyczny mandat naruszaj\u0105 i przekraczaj\u0105.<\/p>\n","protected":false},"author":152,"featured_media":0,"comment_status":"open","ping_status":"open","sticky":false,"template":"","format":"standard","meta":{"_acf_changed":false,"_exactmetrics_skip_tracking":false,"_exactmetrics_sitenote_active":false,"_exactmetrics_sitenote_note":"","_exactmetrics_sitenote_category":0,"footnotes":""},"categories":[236],"tags":[],"class_list":["post-18201","post","type-post","status-publish","format-standard","hentry","category-archiwum-2"],"acf":{"attached_posts":null},"_links":{"self":[{"href":"https:\/\/natropie.zhp.pl\/index.php\/wp-json\/wp\/v2\/posts\/18201","targetHints":{"allow":["GET"]}}],"collection":[{"href":"https:\/\/natropie.zhp.pl\/index.php\/wp-json\/wp\/v2\/posts"}],"about":[{"href":"https:\/\/natropie.zhp.pl\/index.php\/wp-json\/wp\/v2\/types\/post"}],"author":[{"embeddable":true,"href":"https:\/\/natropie.zhp.pl\/index.php\/wp-json\/wp\/v2\/users\/152"}],"replies":[{"embeddable":true,"href":"https:\/\/natropie.zhp.pl\/index.php\/wp-json\/wp\/v2\/comments?post=18201"}],"version-history":[{"count":0,"href":"https:\/\/natropie.zhp.pl\/index.php\/wp-json\/wp\/v2\/posts\/18201\/revisions"}],"wp:attachment":[{"href":"https:\/\/natropie.zhp.pl\/index.php\/wp-json\/wp\/v2\/media?parent=18201"}],"wp:term":[{"taxonomy":"category","embeddable":true,"href":"https:\/\/natropie.zhp.pl\/index.php\/wp-json\/wp\/v2\/categories?post=18201"},{"taxonomy":"post_tag","embeddable":true,"href":"https:\/\/natropie.zhp.pl\/index.php\/wp-json\/wp\/v2\/tags?post=18201"}],"curies":[{"name":"wp","href":"https:\/\/api.w.org\/{rel}","templated":true}]}}