{"id":18210,"date":"2007-06-11T23:06:51","date_gmt":"2007-06-11T21:06:51","guid":{"rendered":"http:\/\/7punktprawaharcerskiegozawszebudzi\u0142wemniepewienniepok&oacute;j.Sk\u0105d"},"modified":"2007-06-11T23:06:51","modified_gmt":"2007-06-11T21:06:51","slug":"rozkaz-to-droga-na-skroty-3","status":"publish","type":"post","link":"https:\/\/natropie.zhp.pl\/index.php\/rozkaz-to-droga-na-skroty-3\/","title":{"rendered":"Rozkaz to droga na skr\u00f3ty"},"content":{"rendered":"<p align=\"justify\"><img loading=\"lazy\" decoding=\"async\" src=\"images\/stories\/Image\/07_06\/pwnt_kar.jpg\" border=\"1\" alt=\"Przyk&amp;lstrok;adowy obraz\" hspace=\"5\" vspace=\"5\" width=\"123\" height=\"96\" align=\"left\" \/>7 punkt prawa harcerskiego zawsze budzi\u0142 we mnie pewien niepok&oacute;j. Sk\u0105d on si\u0119 bra\u0142? Prosty ci\u0105g skojarzeniowy prowadzi mnie do pruskiego kaprala z klasycznej powie\u015bci Remarqua &bdquo;Na zachodzie bez zmian&rdquo;. Swe kompleksy wy\u0142adowywa\u0142 on na podleg\u0142ej mu kompanii. To wizja daleka od harcerskiej pracy? Ale jak bardzo daleka?<\/p>\n<p><!--more--><\/p>\n<p align=\"justify\">&nbsp;<\/p>\n<p align=\"justify\">&nbsp;<\/p>\n<p align=\"justify\">Ilu widzia\u0142em dru\u017cynowych, kt&oacute;rzy prace sw\u0105 opierali na wojskowej karno\u015bci? Przy u\u017cyciu mniej lub bardziej wymy\u015blnego systemu kar. Jest to oczywi\u015bcie przypadek skrajny, ale nie tak wcale zn&oacute;w rzadki w naszej organizacji. I to na prawie ka\u017cdym jej szczeblu. <\/p>\n<p align=\"justify\">&nbsp;<\/p>\n<p align=\"justify\">Czy karno\u015b\u0107 i pos\u0142usze\u0144stwo w procesie wychowawczym jest dla nas pomoc\u0105 czy przeszkod\u0105? Jakie mo\u017ce kry\u0107 niebezpiecze\u0144stwa? \u017byjemy w spo\u0142ecze\u0144stwie obywatelskim. I o ile podejmujemy w naszych \u015brodowiskach jakie\u015b decyzje, to powinni\u015bmy (o ile tylko to mo\u017cliwe) si\u0119ga\u0107 do demokratycznych narz\u0119dzi. Karno\u015b\u0107 i pos\u0142usze\u0144stwo rozumiana literalnie&nbsp; to droga na skr&oacute;ty. Tak jak podczas wspinaczki na wysoki szczyt mo\u017cemy skorzysta\u0107 z kolejki linowej, kt&oacute;r\u0105 jest wydany rozkaz. Tak te\u017c mo\u017cemy wybra\u0107 drog\u0119 ci\u0119\u017csz\u0105 i skalist\u0105. Drog\u0119 rozumnego dialogu. Tak\u0105, kt&oacute;ra poprzez wsp&oacute;\u0142uczestniczenie w podejmowaniu decyzji uczy odpowiedzialno\u015bci. Bo polecenie oparte na rozkazie, jest drog\u0105 na skr&oacute;ty tak\u017ce dla harcerza. Pracuje ze \u015bwiadomo\u015bci\u0105, i\u017c ci\u0119\u017car odpowiedzialno\u015bci za ewentualne niepowodzenie spadnie na dru\u017cynowego. Co innego gdy pozwolimy naszym wychowankom wsp&oacute;\u0142uczestniczy\u0107 w procesie decyzyjnym. Zaplanowa\u0107 dalsze dzia\u0142ania. Nawet ewentualna pora\u017cka &ndash; je\u015bli zostan\u0105 wyci\u0105gni\u0119te z niej wnioski &ndash; stanie si\u0119 nauczk\u0105 na przysz\u0142o\u015b\u0107. <\/p>\n<p align=\"justify\">&nbsp;<\/p>\n<p align=\"justify\">7 punkt prawa harcerskiego w obecnym brzmieniu jest dla mnie tak\u017ce nietrafiony z innego&nbsp; powodu. Jako organizacja &ndash; a raczej kadra instruktorska &ndash; nie doro\u015bli\u015bmy do niego. Punkt&nbsp; ten stawia &ndash; nam jako wychowawcom &ndash; wysokie wymagania. \u017be karno\u015b\u0107 i pos\u0142usze\u0144stwo naszych wychowank&oacute;w oparte b\u0119dzie na naszym autorytecie i wysokich normach moralnych. Na ka\u017cdym szczeblu &ndash; pocz\u0105wszy od dru\u017cynowego, a na G\u0142&oacute;wnej Kwaterze sko\u0144czywszy.&nbsp; I dzia\u0142a\u0107 b\u0119dzie w obie strony. <\/p>\n<p align=\"justify\">&nbsp;<\/p>\n<p align=\"justify\">Istotnym minusem obecnego zapisu jest tak\u017ce to, i\u017c&nbsp; w swym obecnym brzmieniu punkt ten&nbsp; wyklucza&nbsp; polemik\u0119. Oczyma duszy widz\u0119 w komentarzach g\u0142osy krytyczne: czy oznacza to, i\u017c w ka\u017cdej sytuacji harcerze maj\u0105 si\u0119 rozwodzi\u0107 nad sensem decyzji? A co z sytuacj\u0105&nbsp;gdy nadchodzi burza i musimy b\u0142yskawicznie rozstawi\u0107 namioty?<\/p>\n<p align=\"justify\">&nbsp;<\/p>\n<p align=\"justify\">Kiedy by\u0142em szeregowym harcerzem i m&oacute;j dru\u017cynowy rozkazywa\u0142 na przyk\u0142ad stan\u0105\u0107 w dwuszeregu &ndash; do g\u0142owy mi nie przychodzi\u0142a \u017cadna polemika. Dlaczego? Oczywi\u015bcie m&oacute;g\u0142bym  zrzuci\u0107 to na karb m\u0142odego wieku, jednak jestem przekonany, i\u017c przyczyna le\u017cy gdzie indziej. By\u0142 On (i nadal jest) dla mnie niesamowitym autorytetem.&nbsp; I nie imponowa\u0142o mi nawet to, \u017ce tyle umia\u0142 i tyle wiedzia\u0142. Ale to, i\u017c gdy pope\u0142nia\u0142 b\u0142\u0105d &ndash; by\u0142 wstanie si\u0119 do niego przyzna\u0107. I naprawi\u0107 sw\u0105 win\u0119. O ilu instruktorach wy\u017cszych szczebli mo\u017cemy to powiedzie\u0107?<\/p>\n<p align=\"justify\">&nbsp;<\/p>\n<p align=\"justify\">Sytuacja z namiotami jest tak oczywista, i\u017c nie ma sensu nad ni\u0105 si\u0119 rozwodzi\u0107 &ndash; zaistnia\u0142e zagro\u017cenie ka\u017cdego zdrowo my\u015bl\u0105cego cz\u0142owieka sk\u0142oni do dzia\u0142ania.<\/p>\n<p align=\"justify\">Komu wi\u0119c potrzebne b\u0119dzie odwo\u0142anie si\u0119 do tego punktu? Nielicznym \u015bwiadomym instruktorom&nbsp; kt&oacute;rzy wyt\u0142umacz\u0105, i\u017c karno\u015b\u0107 to wcale nie karno\u015b\u0107. A pos\u0142usze\u0144stwo to owszem &ndash; ale nie \u015blepe? I ca\u0142ej rzeszy tych, kt&oacute;rzy sw&oacute;j rozkaz opr\u0105 o ten w\u0142a\u015bnie punkt.<\/p>\n<p align=\"justify\">&nbsp;<\/p>\n<p align=\"justify\">Ko\u0144cz\u0105c swe rozwa\u017cania chcia\u0142em poleci\u0107 Wam artyku\u0142 ze strony &bdquo;konkurencji&rdquo;.<br \/><a href=\"http:\/\/www.pobudka.org.pl\/pl\/index.php?option=com_content&amp;task=view&amp;id=321&amp;Itemid=89\">http:\/\/www.pobudka.org.pl\/pl\/index.php?option=com_content&amp;task=view&amp;id=321&amp;Itemid=89<\/a><br \/>Mam nadziej\u0119, i\u017c tak jak sta\u0142o si\u0119 to i ze mn\u0105 sk\u0142oni Was do przemy\u015ble\u0144.<\/p>\n<p align=\"justify\">&nbsp;<\/p>\n<p align=\"justify\">&nbsp;<\/p>\n<p align=\"justify\"><strong><img loading=\"lazy\" decoding=\"async\" src=\"images\/stories\/Image\/autorzy\/s00hy.jpg\" border=\"1\" alt=\"Wybrany obraz\" hspace=\"5\" vspace=\"5\" width=\"100\" height=\"108\" align=\"left\" \/>phm. Rafa\u0142 Suchocki<\/strong> &ndash; szef dzia\u0142u Gor\u0105co Polecam, Magazynu W\u0119drowniczego Na Tropie, by\u0142y wsp&oacute;\u0142pracownik Wydzia\u0142u W\u0119drowniczego GK ZHP, cz\u0142onek Zespo\u0142u Kszta\u0142cenia Hufca Warszawa Praga P&oacute;\u0142noc. Sudent Filologii Polskiej&nbsp; w Szkole Wy\u017cszej Psychologii Spo\u0142ecznej w Warszawie<\/p>\n<p align=\"justify\">&nbsp;<\/p>\n<p align=\"justify\">&nbsp;<\/p>\n<p align=\"justify\">&nbsp;<\/p>\n<p align=\"justify\">&nbsp;<\/p>\n<p align=\"justify\">&nbsp;<\/p>\n<p align=\"justify\">&nbsp;<\/p>\n","protected":false},"excerpt":{"rendered":"<p>7 punkt prawa harcerskiego zawsze budzi\u0142 we mnie pewien niepok&oacute;j. Sk\u0105d on si\u0119 bra\u0142? Prosty ci\u0105g skojarzeniowy prowadzi mnie do pruskiego kaprala z klasycznej powie\u015bci Remarqua &bdquo;Na zachodzie bez zmian&rdquo;. Swe kompleksy wy\u0142adowywa\u0142 on na podleg\u0142ej mu kompanii. To wizja daleka od harcerskiej pracy? Ale jak bardzo daleka?<\/p>\n","protected":false},"author":152,"featured_media":0,"comment_status":"open","ping_status":"open","sticky":false,"template":"","format":"standard","meta":{"_acf_changed":false,"_exactmetrics_skip_tracking":false,"_exactmetrics_sitenote_active":false,"_exactmetrics_sitenote_note":"","_exactmetrics_sitenote_category":0,"footnotes":""},"categories":[236],"tags":[],"class_list":["post-18210","post","type-post","status-publish","format-standard","hentry","category-archiwum-2"],"acf":{"attached_posts":null},"_links":{"self":[{"href":"https:\/\/natropie.zhp.pl\/index.php\/wp-json\/wp\/v2\/posts\/18210","targetHints":{"allow":["GET"]}}],"collection":[{"href":"https:\/\/natropie.zhp.pl\/index.php\/wp-json\/wp\/v2\/posts"}],"about":[{"href":"https:\/\/natropie.zhp.pl\/index.php\/wp-json\/wp\/v2\/types\/post"}],"author":[{"embeddable":true,"href":"https:\/\/natropie.zhp.pl\/index.php\/wp-json\/wp\/v2\/users\/152"}],"replies":[{"embeddable":true,"href":"https:\/\/natropie.zhp.pl\/index.php\/wp-json\/wp\/v2\/comments?post=18210"}],"version-history":[{"count":0,"href":"https:\/\/natropie.zhp.pl\/index.php\/wp-json\/wp\/v2\/posts\/18210\/revisions"}],"wp:attachment":[{"href":"https:\/\/natropie.zhp.pl\/index.php\/wp-json\/wp\/v2\/media?parent=18210"}],"wp:term":[{"taxonomy":"category","embeddable":true,"href":"https:\/\/natropie.zhp.pl\/index.php\/wp-json\/wp\/v2\/categories?post=18210"},{"taxonomy":"post_tag","embeddable":true,"href":"https:\/\/natropie.zhp.pl\/index.php\/wp-json\/wp\/v2\/tags?post=18210"}],"curies":[{"name":"wp","href":"https:\/\/api.w.org\/{rel}","templated":true}]}}