{"id":18237,"date":"2007-07-01T19:17:00","date_gmt":"2007-07-01T17:17:00","guid":{"rendered":"http:\/\/GrupaharcerzywalczyoMistrzostwoPolskiJacht&oacute;"},"modified":"2007-07-01T19:17:00","modified_gmt":"2007-07-01T17:17:00","slug":"taki-sobie-jachcikz-kielc-3","status":"publish","type":"post","link":"https:\/\/natropie.zhp.pl\/index.php\/taki-sobie-jachcikz-kielc-3\/","title":{"rendered":"Taki sobie jachcik&#8230;z Kielc"},"content":{"rendered":"<p align=\"justify\"><img loading=\"lazy\" decoding=\"async\" style=\"width: 141px; height: 98px\" src=\"images\/stories\/Image\/07_07\/NTS_KIELCE.JPG\" border=\"1\" alt=\"Wybrany obraz\" hspace=\"5\" vspace=\"5\" width=\"141\" height=\"98\" align=\"left\" \/>Grupa harcerzy walczy o Mistrzostwo Polski Jacht&oacute;w Kabinowych&#8230; i to nie po raz pierwszy! No, \u015bwietnie &#8211; powiecie. Tyle, \u017ce&nbsp;ci harcerze s\u0105&nbsp;z Kielc!&nbsp;Przeczytajcie&nbsp;o&nbsp;tym, jak profesjonalne \u017ceglarstwo rozwija si\u0119 w sercu G&oacute;r \u015awi\u0119tokrzyskich.<\/p>\n<p><!--more--><\/p>\n<p align=\"justify\">&nbsp;<\/p>\n<p align=\"justify\">&nbsp;<\/p>\n<p align=\"justify\">&nbsp;<\/p>\n<p align=\"justify\">\n<table border=\"0\" align=\"left\">\n<tbody>\n<tr>\n<td>&nbsp;<img loading=\"lazy\" decoding=\"async\" style=\"width: 188px; height: 188px\" src=\"images\/stories\/Image\/07_07\/NTS_KIELCE_2.gif\" alt=\"Wybrany obraz\" width=\"188\" height=\"188\" \/><\/td>\n<\/tr>\n<\/tbody>\n<\/table>\n<p>Czym jest 33 Kielecka Harcerska Dru\u017cyna \u017beglarska &bdquo;Pasat&rdquo;? Na pewno czym\u015b niezwyk\u0142ym i to nie dlatego, \u017ce ja i moi koledzy do niej nale\u017cymy (chocia\u017c wiadomo, \u017ce ka\u017cdy harcerz uwa\u017ca swoj\u0105 dru\u017cyn\u0119 za t\u0105 najwspanialsz\u0105 na \u015bwiecie), ale ze wzgl\u0119du na fakt, \u017ce jest to dru\u017cyna \u017ceglarska dzia\u0142aj\u0105ca w sercu G&oacute;r \u015awi\u0119tokrzyskich, gdzie naprawd\u0119 nie ma wody, na kt&oacute;rej mo\u017cna by pop\u0142ywa\u0107 d\u0142u\u017cej ni\u017c pi\u0119\u0107 minut w jedn\u0105 stron\u0119 bez konieczno\u015bci robienia zwrotu. Gdziekolwiek nie pojedziemy, m&oacute;wi\u0105c, \u017ce jeste\u015bmy z Kielc otrzymujemy pytanie &bdquo;Kielce? To gdzie wy p\u0142ywacie?&rdquo; Oczywi\u015bcie wsz\u0119dzie, byleby dalej od Kielc&#8230; Kolejnym argumentem przemawiaj\u0105cym za wyj\u0105tkowo\u015bci\u0105 dru\u017cyny jest rokroczna organizacja akcji letniej, w kt&oacute;rej bierze udzia\u0142 ponad dwie\u015bcie os&oacute;b &#8211; dzieci, m\u0142odzie\u017cy, instruktor&oacute;w i harcerzy. Mo\u017cna opowiedzie\u0107 te\u017c o ponad trzydziestoletniej tradycji dru\u017cyny, prowadzonej przez ca\u0142y czas przez tego samego dru\u017cynowego &ndash; druha Jacka Szreka. Jednak tym, na czym si\u0119 skupimy w tym tek\u015bcie jest jedyna w kraju, dzia\u0142aj\u0105ca przy dru\u017cynie harcerskiej grupa regatowa.<\/p>\n<p align=\"justify\">&nbsp;<\/p>\n<p align=\"justify\">Wszyscy, kt&oacute;rzy kiedykolwiek interesowali si\u0119 \u017ceglarstwem, na pewno zwr&oacute;cili uwag\u0119 na jego r&oacute;\u017cnorodno\u015b\u0107 &ndash; od radosnego p\u0142ywania z przyjaci&oacute;\u0142mi i \u017ceglarstwo samotne, poprzez p\u0142ywanie szkoleniowe w celu zdobycia kolejnych stopni \u017ceglarskich, p\u0142ywanie po \u015br&oacute;dl\u0105dziu i po morzu, kilkumiesi\u0119czne rejsy i weekendowe wypady. Jednym z rodzaj&oacute;w \u017ceglarstwa jest jego sportowa odmiana &ndash; i tutaj spo\u015br&oacute;d wielu rodzaj&oacute;w (klasy jednoosobowe i zespo\u0142owe, profesjonalne i amatorskie, monotypowe i przelicznikowe itp., itd.) wybra\u0107 mo\u017cna co\u015b, co po pierwsze b\u0119dzie si\u0119 po cz\u0119\u015bci zgadza\u0107 ze specjalno\u015bciowym charakterem dru\u017cyny, po wt&oacute;re da m\u0142odym ludziom mo\u017cliwo\u015b\u0107 sportowej rywalizacji. Po wielu przemy\u015bleniach, obserwacjach i pr&oacute;bach dru\u017cynowy znalaz\u0142 co\u015b takiego &ndash; jest to Puchar Polski Jacht&oacute;w Kabinowych &ndash; impreza zapewnia sportow\u0105 rywalizacj\u0119 zespo\u0142&oacute;w w og&oacute;lnopolskiej imprezie, dodatkowo Puchar rozgrywany jest w kilku edycjach (zawody te nazywane s\u0105 regatami).<\/p>\n<p align=\"justify\">&nbsp;<\/p>\n<p align=\"justify\">Pomys\u0142 zosta\u0142 wprowadzony w \u017cycie jesieni\u0105 1999 roku &ndash; wtedy to dru\u017cyna zako\u0144czy\u0142a definitywnie przygotowanie budowanego w\u0142asnymi si\u0142ami od 1997 roku jachtu regatowego Focus 650 &ndash; jak na owe czasy bardzo nowoczesnej konstrukcji. Od sezonu 2000 dru\u017cyna, a w\u0142a\u015bciwie cz\u0119\u015b\u0107 os&oacute;b, znanych teraz jako Grupa Regatowa CK Kielce, rozpocz\u0119\u0142a starty w regatach. Wtedy to zacz\u0119to budowa\u0107 profesjonaln\u0105 za\u0142og\u0119 &ndash; sternik \u0141ukasz Szrek i osiem os&oacute;b &ndash; starannie wybrany kwiat kwiat&oacute;w i elita elit \u017ceglarzy z naszej dru\u017cyny. Ka\u017cdy z nich musia\u0142 udowodni\u0107, \u017ce mo\u017ce za\u0142o\u017cy\u0107 czerwony sztormiak i p\u0142yn\u0105\u0107 w regatach. Naturalnie pocz\u0105tki by\u0142y trudne, za\u0142oga si\u0119 dociera\u0142a, a rywalizacja o miejsce w zupe\u0142nie nowej za\u0142odze na nowym, nowoczesnym jachcie by\u0142a ostra, chocia\u017c mo\u017cna powiedzie\u0107, \u017ce przynios\u0142o to dobre efekty. <\/p>\n<p align=\"justify\">&nbsp;<\/p>\n<p align=\"justify\">Ju\u017c w roku 2001 jacht zdoby\u0142 niespodziewanie mistrzostwo Polski &ndash; i wtedy wszyscy dowiedzieli si\u0119, \u017ce harcerze potrafi\u0105 rywalizowa\u0107 z najlepszymi. W kr&oacute;tkim czasie p&oacute;\u0142ka w harc&oacute;wce zacz\u0119\u0142a si\u0119 ugina\u0107 od trofe&oacute;w, nast\u0119pnie zabrak\u0142o ju\u017c miejsca i do dzi\u015b cz\u0119\u015b\u0107 puchar&oacute;w stoi w r&oacute;\u017cnych dziwnych lokalizacjach&#8230; Niew\u0105tpliwie tamten czas by\u0142 bardzo dobry dla naszych \u017ceglarzy, a gdy w roku 2002 za\u0142oga udowodni\u0142a swoje mistrzostwo w regatach d\u0142ugodystansowych, zapanowa\u0142a prawdziwa euforia. O tamtym d\u0142ugim dystansie do dzi\u015b opowiada si\u0119 anegdoty &ndash; mianowicie sternik \u0141ukasz Szrek podobno zdoby\u0142 mistrzostwo przez zaskakuj\u0105cy manewr &ndash; mianowicie op\u0142yn\u0105\u0142 wysp\u0119, bodaj\u017ce na jeziorze Kisajno, od innej strony ni\u017c pozosta\u0142e za\u0142ogi. Ryzykowa\u0142 wpadni\u0119cie na mielizn\u0119, ale szcz\u0119\u015bcie mu dopisa\u0142o. Dzi\u015b tamte czasy i mistrzowska za\u0142oga (\u0141ukasz Szrek, Jacek Szrek, Piotr Radek, Tomasz Krawczyk) s\u0105  przez nas traktowane jako pewien rodzaj legendy i pow&oacute;d do dumy &ndash; bo to w\u0142a\u015bnie my, harcerze z Kielc byli\u015bmy jedn\u0105 z najbardziej licz\u0105cych si\u0119 za\u0142&oacute;g w Polsce, rywalizowali\u015bmy z najlepszymi profesjonalistami, jednocze\u015bnie przyznaj\u0105c si\u0119 w zupe\u0142no\u015bci, a nawet promuj\u0105c sw&oacute;j team jako HARCERSK\u0104 Grup\u0119 Regatow\u0105.<\/p>\n<p align=\"justify\">&nbsp;<\/p>\n<p align=\"justify\">Opr&oacute;cz PPJK w sezonach 2000 i 2001 jacht Kielce startowa\u0142 w Grand Prix Warszawy, zdobywaj\u0105c dwa razy tytu\u0142 wicemistrza. Sternicy Piotr Dulemba i Micha\u0142 Kizi\u0144ski wraz za\u0142og\u0105 stali si\u0119 rozpoznawalni nad Jeziorem Zegrzy\u0144skim, a Grupa Regatowa udowadnia\u0142a, \u017ce radzi sobie w ka\u017cdej formule i w r&oacute;\u017cnych warunkach.<\/p>\n<p align=\"justify\">&nbsp;<\/p>\n<p align=\"justify\">\u017beglarstwo sportowe jest bardzo drogim sportem &ndash; dru\u017cyna sama nie zdo\u0142a\u0142aby zapewni\u0107 \u015brodk&oacute;w wystarczaj\u0105cych do zakupu \u0142odzi i pozosta\u0142ego sprz\u0119tu, oraz na wyjazdy (regaty odbywaj\u0105 si\u0119 przez ca\u0142e wakacje, co weekend) w naprawd\u0119 odleg\u0142e nieraz cz\u0119\u015bci kraju (Puchar jest rozgrywany na wielu akwenach &ndash; od Wielkich Jezior Mazurskich poprzez Zatok\u0119 Gda\u0144sk\u0105, na Zalewie Soli\u0144skim ko\u0144cz\u0105c, a i tak wymieni\u0142em tylko trzy, jest ich czterna\u015bcie). Rozwi\u0105zaniem jest znalezienie odpowiedniego sponsora &ndash; i tutaj sta\u0142a si\u0119 rzecz niezwyk\u0142a &ndash; rol\u0119 tak\u0105 zgodzi\u0142 si\u0119 przyj\u0105\u0107 Urz\u0105d Miasta w Kielcach. Na pocz\u0105tku, w roku 1998 z wielk\u0105 pomp\u0105 odby\u0142 si\u0119 chrzest \u0142odzi. By\u0142o to na ma\u0142ym zalewie niemal\u017ce w centrum Kielc, w obecno\u015bci kilku tysi\u0119cy mieszka\u0144c&oacute;w. \u0141&oacute;dka o nazwie &bdquo;Kielce&rdquo; sta\u0142a na wodzie, przedstawiciele Rady Miasta, nienawykli przecie\u017c do takich sytuacji, wyg\u0142aszali swoje kr&oacute;tkie przem&oacute;wienia, nast\u0119pnie sam dru\u017cynowy zaprosi\u0142 ich na pok\u0142ad i przez kilkana\u015bcie minut jacht pod pe\u0142nymi \u017caglami p\u0142ywa\u0142 po kieleckim zalewie, oczywi\u015bcie ca\u0142y czas robi\u0105c zwroty i manewruj\u0105c tak, aby nie uderzy\u0107 w brzeg &ndash; gdy\u017c zalew ten naprawd\u0119 nie jest du\u017cy.<\/p>\n<p align=\"justify\">&nbsp;<\/p>\n<p align=\"justify\">Urz\u0105d Miasta zachwycony takim obrotem spraw du\u017co przychylniejszym okiem spojrza\u0142 na ewentualne dotacje i po z\u0142o\u017ceniu odpowiednich wniosk&oacute;w i uporaniu si\u0119 z&nbsp; wszelkimi formalno\u015bciami (no bo przecie\u017c na &bdquo;pi\u0119kne oczy&rdquo; nie da si\u0119 nic za\u0142atwi\u0107, tutaj te\u017c zosta\u0142a wykonana ogromna praca naszych instruktor&oacute;w pisz\u0105cych mas\u0119 poda\u0144, uzasadnie\u0144 itp. ,itd&#8230;). Rozpocz\u0119\u0142a si\u0119 wsp&oacute;\u0142praca dru\u017cyny z Urz\u0119dem Miasta, kt&oacute;ra trwa do dzi\u015b. Zasady s\u0105 do\u015b\u0107 proste &ndash; w zamian za odpowiednie \u015brodki dajemy m\u0142odzie\u017cy z Kielc (czyli cz\u0142onkom naszej dru\u017cyny) mo\u017cliwo\u015b\u0107 uprawiania sportu i to w spos&oacute;b profesjonalny i promujemy Kielce wsz\u0119dzie tam gdzie si\u0119 udamy &ndash; \u017cadne inne miasto nie mo\u017ce si\u0119 pochwali\u0107 tak wspania\u0142ym herbem umieszczonym na \u017caglu, kt&oacute;ry widzia\u0142a ju\u017c na p<br \/>\newno liczba os&oacute;b du\u017co wi\u0119ksza ni\u017c liczba mieszka\u0144c&oacute;w Kielc&#8230; Dodatkowo sami mieszka\u0144cy miasta zaczynaj\u0105 nas rozpoznawa\u0107 &ndash; po kilku artyku\u0142ach w lokalnej prasie oraz organizacji wielu imprez (w ramach wsp&oacute;\u0142pracy z Urz\u0119dem Miasta organizujemy Puchar Prezydenta Kielc) mieszka\u0144cy Kielc powoli zaczynaj\u0105 odruchowo kojarzy\u0107 \u017ceglarstwo z harcerzami. I bardzo dobrze!<\/p>\n<p align=\"justify\">&nbsp;<\/p>\n<p align=\"justify\">Wspomnia\u0142em tutaj o organizacji Pucharu Prezydenta Kielc. Regaty te odbywaj\u0105 si\u0119 na podkieleckim zalewie w Cedzynie. W roku 2005 na nasze zaproszenie przyby\u0142 Wojtek Spisak &ndash; &oacute;wczesny Mistrz Polski. Byli\u015bmy na w\u0142asnym terenie, fina\u0142 odbywa\u0142 si\u0119 na naszych \u0142&oacute;dkach i niespodziewanie&#8230; wygrali\u015bmy z Wojtkiem! Z ca\u0142\u0105 sympati\u0105 jak\u0105 darzymy si\u0119 nawzajem musia\u0142 tym razem uzna\u0107 nasz\u0105 wy\u017cszo\u015b\u0107, zwyci\u0119ska za\u0142oga oszala\u0142a ze szcz\u0119\u015bcia odebra\u0142a puchar. Oczywi\u015bcie by\u0142 to epizod, gdy\u017c w Pucharze Polski nie mieli\u015bmy ju\u017c z Wojtkiem szans, ale zwyci\u0119stwo zosta\u0142o zwyci\u0119stwem&#8230;<\/p>\n<p align=\"justify\">&nbsp;<\/p>\n<p align=\"justify\">W Grupie Regatowej mo\u017ce znale\u017a\u0107 si\u0119 ka\u017cdy harcerz nale\u017c\u0105cy do 33 KHD\u017b &bdquo;Pasat&rdquo;, je\u015bli oczywi\u015bcie wyka\u017ce si\u0119 odpowiednimi umiej\u0119tno\u015bciami i zas\u0142u\u017cy sobie na udzia\u0142 w regatach swoj\u0105 ca\u0142oroczn\u0105 prac\u0105. W ten spos&oacute;b sw&oacute;j udzia\u0142 w Pucharze Polski wzi\u0119\u0142o ju\u017c kilkadziesi\u0105t os&oacute;b, a nowe wci\u0105\u017c czekaj\u0105 na okazj\u0119. Dodatkowo jest to motywacja do pracy &ndash; i zar&oacute;wno tej harcerskiej, jak i pracy nad swoimi umiej\u0119tno\u015bciami \u017ceglarskimi.<\/p>\n<p align=\"justify\">&nbsp;<\/p>\n<p align=\"justify\">Grupa Regatowa wci\u0105\u017c si\u0119 rozwija &ndash; harcerze podnosz\u0105 poziom swoich umiej\u0119tno\u015bci, a tak\u017ce rozwija si\u0119 sprz\u0119towo &ndash; aby nawi\u0105zywa\u0107 walk\u0119 z najlepszymi nale\u017cy wci\u0105\u017c stosowa\u0107 coraz to nowsze technologie. Obecny jacht CK Kielce jeszcze dziesi\u0119\u0107 lat temu by\u0142 jedn\u0105 z lepszych jednostek, obecnie jest ju\u017c przestarza\u0142y. Dlatego te\u017c dru\u017cyna z\u0142o\u017cy\u0142a do Urz\u0119du Miasta wniosek o dofinansowanie zakupu nowego jachtu &ndash; jest to Calibra 620 projektu Wojciecha Spisaka, ca\u0142kiem nowa konstrukcja, kt&oacute;ra cieszy si\u0119 niezwyk\u0142\u0105 popularno\u015bci\u0105 w\u015br&oacute;d uczestnik&oacute;w PPJK. Zakupiona \u0142&oacute;d\u017a obecnie jest wyka\u0144czana w Kielcach, jej pierwszy udzia\u0142 w regatach planowany jest ju\u017c w lipcu.<\/p>\n<p align=\"justify\">&nbsp;<\/p>\n<p align=\"justify\">Wierzymy, \u017ce pomimo tego, \u017ce za\u0142oga jest zawsze najm\u0142odsza (\u015brednia wieku nie przekracza 19 lat) uda nam si\u0119 jeszcze nie raz pokaza\u0107, \u017ce harcerze potrafi\u0105 nawi\u0105za\u0107 r&oacute;wnorz\u0119dn\u0105 walk\u0119 z najlepszymi, czego nam \u017cyczcie (sezon rozpocz\u0119li\u015bmy od dobrego, sz&oacute;stego miejsca na D\u0142ugodystansowych Mistrzostwach Polski we W\u0142oc\u0142awku). A je\u015bli b\u0119d\u0105c na Mazurach lub gdziekolwiek indziej, zobaczycie gdzie\u015b na \u017caglu ogromny herb Kielc &ndash; podp\u0142ywajcie \u015bmia\u0142o.<\/p>\n<p align=\"justify\">&nbsp;<\/p>\n<p align=\"justify\"><strong><\/p>\n<table border=\"0\" align=\"left\">\n<tbody>\n<tr>\n<td><img loading=\"lazy\" decoding=\"async\" style=\"width: 80px; height: 104px\" src=\"images\/stories\/Image\/autorzy\/pietrzczyk.JPG\" alt=\"Wybrany obraz\" width=\"80\" height=\"104\" \/>&nbsp;<\/td>\n<\/tr>\n<\/tbody>\n<\/table>\n<p>phm. Wojciech Pietrzczyk<\/strong> &#8211; instruktor 33 KHD\u017b &quot;Pasat&quot;, pilot Chor\u0105gwi Kieleckiej, \u017ceglarz jachtowy, aktywny cz\u0142onek Ochotniczej Stra\u017cy Po\u017carnej w Bilczy sk\u0105d pochodzi. Aktualnie sternik Grupy Regatowej CK Kielce. Tegoroczny maturzysta.<\/p>\n","protected":false},"excerpt":{"rendered":"<p>Grupa harcerzy walczy o Mistrzostwo Polski Jacht&oacute;w Kabinowych&#8230; i to nie po raz pierwszy! No, \u015bwietnie &#8211; powiecie. Tyle, \u017ce&nbsp;ci harcerze s\u0105&nbsp;z Kielc!&nbsp;Przeczytajcie&nbsp;o&nbsp;tym, jak profesjonalne \u017ceglarstwo rozwija si\u0119 w sercu G&oacute;r \u015awi\u0119tokrzyskich.<\/p>\n","protected":false},"author":152,"featured_media":0,"comment_status":"open","ping_status":"open","sticky":false,"template":"","format":"standard","meta":{"_acf_changed":false,"_exactmetrics_skip_tracking":false,"_exactmetrics_sitenote_active":false,"_exactmetrics_sitenote_note":"","_exactmetrics_sitenote_category":0,"footnotes":""},"categories":[236],"tags":[],"class_list":["post-18237","post","type-post","status-publish","format-standard","hentry","category-archiwum-2"],"acf":{"attached_posts":null},"_links":{"self":[{"href":"https:\/\/natropie.zhp.pl\/index.php\/wp-json\/wp\/v2\/posts\/18237","targetHints":{"allow":["GET"]}}],"collection":[{"href":"https:\/\/natropie.zhp.pl\/index.php\/wp-json\/wp\/v2\/posts"}],"about":[{"href":"https:\/\/natropie.zhp.pl\/index.php\/wp-json\/wp\/v2\/types\/post"}],"author":[{"embeddable":true,"href":"https:\/\/natropie.zhp.pl\/index.php\/wp-json\/wp\/v2\/users\/152"}],"replies":[{"embeddable":true,"href":"https:\/\/natropie.zhp.pl\/index.php\/wp-json\/wp\/v2\/comments?post=18237"}],"version-history":[{"count":0,"href":"https:\/\/natropie.zhp.pl\/index.php\/wp-json\/wp\/v2\/posts\/18237\/revisions"}],"wp:attachment":[{"href":"https:\/\/natropie.zhp.pl\/index.php\/wp-json\/wp\/v2\/media?parent=18237"}],"wp:term":[{"taxonomy":"category","embeddable":true,"href":"https:\/\/natropie.zhp.pl\/index.php\/wp-json\/wp\/v2\/categories?post=18237"},{"taxonomy":"post_tag","embeddable":true,"href":"https:\/\/natropie.zhp.pl\/index.php\/wp-json\/wp\/v2\/tags?post=18237"}],"curies":[{"name":"wp","href":"https:\/\/api.w.org\/{rel}","templated":true}]}}