{"id":18445,"date":"2008-01-10T19:40:43","date_gmt":"2008-01-10T17:40:43","guid":{"rendered":"http:\/\/G&oacute;ry,\u015bnieg,namiotowybiwakiwatra-otoscenerianaszegoniezwyk\u0142egospotkania.Cho\u0107r&oacute;wniewa\u017cnajestte\u017csamatrasa,kt&oacute;r\u0105trzebab\u0119dziepokona\u0107,abydotrze\u0107namiejscespotkania.Abywaci\u0119\u017cko&ndash;zimno,\u015bnie\u017cnieiciemno."},"modified":"2008-01-10T19:40:43","modified_gmt":"2008-01-10T17:40:43","slug":"v-zimowa-wedrownicza-watra-4","status":"publish","type":"post","link":"https:\/\/natropie.zhp.pl\/index.php\/v-zimowa-wedrownicza-watra-4\/","title":{"rendered":"V Zimowa W\u0119drownicza Watra"},"content":{"rendered":"<p> G&oacute;ry, \u015bnieg, namiotowy biwak i watra &#8211; oto sceneria naszego niezwyk\u0142ego spotkania. Cho\u0107 r&oacute;wnie wa\u017cna jest te\u017c sama trasa, kt&oacute;r\u0105 trzeba b\u0119dzie pokona\u0107, aby dotrze\u0107 na miejsce spotkania. A bywa ci\u0119\u017cko &ndash; zimno, \u015bnie\u017cnie i ciemno. I to w\u0142a\u015bnie istota sp\u0119du&#8230; niewiele? Uwierz, \u017ce to bardzo du\u017co&#8230;<br \/><!--more--><br \/><strong><\/p>\n<p>Co, gdzie, kiedy?<\/strong><br \/>Tegoroczna Zimowa Watra zap\u0142onie na g&oacute;rze Ja\u0142owiec w Beskidzie \u017bywieckim, w nocy z 9 na 10 lutego 2008. Poprzedzona b\u0119dzie ca\u0142odzienn\u0105, g&oacute;rsk\u0105 w\u0119dr&oacute;wk\u0105 &ndash; z r&oacute;\u017cnymi wariantami trasy, tak, aby dopasowa\u0107 j\u0105 do swoich umiej\u0119tno\u015bci.<\/p>\n<p><strong>Warunki uczestnictwa:<\/strong><br \/>W Watrze mog\u0105 wzi\u0105\u0107 udzia\u0142 patrole sk\u0142adaj\u0105ce si\u0119 z dowolnej ilo\u015bci harcerzy w wieku od 16 lat wzwy\u017c. Zg\u0142oszenia przyjmowane s\u0105 do ko\u0144ca stycznia. <br \/>Kontakt z organizatorem:<br \/>&#8211; e-mail: <a href=\"mailto:watrazimowa@podgore.pl\">watrazimowa@podgore.pl<\/a><br \/>&#8211; tel.: 501 555 899.<\/p>\n<p>Patrole uczestnicz\u0105ce w Watrze musz\u0105 posiada\u0107 zezwolenie komendanta hufca, polis\u0119 ubezpieczeniow\u0105 oraz &ndash; w przypadku os&oacute;b niepe\u0142noletnich &ndash; zgod\u0119 rodzic&oacute;w na wyjazd. Wa\u017cne jest te\u017c odpowiednie wyposa\u017cenie sprz\u0119towe oraz umiej\u0119tno\u015bci pozwalaj\u0105ce na w\u0119dr&oacute;wk\u0119 i biwakowanie w warunkach zimowych. <\/p>\n<p>Na tegorocznej Watrze Waszym jedynym zadaniem b\u0119dzie przygotowanie fizyczne i psychiczne wystarczaj\u0105ce do przej\u015bcia wybranej trasy, \u017cadne inne zadania przedrajdowe nie obowi\u0105zuj\u0105.<\/p>\n<p><strong>Koszty:<\/strong><br \/>Samo uczestnictwo w Watrze jest bezp\u0142atne, jedynymi kosztami b\u0119dzie wi\u0119c przejazd i zakup \u017cywno\u015bci (tutaj radzimy nie oszcz\u0119dza\u0107 &ndash; du\u017cy wysi\u0142ek fizyczny wymaga odpowiedniej diety). <\/p>\n<p><strong>Szczeg&oacute;\u0142y:<\/strong><br \/>Program, propozycje tras, porady dotycz\u0105ce ekwipunku i odzie\u017cy oraz wszelkie istotne informacje znajdziecie na stronie internetowej Zimowej Watry: <br \/><a href=\"http:\/\/watra.zimowa.podgore.pl\/program.php\">http:\/\/watra.zimowa.podgore.pl\/program.php<\/a> <\/p>\n<p>Wszystkich pozytywnych szale\u0144c&oacute;w, kt&oacute;rym niestraszny \u015bnieg po pas i biwakowanie pod namiotem przy ujemnych temperaturach, serdecznie zapraszamy :) Do zobaczenia przy ognisku!<\/p>\n<p><\/p>\n<table height=\"120\" cellspacing=\"0\" cellpadding=\"0\" border=\"0\">\n<tbody>\n<tr>\n<td width=\"10\" background=\"https:\/\/natropie.zhp.pl\/images\/aut_tab\/aut_lewa.gif\">&nbsp;<\/td>\n<td background=\"https:\/\/natropie.zhp.pl\/images\/aut_tab\/aut_sr.gif\">   <strong>pwd. S\u0142awomir &bdquo;Kapsel&rdquo; Borowy <\/strong>&ndash; by\u0142y cz\u0142onek sztabu Trasy Rowerowej Wyprawy W\u0119drowniczej 2007<\/td>\n<td width=\"10\" background=\"https:\/\/natropie.zhp.pl\/images\/aut_tab\/aut_prawa.gif\">&nbsp;<\/td>\n<\/tr>\n<\/tbody>\n<\/table>\n","protected":false},"excerpt":{"rendered":"<p>G&oacute;ry, \u015bnieg, namiotowy biwak i watra &#8211; oto sceneria naszego niezwyk\u0142ego spotkania. Cho\u0107 r&oacute;wnie wa\u017cna jest te\u017c sama trasa, kt&oacute;r\u0105 trzeba b\u0119dzie pokona\u0107, aby dotrze\u0107 na miejsce spotkania. A bywa ci\u0119\u017cko &ndash; zimno, \u015bnie\u017cnie i ciemno. I to w\u0142a\u015bnie istota sp\u0119du&#8230; niewiele? Uwierz, \u017ce to bardzo du\u017co&#8230;<\/p>\n","protected":false},"author":152,"featured_media":0,"comment_status":"open","ping_status":"open","sticky":false,"template":"","format":"standard","meta":{"_acf_changed":false,"_exactmetrics_skip_tracking":false,"_exactmetrics_sitenote_active":false,"_exactmetrics_sitenote_note":"","_exactmetrics_sitenote_category":0,"footnotes":""},"categories":[236],"tags":[],"class_list":["post-18445","post","type-post","status-publish","format-standard","hentry","category-archiwum-2"],"acf":{"attached_posts":null},"_links":{"self":[{"href":"https:\/\/natropie.zhp.pl\/index.php\/wp-json\/wp\/v2\/posts\/18445","targetHints":{"allow":["GET"]}}],"collection":[{"href":"https:\/\/natropie.zhp.pl\/index.php\/wp-json\/wp\/v2\/posts"}],"about":[{"href":"https:\/\/natropie.zhp.pl\/index.php\/wp-json\/wp\/v2\/types\/post"}],"author":[{"embeddable":true,"href":"https:\/\/natropie.zhp.pl\/index.php\/wp-json\/wp\/v2\/users\/152"}],"replies":[{"embeddable":true,"href":"https:\/\/natropie.zhp.pl\/index.php\/wp-json\/wp\/v2\/comments?post=18445"}],"version-history":[{"count":0,"href":"https:\/\/natropie.zhp.pl\/index.php\/wp-json\/wp\/v2\/posts\/18445\/revisions"}],"wp:attachment":[{"href":"https:\/\/natropie.zhp.pl\/index.php\/wp-json\/wp\/v2\/media?parent=18445"}],"wp:term":[{"taxonomy":"category","embeddable":true,"href":"https:\/\/natropie.zhp.pl\/index.php\/wp-json\/wp\/v2\/categories?post=18445"},{"taxonomy":"post_tag","embeddable":true,"href":"https:\/\/natropie.zhp.pl\/index.php\/wp-json\/wp\/v2\/tags?post=18445"}],"curies":[{"name":"wp","href":"https:\/\/api.w.org\/{rel}","templated":true}]}}