{"id":18450,"date":"2008-01-10T19:33:29","date_gmt":"2008-01-10T17:33:29","guid":{"rendered":"http:\/\/Ma\u0142adziewczynkaojasnychw\u0142osachidelikatnychrysachpod\u0105\u017caze\u015bwiate\u0142kiemwd\u0142oni.Od\u015bwiate\u0142kabijeciep\u0142o,nietakie,kt&oacute;reogrzewacia\u0142o,aletorozpalaj\u0105cedusz\u0119&hellip;Sissytoniedziewczynkazzapa\u0142kami,tokto\u015b,ktoda\u0142pocz\u0105tektegoro"},"modified":"2008-01-10T19:33:29","modified_gmt":"2008-01-10T17:33:29","slug":"wiedenski-blask-3","status":"publish","type":"post","link":"https:\/\/natropie.zhp.pl\/index.php\/wiedenski-blask-3\/","title":{"rendered":"Wiede\u0144ski blask"},"content":{"rendered":"<p>Ma\u0142a dziewczynka o jasnych w\u0142osach i delikatnych rysach pod\u0105\u017ca ze \u015bwiate\u0142kiem w d\u0142oni. Od \u015bwiate\u0142ka bije ciep\u0142o, nie takie, kt&oacute;re ogrzewa cia\u0142o, ale to rozpalaj\u0105ce dusz\u0119&hellip; Sissy to nie dziewczynka z zapa\u0142kami, to kto\u015b, kto da\u0142 pocz\u0105tek tegorocznej w\u0119dr&oacute;wce Betlejemskiemu \u015awiate\u0142ku Pokoju. Co dzia\u0142o si\u0119 w Wiedniu?<br \/><!--more--><br \/>To wcale nie bajka o dziewczynce z zapa\u0142kami, ale pocz\u0105tek historii, kt&oacute;ra obiega po kolei ca\u0142y \u015bwiat. Zaczyna si\u0119 w Grocie w Betlejem, w\u0119druje do Europy, Polski, a potem do naszych dom&oacute;w.<\/p>\n<p>15 grudnia w Wiedniu zaroi\u0142o si\u0119 od skaut&oacute;w z ca\u0142ej Europy. Wszyscy przybyli po Betlejemskie \u015awiate\u0142ko Pokoju, aby zabra\u0107 je do swoich kraj&oacute;w. W najr&oacute;\u017cniejszych miejscach wymieniali si\u0119 symbolicznymi znaczkami, przekazywali pozdrowienia. Mimo, \u017ce polscy harcerze otrzymuj\u0105 \u015awiate\u0142ko od S\u0142owak&oacute;w na \u0141ysej Polanie, naszej reprezentacji nie zabrak\u0142o r&oacute;wnie\u017c w stolicy Austrii. Miasto Sissi przywita\u0142o nas w ca\u0142ej swojej okaza\u0142o\u015bci, przypr&oacute;szone \u015bniegiem, w przed\u015bwi\u0105tecznej gor\u0105czce zakup&oacute;w, \u015bwiate\u0142ek i choinek. <\/p>\n<p>Podczas ekumenicznej uroczysto\u015bci w prawos\u0142awnej cerkwi Gustawa Adolfa harcerze wys\u0142uchali s\u0142&oacute;w skierowanych do nich w przer&oacute;\u017cnych j\u0119zykach. Ka\u017cdy kraj odbieraj\u0105cy \u015awiate\u0142ko, kierowa\u0142 do uczestnik&oacute;w swoje przes\u0142anie dotycz\u0105ce mi\u0142o\u015bci i pokoju. Wsp&oacute;lne pie\u015bni rozbrzmiewa\u0142y echem przer&oacute;\u017cnych j\u0119zyk&oacute;w, roi\u0142o si\u0119 od flag, lilijek, mundur&oacute;w. Wszyscy z\u0142apali si\u0119 za r\u0119ce, ci w \u0142awkach, poza nimi, na ch&oacute;rach, przy o\u0142tarzu. Wszyscy na chwil\u0119 stali si\u0119 jedno\u015bci\u0105, Betlejemskie \u015awiate\u0142ko ich po\u0142\u0105czy\u0142o &ndash; spe\u0142ni\u0142o wi\u0119c swoj\u0105 rol\u0119. <\/p>\n<p>Na koniec ka\u017cda z reprezentacji zabra\u0142a do swojego kraju kawa\u0142ek transparentu z napisem &bdquo;pok&oacute;j&rdquo; w wielu j\u0119zykach, kt&oacute;ry wisia\u0142 przez ca\u0142e spotkanie nad o\u0142tarzem. Austriaccy skauci jako gospodarze spisali si\u0119 znakomicie: po uroczysto\u015bci ka\u017cdy m&oacute;g\u0142 liczy\u0107 na ciep\u0142\u0105 herbat\u0119 i kanapki, kt&oacute;re czasem budzi\u0142y zdziwienie (np. jak je\u015b\u0107 chleb z cebul\u0105 czy sam\u0105 sol\u0105?). Cz\u0119\u015b\u0107 uczestnik&oacute;w wydarzenia rozesz\u0142a si\u0119, pozosta\u0142a natomiast du\u017ca grupa Polak&oacute;w, kt&oacute;rzy okazali swoj\u0105 rado\u015b\u0107 poprzez zabaw\u0119, \u015bpiew i taniec.<\/p>\n<p>Wszyscy wr&oacute;cili do codzienno\u015bci bogatsi o ma\u0142y promyczek, kt&oacute;ry rozgrzewa\u0142 i nadal rozgrzewa serca.<\/p>\n<p><\/p>\n<table height=\"120\" cellspacing=\"0\" cellpadding=\"0\" border=\"0\">\n<tbody>\n<tr>\n<td width=\"10\" background=\"https:\/\/natropie.zhp.pl\/images\/aut_tab\/aut_lewa.gif\">&nbsp;<\/td>\n<td background=\"https:\/\/natropie.zhp.pl\/images\/aut_tab\/aut_sr.gif\">   <strong>pwd. Aleksandra Ziobro <\/strong>&ndash; dru\u017cynowa 1 DW Hefalumpy z Hufca Bystrzyca K\u0142., uczennica I LO w Bystrzycy K\u0142odzkiej, uczestniczka polskiej reprezentacji<\/td>\n<td width=\"10\" background=\"https:\/\/natropie.zhp.pl\/images\/aut_tab\/aut_prawa.gif\">&nbsp;<\/td>\n<\/tr>\n<\/tbody>\n<\/table>\n","protected":false},"excerpt":{"rendered":"<p>Ma\u0142a dziewczynka o jasnych w\u0142osach i delikatnych rysach pod\u0105\u017ca ze \u015bwiate\u0142kiem w d\u0142oni. Od \u015bwiate\u0142ka bije ciep\u0142o, nie takie, kt&oacute;re ogrzewa cia\u0142o, ale to rozpalaj\u0105ce dusz\u0119&hellip; Sissy to nie dziewczynka z zapa\u0142kami, to kto\u015b, kto da\u0142 pocz\u0105tek tegorocznej w\u0119dr&oacute;wce Betlejemskiemu \u015awiate\u0142ku Pokoju. Co dzia\u0142o si\u0119 w Wiedniu?<\/p>\n","protected":false},"author":152,"featured_media":0,"comment_status":"open","ping_status":"open","sticky":false,"template":"","format":"standard","meta":{"_acf_changed":false,"_exactmetrics_skip_tracking":false,"_exactmetrics_sitenote_active":false,"_exactmetrics_sitenote_note":"","_exactmetrics_sitenote_category":0,"footnotes":""},"categories":[236],"tags":[],"class_list":["post-18450","post","type-post","status-publish","format-standard","hentry","category-archiwum-2"],"acf":{"attached_posts":null},"_links":{"self":[{"href":"https:\/\/natropie.zhp.pl\/index.php\/wp-json\/wp\/v2\/posts\/18450","targetHints":{"allow":["GET"]}}],"collection":[{"href":"https:\/\/natropie.zhp.pl\/index.php\/wp-json\/wp\/v2\/posts"}],"about":[{"href":"https:\/\/natropie.zhp.pl\/index.php\/wp-json\/wp\/v2\/types\/post"}],"author":[{"embeddable":true,"href":"https:\/\/natropie.zhp.pl\/index.php\/wp-json\/wp\/v2\/users\/152"}],"replies":[{"embeddable":true,"href":"https:\/\/natropie.zhp.pl\/index.php\/wp-json\/wp\/v2\/comments?post=18450"}],"version-history":[{"count":0,"href":"https:\/\/natropie.zhp.pl\/index.php\/wp-json\/wp\/v2\/posts\/18450\/revisions"}],"wp:attachment":[{"href":"https:\/\/natropie.zhp.pl\/index.php\/wp-json\/wp\/v2\/media?parent=18450"}],"wp:term":[{"taxonomy":"category","embeddable":true,"href":"https:\/\/natropie.zhp.pl\/index.php\/wp-json\/wp\/v2\/categories?post=18450"},{"taxonomy":"post_tag","embeddable":true,"href":"https:\/\/natropie.zhp.pl\/index.php\/wp-json\/wp\/v2\/tags?post=18450"}],"curies":[{"name":"wp","href":"https:\/\/api.w.org\/{rel}","templated":true}]}}