{"id":18465,"date":"2008-01-10T22:28:00","date_gmt":"2008-01-10T20:28:00","guid":{"rendered":"http:\/\/Zacz\u0119lijako\u015bwmarcu,odpomys\u0142u.Potemposzlizapyta\u0107ksi\u0119dza,czymo\u017cna.Zgodzi\u0142si\u0119.Dalejposz\u0142oju\u017czg&oacute;rki&ndash;ch\u0119tnychdopomocyniebrakowa\u0142o.Wgrudniuca\u0142emiastozobaczy\u0142oefektyichdzia\u0142ania."},"modified":"2008-01-10T22:28:00","modified_gmt":"2008-01-10T20:28:00","slug":"historia-w-podziemiu-3","status":"publish","type":"post","link":"https:\/\/natropie.zhp.pl\/index.php\/historia-w-podziemiu-3\/","title":{"rendered":"Historia w podziemiu"},"content":{"rendered":"<p>   Zacz\u0119li jako\u015b w marcu, od pomys\u0142u. Potem poszli zapyta\u0107 ksi\u0119dza, czy mo\u017cna. Zgodzi\u0142 si\u0119. Dalej posz\u0142o ju\u017c z g&oacute;rki &ndash; ch\u0119tnych do pomocy nie brakowa\u0142o. W grudniu ca\u0142e miasto zobaczy\u0142o efekty ich dzia\u0142ania.<br \/><!--more--><\/p>\n<p><em>-Szczecinek jest miejscem, w kt&oacute;rym te same miejsca i przedmioty \u017cyj\u0105 w \u015bwiadomo\u015bciach dw&oacute;ch narod&oacute;w zupe\u0142nie niezale\u017cnie od siebie.<\/em> &#8211; powiedzia\u0142 na otwarciu wystawy <em>&bdquo;Spacer po Neustettin&rdquo;<\/em> pwd. Maciej Grunt, jeden z jej organizator&oacute;w i jednocze\u015bnie kurator. &#8211;&nbsp;&nbsp;<em>&nbsp; Celem wystawy by\u0142o pokazanie miasta takiego, jakim widzieli je mieszka\u0144cy, kt&oacute;rzy \u017cyli tutaj przed wojn\u0105. <br \/><\/em>Tutaj, czyli w Szczecinku, gdzie przed wojn\u0105 ul. Wyszy\u0144skiego nazywa\u0142a si\u0119 jeszcze Bismarckstrasse, a przechodnie m&oacute;wili po niemiecku. <\/p>\n<p>Podw&oacute;jnej historii swojego miasta postanowili przyjrze\u0107 si\u0119 z bliska harcerze z 13 Czarnego Szczepu im. Zawiszy Czarnego. Wystawa mia\u0142a miejsce w podziemiach Ko\u015bcio\u0142a Mariackiego, kt&oacute;re, za zgod\u0105 ksi\u0119dza proboszcza, najpierw trzeba by\u0142o przystosowa\u0107 do zwiedzania. Zabrali si\u0119 za to w lipcu. <br \/>&#8211;<em> Przez ca\u0142y tydzie\u0144 czy\u015bcili\u015bmy piwnice z gruzu, wywie\u017ali\u015bmy stamt\u0105d dwie wywrotki \u015bmieci&rdquo;<\/em> &#8211; m&oacute;wi \u0107wik Pawe\u0142 Wicik z 13 DH &bdquo;Czarne Wilki&rdquo; im. J&oacute;zefa Grzesiaka &quot;Czarnego&quot;. Podczas sprz\u0105tania harcerze znale\u017ali p\u0142askorze\u017ab\u0119 or\u0142a niemieckiej Rzeszy, kt&oacute;ry &#8230;trafi\u0142 p&oacute;\u017aniej na wystaw\u0119 jako eksponat. <\/p>\n<p>\u0141\u0105cznie uda\u0142o si\u0119 zgromadzi\u0107 270 fotografii przedwojennych szczecineckich ulic i przedmiot&oacute;w codziennego u\u017cytku. Do przedsi\u0119wzi\u0119cia czynnie w\u0142\u0105czyli si\u0119 tak\u017ce u\u017cytkownicy szczecineckiego portalu historycznego im. prof. dr Karla Tuempla szczecinek.org, kt&oacute;rzy ch\u0119tnie udost\u0119pnili swoje zbiory. W drukowaniu zdj\u0119\u0107 pomog\u0142a te\u017c lokalna firma informatyczna. <\/p>\n<p>Efekt i zainteresowanie wystaw\u0105 przeros\u0142y oczekiwania organizator&oacute;w. Podziemia, przez kilkana\u015bcie dni trwania ekspozycji, odwiedzi\u0142o ponad 2 000 os&oacute;b, a na stronie internetowej&nbsp; (<a href=\"http:\/\/www.wystawa.szczecinek.org\" target=\"_blank\">http:\/\/www.wystawa.szczecinek.org<\/a>) go\u015bcie co chwil\u0119 prosili o przed\u0142u\u017cenie jej trwania. Inicjatyw\u0119 doceni\u0142 nawet burmistrz miasta, kt&oacute;ry, otwieraj\u0105c wystaw\u0119, w ciep\u0142ych s\u0142owach podzi\u0119kowa\u0142 harcerzom za to, \u017ce dzia\u0142aj\u0105 przeciwko lokalnej ksenofobii. <\/p>\n<p>Co takie przedsi\u0119wzi\u0119cie da\u0142o w\u0119drownikom z Czarnego Szczepu? <br \/>&#8211; <em>Organizacja wystawy zbli\u017cy\u0142a nas do miasta. Wiele miejsc nabra\u0142o teraz dla nas nowego znaczenia.&rdquo;<\/em> &#8211; podsumowuje HO Justyna D\u0119bska. <\/p>\n<p>Relacje z wystawy mo\u017cna obejrze\u0107 tu:<br \/><a href=\"http:\/\/www.iszczecinek.pl\/filmy\/filmy.php?numer=201\" target=\"_blank\">http:\/\/www.iszczecinek.pl\/filmy\/filmy.php?numer=201<\/a> <br \/>i tu: <a href=\"http:\/\/www.youtube.com\/watch?v=-cd419UOXkE\" target=\"_blank\">http:\/\/www.youtube.com\/watch?v=-cd419UOXkE <\/a><\/p>\n<p>&nbsp;<\/p>\n<table border=\"0\" cellspacing=\"0\" cellpadding=\"0\" height=\"120\">\n<tbody>\n<tr>\n<td width=\"10\" background=\"https:\/\/natropie.zhp.pl\/images\/aut_tab\/aut_lewa.gif\">&nbsp;<\/td>\n<td background=\"https:\/\/natropie.zhp.pl\/images\/aut_tab\/aut_sr.gif\">   <strong>phm. Monika Kaszkowiak<\/strong> &ndash; instruktorka hufca Bia\u0142ystok, z wykszta\u0142cenia filolog polski<\/td>\n<td width=\"10\" background=\"https:\/\/natropie.zhp.pl\/images\/aut_tab\/aut_prawa.gif\">&nbsp;<\/td>\n<\/tr>\n<\/tbody>\n<\/table>\n","protected":false},"excerpt":{"rendered":"<p>Zacz\u0119li jako\u015b w marcu, od pomys\u0142u. Potem poszli zapyta\u0107 ksi\u0119dza, czy mo\u017cna. Zgodzi\u0142 si\u0119. Dalej posz\u0142o ju\u017c z g&oacute;rki &ndash; ch\u0119tnych do pomocy nie brakowa\u0142o. W grudniu ca\u0142e miasto zobaczy\u0142o efekty ich dzia\u0142ania.<\/p>\n","protected":false},"author":152,"featured_media":0,"comment_status":"open","ping_status":"open","sticky":false,"template":"","format":"standard","meta":{"_acf_changed":false,"_exactmetrics_skip_tracking":false,"_exactmetrics_sitenote_active":false,"_exactmetrics_sitenote_note":"","_exactmetrics_sitenote_category":0,"footnotes":""},"categories":[236],"tags":[],"class_list":["post-18465","post","type-post","status-publish","format-standard","hentry","category-archiwum-2"],"acf":{"attached_posts":null},"_links":{"self":[{"href":"https:\/\/natropie.zhp.pl\/index.php\/wp-json\/wp\/v2\/posts\/18465","targetHints":{"allow":["GET"]}}],"collection":[{"href":"https:\/\/natropie.zhp.pl\/index.php\/wp-json\/wp\/v2\/posts"}],"about":[{"href":"https:\/\/natropie.zhp.pl\/index.php\/wp-json\/wp\/v2\/types\/post"}],"author":[{"embeddable":true,"href":"https:\/\/natropie.zhp.pl\/index.php\/wp-json\/wp\/v2\/users\/152"}],"replies":[{"embeddable":true,"href":"https:\/\/natropie.zhp.pl\/index.php\/wp-json\/wp\/v2\/comments?post=18465"}],"version-history":[{"count":0,"href":"https:\/\/natropie.zhp.pl\/index.php\/wp-json\/wp\/v2\/posts\/18465\/revisions"}],"wp:attachment":[{"href":"https:\/\/natropie.zhp.pl\/index.php\/wp-json\/wp\/v2\/media?parent=18465"}],"wp:term":[{"taxonomy":"category","embeddable":true,"href":"https:\/\/natropie.zhp.pl\/index.php\/wp-json\/wp\/v2\/categories?post=18465"},{"taxonomy":"post_tag","embeddable":true,"href":"https:\/\/natropie.zhp.pl\/index.php\/wp-json\/wp\/v2\/tags?post=18465"}],"curies":[{"name":"wp","href":"https:\/\/api.w.org\/{rel}","templated":true}]}}