{"id":18972,"date":"2009-10-03T15:37:18","date_gmt":"2009-10-03T13:37:18","guid":{"rendered":"http:\/\/Nakre\u015blenig\u0142\u0119bokimprzekonaniem,\u017cepojawili\u015bmysi\u0119natym\u015bwieciedzi\u0119kiniebywa\u0142ymwyczynomnaszychmam,staramysi\u0119przek\u0142ada\u0107swoj\u0105\u015bwiadomo\u015b\u0107najako\u015b\u0107naszychczyn&oacute;w.Wszystko,cotworzymy,robimynanajwy\u017cszymzmo\u017cliwychpoziomie!"},"modified":"2009-10-03T15:37:18","modified_gmt":"2009-10-03T13:37:18","slug":"o-kilku-takich-co-splodzili-festiwal-3","status":"publish","type":"post","link":"https:\/\/natropie.zhp.pl\/index.php\/o-kilku-takich-co-splodzili-festiwal-3\/","title":{"rendered":"O kilku takich, co sp\u0142odzili festiwal"},"content":{"rendered":"<p>     Nakre\u015bleni g\u0142\u0119bokim przekonaniem, \u017ce pojawili\u015bmy si\u0119 na tym \u015bwiecie dzi\u0119ki niebywa\u0142ym wyczynom naszych mam, staramy si\u0119 przek\u0142ada\u0107 swoj\u0105 \u015bwiadomo\u015b\u0107 na jako\u015b\u0107 naszych czyn&oacute;w. Wszystko, co tworzymy, robimy na najwy\u017cszym z mo\u017cliwych poziomie! <br \/><!--more--><\/p>\n<p>&nbsp;<\/p>\n<p>&nbsp;<\/p>\n<p>1. Powstali\u015bmy&#8230; sk\u0142ad kadry Opalu. <br \/>Indywidualizm, pracowito\u015b\u0107, odpowiedzialno\u015b\u0107, kreatywno\u015b\u0107, umiej\u0119tno\u015b\u0107 wsp&oacute;\u0142pracy, pozytywna energia, kt&oacute;ra zara\u017ca ludzi dooko\u0142a i odrobina &bdquo;zwariowania&rdquo; &ndash; to cechy, kt&oacute;re bez w\u0105tpienia posiada ka\u017cdy z cz\u0142onk&oacute;w kadry festiwalu. Jak mo\u017cna by\u0142o nie zaprosi\u0107 takich ludzi do wsp&oacute;\u0142pracy&hellip;?<\/p>\n<p>2. Najfajniejszy Festiwal to taki, kt&oacute;ry&#8230; <br \/>Ma w sobie to co\u015b, co przyci\u0105ga ludzi z ca\u0142ej Polski. I nie jest to promocja wydarzenia ani miejsce, gdzie b\u0119dzie odbywa\u0142 &ndash; nie s\u0105 to nawet nagrody, o kt&oacute;re mo\u017cna walczy\u0107! Najfajniejszy festiwal to taki, kt&oacute;ry ma atmosfer\u0119 i r&oacute;\u017cni si\u0119 od innych tym magicznym czym\u015b, co powoduje, \u017ce w\u0142a\u015bnie na niego chcesz przyjecha\u0107.<\/p>\n<p>3. Jeste\u015bmy wyj\u0105tkowi, bo&hellip;<br \/>Mimo koloru chust, wieku i pogl\u0105d&oacute;w jeste\u015bmy zgranym zespo\u0142em szalonych ludzi, kt&oacute;rych \u0142\u0105czy jedna pasja: harcerstwo oraz ch\u0119\u0107 realizacji w\u0142asnych marze\u0144. Ka\u017cdy z nas &ndash; mimo r&oacute;\u017cnych zaj\u0119\u0107 zawodowych, r&oacute;\u017cnych miejsc zamieszkania oraz tysi\u0105ca innych obowi\u0105zk&oacute;w &ndash; ma si\u0142\u0119 na co\u015b wi\u0119cej w \u017cyciu i cieszy si\u0119 na spotkanie sztabu opalowego oraz na sposobno\u015b\u0107 powrotu do beztroskich lat. Poza tym wszystkim przy realizacji najtrudniejszych zada\u0144 mamy u\u015bmiech na twarzy, co jest bardzo wa\u017cne, szczeg&oacute;lnie w dzisiejszym \u015bwiecie. <\/p>\n<p>4. Wyczyn dla nas to&#8230;<br \/>Od czasu, kiedy mama urodzi\u0142a Hansa &ndash; ma\u0142ego niemowlaczka o wadze 4,7 kg &ndash; ka\u017cdy m&oacute;j obecny wyczyn sta\u0142 si\u0119 blady, a \u017cycie pewnego rodzaju istotnym rodzinnym zobowi\u0105zaniem. Lekko przerysowana ma\u0142a hansowa prywata niech stanie si\u0119 dowodem na to, \u017ce ka\u017cdy sw&oacute;j wyczyn nosi w sobie, a jego poziom uzale\u017cniony jest od \u017cyciowego zaawansowania ka\u017cdego z nas. Nakre\u015bleni g\u0142\u0119bokim przekonaniem, \u017ce pojawili\u015bmy si\u0119 na tym \u015bwiecie dzi\u0119ki niebywa\u0142ym wyczynom naszych mam, staramy si\u0119 przek\u0142ada\u0107 swoj\u0105 \u015bwiadomo\u015b\u0107 na jako\u015b\u0107 naszych czyn&oacute;w. Wszystko, co tworzymy, robimy na najwy\u017cszym z mo\u017cliwych poziomie. Staramy si\u0119, by ka\u017cdy festiwal OPAL &ndash; cho\u0107 &bdquo;urodzony&rdquo; w trudach &ndash; sta\u0142 si\u0119 dum\u0105 dla wszystkich tych, kt&oacute;rzy uczestniczyli w jego powstaniu. Nie mamy absolutnie \u017cadnych podstaw do tego, by o tegorocznym festiwalu my\u015ble\u0107 inaczej.<\/p>\n<p>5. Smak sukcesu poczuli\u015bmy, gdy&#8230;<br \/>Czujemy go zawsze, kiedy na twarzach dzieci widzimy u\u015bmiech, kiedy ka\u017cdemu z nas udaje si\u0119 zmieni\u0107 cho\u0107 troszk\u0119 \u015bwiat i kiedy udaje nam si\u0119 zrealizowa\u0107 wsp&oacute;lnie zaplanowany projekt.<\/p>\n<p>6. Rodzice zawsze m&oacute;wili o nas, \u017ce.. <br \/>Niekt&oacute;rzy narzekali, \u017ce za bardzo anga\u017cujemy si\u0119 w dzia\u0142alno\u015b\u0107 harcersk\u0105, tracimy czas, a nic nie b\u0119dziemy z tego mieli, \u017ce powinni\u015bmy skupi\u0107 si\u0119 na nauce, bardziej si\u0119 stara\u0107 i po\u015bwi\u0119ca\u0107 tej w\u0142a\u015bnie kwestii. Dopiero teraz przyznaj\u0105, ze si\u0119 mylili. Harcerstwo rozwin\u0119\u0142o nasze umiej\u0119tno\u015bci organizacyjne, artystyczne i wiele innych przydatnych w doros\u0142ym \u017cyciu. Da\u0142o nam przyjaci&oacute;\u0142 i pi\u0119kne wspomnienia z wyjazd&oacute;w harcerskich.<\/p>\n<p> 7. Powiedzonko, kt&oacute;re tylko my rozumiemy&#8230; <br \/>Mo\u017cesz, umiesz, potrafisz, a reszta to tylko wym&oacute;wki&hellip; &bdquo;Instruktory&rdquo; potrafi\u0105!<\/p>\n<p>8. Najwi\u0119kszy orygina\u0142 w kadrze festiwalu to <br \/>Bratni\u0105 dusz\u0105 kadry naszego festiwalu jest PAN OPAL &ndash; tajemniczy i niepowtarzalny. Z pewno\u015bci\u0105 ka\u017cdy uczestnik b\u0119dzie mia\u0142 okazj\u0119 si\u0119 z nim zapozna\u0107, je\u015bli tylko zainteresuje si\u0119 Festiwalem.<\/p>\n<p>9. Dlaczego Opal jest dla nas wa\u017cny&#8230; <br \/>Festiwal OPAL jest przede wszystkim niezwyk\u0142ym wydarzeniem kulturalnym, kt&oacute;ry \u0142\u0105czy tradycj\u0119 z nowoczesno\u015bci\u0105. Jest to data niezwyk\u0142a w kalendarzu radomszcza\u0144skiego hufca, to tutaj bowiem nast\u0119puje podsumowanie pracy poszczeg&oacute;lnych dru\u017cyn, szczep&oacute;w, kr\u0119g&oacute;w. Za &bdquo;kawa\u0142ek dobrej, harcerskiej roboty&rdquo; najlepsze \u015brodowisko otrzymuje nagrod\u0119 im. druhny Rosi &ndash; pomys\u0142odawczyni festiwalu. OPAL to nie tylko konkurs piosenki, lecz tak\u017ce fotograficzny, literacki, plastyczny oraz recytatorski. Corocznie zje\u017cd\u017caj\u0105 si\u0119 tu m\u0142odzi ludzie z ca\u0142ej Polski, kt&oacute;rzy mog\u0105 rozwija\u0107 swoje zdolno\u015bci artystyczne i prze\u017cywa\u0107 niezapomnian\u0105 przygod\u0119. <\/p>\n<p>10. Nie wyobra\u017camy sobie Festiwalu bez&#8230; <br \/>Bez kilkumiesi\u0119cznych przygotowa\u0144 i ogromu pracy tu\u017c przed, a wreszcie bez tej cudownej i wyj\u0105tkowej atmosfery, bez harcerzy, gitar, \u015bpiewu dochodz\u0105cego z ka\u017cdej strony, pr&oacute;b w ka\u017cdym mo\u017cliwym miejscu, wspania\u0142ej publiczno\u015bci, \u015bwietnej zabawy i Ballady Dh. Rosi.<\/p>\n<p>12. Nasze miejsce jest w&#8230;<br \/>Nasze miejsce to na pewno sale w hufcu, gdzie nocami od zawsze wymy\u015bla\u0142o si\u0119 ciekawe propozycje programowe: gry, zloty czy biwaki dla dzieciak&oacute;w. To tutaj przesiedzia\u0142o si\u0119 niejedne wagary oraz wymy\u015bli\u0142o si\u0119 tysi\u0105ce z\u0142otych my\u015bli na przysz\u0142o\u015b\u0107. To tutaj ka\u017cdy z nas dorasta\u0142 i nabiera\u0142 dojrza\u0142o\u015bci instruktorskiej, poznaj\u0105c przyjaci&oacute;\u0142 z innych \u015brodowisk. Nigdzie indziej, lecz w\u0142a\u015bnie tutaj powsta\u0142a hufcowa ekipa.<\/p>\n<p>13. Jeste\u015bmy \u015bwietni w&#8230;<br \/>Trudno\u015b\u0107 w opisaniu naszej \u015bwietno\u015bci tkwi w skromno\u015bci, kt&oacute;r\u0105 ka\u017cdy z nas raz na jaki\u015b czas powinien przejawia\u0107. Stawiaj\u0105c si\u0119 w szeregach ludzi wyj\u0105tkowo skromnych, powiem tylko, \u017ce jako m\u0142ody pr\u0119\u017cny zesp&oacute;\u0142 jeste\u015bmy \u015bwietni we wszystkim tym, co staje si\u0119 przedmiotem naszej wsp&oacute;lnej pracy. Jeste\u015bmy odwa\u017cni w podejmowaniu nawet trudnych decyzji, otwarci na nowe wyzwania, \u015bwiadomi odpowiedzialno\u015bci za podj\u0119te zadania oraz niezwykle utalentowani. Ogromna wi\u0119kszo\u015b\u0107 z nas to osoby o niebywale pozytywnym podej\u015bciu do \u017cycia, wyj\u0105tkowi pod ka\u017cdym wzgl\u0119dem, doskonali organizatorzy o niebanalnym spojrzeniu na otaczaj\u0105c\u0105 nas rzeczywisto\u015b\u0107. I cho\u0107 czasami, jak wida\u0107, ze skromno\u015bci\u0105 nie radzimy sobie najlepiej, to z ca\u0142ym przekonaniem jeste\u015bmy grup\u0105 ludzi z gatunku ludzkiego okre\u015blanego jako fajny. A skromno\u015b\u0107&#8230; No c&oacute;\u017c. Nie mo\u017cemy by\u0107 przecie\u017c idealni!<\/p>\n<p>14. Poznasz nas po&#8230;<br \/>U\u015bmiechach od ucha do ucha oraz wielkich \u017car&oacute;wkach nad g\u0142ow\u0105&hellip; kt&oacute;re oczywi\u015bcie symbolizuj\u0105 tysi\u0105ce my\u015bli i pomys\u0142&oacute;w. To w\u0142a\u015bnie one kieruj\u0105 naszym \u017cyciem, a nie \u017cycie nami. <\/p>\n<p>Impreza organizowana jest pod patronatem &bdquo;Na Tropie&rdquo;. Czytaj\u0105c numer, dowiesz si\u0119 wi\u0119cej!<\/p>\n<p>Zesp&oacute;\u0142 organizator&oacute;w Festiwalu Artystycznego Opal &ndash; Hufiec Radomsko.<\/p>\n<p><strong><br \/>Magdalena Grze\u015bkowiak<\/strong><br \/>&nbsp;<\/p>\n","protected":false},"excerpt":{"rendered":"<p>Nakre\u015bleni g\u0142\u0119bokim przekonaniem, \u017ce pojawili\u015bmy si\u0119 na tym \u015bwiecie dzi\u0119ki niebywa\u0142ym wyczynom naszych mam, staramy si\u0119 przek\u0142ada\u0107 swoj\u0105 \u015bwiadomo\u015b\u0107 na jako\u015b\u0107 naszych czyn&oacute;w. Wszystko, co tworzymy, robimy na najwy\u017cszym z mo\u017cliwych poziomie!<\/p>\n","protected":false},"author":152,"featured_media":0,"comment_status":"open","ping_status":"open","sticky":false,"template":"","format":"standard","meta":{"_acf_changed":false,"_exactmetrics_skip_tracking":false,"_exactmetrics_sitenote_active":false,"_exactmetrics_sitenote_note":"","_exactmetrics_sitenote_category":0,"footnotes":""},"categories":[236],"tags":[],"class_list":["post-18972","post","type-post","status-publish","format-standard","hentry","category-archiwum-2"],"acf":{"attached_posts":null},"_links":{"self":[{"href":"https:\/\/natropie.zhp.pl\/index.php\/wp-json\/wp\/v2\/posts\/18972","targetHints":{"allow":["GET"]}}],"collection":[{"href":"https:\/\/natropie.zhp.pl\/index.php\/wp-json\/wp\/v2\/posts"}],"about":[{"href":"https:\/\/natropie.zhp.pl\/index.php\/wp-json\/wp\/v2\/types\/post"}],"author":[{"embeddable":true,"href":"https:\/\/natropie.zhp.pl\/index.php\/wp-json\/wp\/v2\/users\/152"}],"replies":[{"embeddable":true,"href":"https:\/\/natropie.zhp.pl\/index.php\/wp-json\/wp\/v2\/comments?post=18972"}],"version-history":[{"count":0,"href":"https:\/\/natropie.zhp.pl\/index.php\/wp-json\/wp\/v2\/posts\/18972\/revisions"}],"wp:attachment":[{"href":"https:\/\/natropie.zhp.pl\/index.php\/wp-json\/wp\/v2\/media?parent=18972"}],"wp:term":[{"taxonomy":"category","embeddable":true,"href":"https:\/\/natropie.zhp.pl\/index.php\/wp-json\/wp\/v2\/categories?post=18972"},{"taxonomy":"post_tag","embeddable":true,"href":"https:\/\/natropie.zhp.pl\/index.php\/wp-json\/wp\/v2\/tags?post=18972"}],"curies":[{"name":"wp","href":"https:\/\/api.w.org\/{rel}","templated":true}]}}