{"id":19152,"date":"2010-04-12T15:21:10","date_gmt":"2010-04-12T13:21:10","guid":{"rendered":"http:\/\/&bdquo;Niematojakzerwa\u0107si\u0119z\u0142&oacute;\u017cka,wypi\u0107kaw\u0119,obudzi\u0107si\u0119(wtejw\u0142a\u015bniekolejno\u015bci),apotemodkry\u0107,\u017cejestgodzinanie9,a8&rdquo;&ndash;napisa\u0142ategodniajednazmoichznajomychnaFacebooku.Wcze\u015bniejniezwr&oacute;ci\u0142bymnate"},"modified":"2015-09-03T21:32:33","modified_gmt":"2015-09-03T19:32:33","slug":"moj-1004","status":"publish","type":"post","link":"https:\/\/natropie.zhp.pl\/index.php\/moj-1004\/","title":{"rendered":"M\u00f3j 10.04"},"content":{"rendered":"<p><strong>\u201eNie ma to jak zerwa\u0107 si\u0119 z \u0142\u00f3\u017cka, wypi\u0107 kaw\u0119, obudzi\u0107 si\u0119 (w tej w\u0142a\u015bnie kolejno\u015bci), a potem odkry\u0107, \u017ce jest godzina nie 9, a 8\u201d.<\/strong><\/p>\n<p>Tak napisa\u0142a tego dnia jedna z moich znajomych na Facebooku. Wcze\u015bniej nie zwr\u00f3ci\u0142bym na ten wpis uwagi, ale po tym, co si\u0119 sta\u0142o o 8:56 naszego czasu, po ludzku zat\u0119skni\u0142em do tej beztroski, kiedy g\u0142\u00f3wnym problemem o poranku jest brak mleka do kawy.<\/p>\n<h3><strong>Poranek<\/strong><\/h3>\n<p>Obudzi\u0142 mnie\u00a0SMS od A. Gdy mi powiedzia\u0142a, pomy\u015bla\u0142em, \u017ce tokolejna przygoda z nasz\u0105 lotnicz\u0105 flot\u0105. Nic specjalnego. Nie pami\u0119tam poranka, pami\u0119tam tylko ekran komputera i\u00a0niedowierzanie.<\/p>\n<h3><strong>Po\u0142udnie<\/strong><\/h3>\n<p>Wyj\u015bcie z domu odwlekam jak najd\u0142u\u017cej; t\u0142umacz\u0119 to deszczem, zepsutym rowerem. Jestem poumawiany, ale mimo to przyklejam si\u0119 do komputera i s\u0142ucham. Nie mog\u0119 uwierzy\u0107.<\/p>\n<p>W ko\u0144cu wychodz\u0119. Spotykam si\u0119 z lud\u017ami. Ci, z kt\u00f3rymi rozmawiam, maj\u0105 czerwone oczy, niby s\u0142uchaj\u0105 pyta\u0144, ale ci\u0105gle patrz\u0105 w telewizor. Rozmowa si\u0119 nie klei. Odpowiadaj\u0105 p\u00f3\u0142s\u0142\u00f3wkami, w ko\u0144cu i tak zaczniemy m\u00f3wi\u0107 o TYM.<\/p>\n<p>W domu F. jest troch\u0119 lepiej.<br \/>\n\u2013\u00a0Wyp\u0142aka\u0142em si\u0119 przed po\u0142udniem, teraz jestem dziarski \u2013 wyznaje z rozbrajaj\u0105c\u0105 szczero\u015bci\u0105. \u2013 Jednej z tych bab nie lubi\u0142em, a i tak mi jej tak bardzo \u017cal \u2013 dodaje i z jego postanowienia o dziarsko\u015bci zostaje niewiele.<\/p>\n<h3><strong>Popo\u0142udnie<\/strong><\/h3>\n<p>Wracaj\u0105c do domu, licz\u0119 flagi. Na mojej ulicy jest jedna. Taka ma\u0142a, samochodowa przyczepiona do balustradki schod\u00f3w wiod\u0105cych w g\u0142\u0105b domu. Dziewczyna w sklepie pyta: \u201eJak si\u0119 dowiedzia\u0142e\u015b?\u201d<\/p>\n<h3><strong>Wiecz\u00f3r<\/strong><\/h3>\n<p>G. pisze, \u017ce czuje si\u0119 malutka; nie drze szat, po prostu czuje si\u0119 malutka. Nie umiem jej pom\u00f3c.<\/p>\n<p>Bogdan Rymanowski zaczyna gada\u0107 brednie w TVN24. Irytuje mnie \u2013 wy\u0142\u0105czam. Po chwili w\u0142\u0105czam, bo lepiej s\u0142ysze\u0107 cokolwiek ni\u017c siedzie\u0107 w ciszy.<\/p>\n<p>Media zaczynaj\u0105 mnie z\u0142o\u015bci\u0107. Wyborcza publikuje na swoich stronach galeri\u0119 ze zdj\u0119ciami prezydenta. Na wszystkich wygl\u0105da jak prawdziwy m\u0105\u017c stanu. Szkoda \u017ce z nich nie korzystali wcze\u015bniej; w ich publikacjach zawsze wygl\u0105da\u0142 komicznie albo \u017ca\u0142o\u015bnie. Przyklaskiwa\u0142em temu z satysfakcj\u0105.<\/p>\n<p>Wszyscy \u0107wierkaj\u0105 o kwiecie polskiej inteligencji i polityki, kt\u00f3ry zgin\u0105\u0142 w tej katastrofie. Tydzie\u0144 wcze\u015bniej odliczali dni do ko\u0144ca prezydentury.\u00a0 Sam odlicza\u0142em, wielu moich znajomych te\u017c. Nie lubi\u0142em tego prezydenta, nie by\u0142 z mojego \u015bwiata. Podobnie by\u0142o z wieloma lud\u017ami, kt\u00f3rzy siedzieli w tym samolocie. Nie zmieni\u0119 zdania o nich tylko\u00a0dlatego, \u017ce umarli tak tragicznie. Do furii doprowadza mnie teraz ten fa\u0142szywy pisk. Mo\u017ce\u00a0gdyby\u00a0wszyscy wylewali wtedy mniej pomyj, to teraz nie wygl\u0105da\u0142oby to tak \u017cenuj\u0105co? Mo\u017ce teraz b\u0119dziemy wylewa\u0107 tych pomyj mniej? Mo\u017ce lepiej teraz po prostu pomilcze\u0107? Przecie\u017c ka\u017cdemu z nas zabrak\u0142o s\u0142\u00f3w, mo\u017ce tylko popatrzmy na pogr\u0105\u017cone w smutku miasta.<\/p>\n<p>W radiu kto\u015b m\u0105dry m\u00f3wi, \u017ce to wszystko nie ma ju\u017c znaczenia, \u017ce w obliczu takich ostateczno\u015bci zostaje cz\u0142owiek. Zosta\u0142?<\/p>\n<p>Smutno mi, bo to byli ludzie. Ludzi \u017cal.<\/p>\n<p>I od razu my\u015bl\u0119 o tym, czy gdyby w tym samolocie siedzia\u0142o 96 anonimowych os\u00f3b, to czy by\u0142oby mi tak samo przykro. Chyba nie. I czy to w porz\u0105dku, \u017ce nie?<\/p>\n<p>W tym wszystkim najbardziej przyt\u0142acza mnie ta wiedza, kt\u00f3r\u0105 po raz kolejny posiad\u0142em dzisiejszego ranka: \u017ce mo\u017cna znikn\u0105\u0107 tak nagle. Na jak d\u0142ugo ta wiedza we mnie zostanie?<\/p>\n<p>K. pyta mnie, co jest nie tak z tym pa\u0144stwem, \u017ce ci\u0105gle przytrafiaj\u0105 nam si\u0119 takie rzeczy. M\u00f3wi\u0119 jej co\u015b o Wallenrodzie, ale potem du\u017co o tym my\u015bl\u0119. Nie jeste\u015bmy \u017cadnym Chrystusem Narod\u00f3w. My po prostu lubimy tak o sobie my\u015ble\u0107, bo to nadaje g\u0142\u0119bszy sens naszym cierpieniom. Cierpimy za co\u015b, za kogo\u015b. Cierpimy w jakim\u015b celu. To nie jest prawda. Samolot w czasie mg\u0142y podchodzi\u0142 do l\u0105dowania, zawadzi\u0142 o drzewa, rozbi\u0142 si\u0119, 96 ludzi zgin\u0119\u0142o. My\u015blenie, \u017ce to by\u0142o po co\u015b, zak\u0142ada istnienie jakiego\u015b zysku, zysku tak wielkiego, \u017ce warto by\u0142o ponie\u015b\u0107 t\u0119 cen\u0119. Ale to nie jest prawda. Takiego zysku nie ma.<\/p>\n","protected":false},"excerpt":{"rendered":"<p>\u201eNie ma to jak zerwa\u0107 si\u0119 z \u0142\u00f3\u017cka, wypi\u0107 kaw\u0119, obudzi\u0107 si\u0119 (w tej w\u0142a\u015bnie kolejno\u015bci), a potem odkry\u0107, \u017ce jest godzina nie 9, a 8\u201d.<\/p>\n","protected":false},"author":152,"featured_media":0,"comment_status":"open","ping_status":"open","sticky":false,"template":"","format":"standard","meta":{"_acf_changed":false,"_exactmetrics_skip_tracking":false,"_exactmetrics_sitenote_active":false,"_exactmetrics_sitenote_note":"","_exactmetrics_sitenote_category":0,"footnotes":""},"categories":[236],"tags":[746,745],"class_list":["post-19152","post","type-post","status-publish","format-standard","hentry","category-archiwum-2","tag-10-04","tag-katastrofa-smolenska"],"acf":{"attached_posts":null},"_links":{"self":[{"href":"https:\/\/natropie.zhp.pl\/index.php\/wp-json\/wp\/v2\/posts\/19152","targetHints":{"allow":["GET"]}}],"collection":[{"href":"https:\/\/natropie.zhp.pl\/index.php\/wp-json\/wp\/v2\/posts"}],"about":[{"href":"https:\/\/natropie.zhp.pl\/index.php\/wp-json\/wp\/v2\/types\/post"}],"author":[{"embeddable":true,"href":"https:\/\/natropie.zhp.pl\/index.php\/wp-json\/wp\/v2\/users\/152"}],"replies":[{"embeddable":true,"href":"https:\/\/natropie.zhp.pl\/index.php\/wp-json\/wp\/v2\/comments?post=19152"}],"version-history":[{"count":3,"href":"https:\/\/natropie.zhp.pl\/index.php\/wp-json\/wp\/v2\/posts\/19152\/revisions"}],"predecessor-version":[{"id":22445,"href":"https:\/\/natropie.zhp.pl\/index.php\/wp-json\/wp\/v2\/posts\/19152\/revisions\/22445"}],"wp:attachment":[{"href":"https:\/\/natropie.zhp.pl\/index.php\/wp-json\/wp\/v2\/media?parent=19152"}],"wp:term":[{"taxonomy":"category","embeddable":true,"href":"https:\/\/natropie.zhp.pl\/index.php\/wp-json\/wp\/v2\/categories?post=19152"},{"taxonomy":"post_tag","embeddable":true,"href":"https:\/\/natropie.zhp.pl\/index.php\/wp-json\/wp\/v2\/tags?post=19152"}],"curies":[{"name":"wp","href":"https:\/\/api.w.org\/{rel}","templated":true}]}}