{"id":19158,"date":"2010-04-12T16:19:35","date_gmt":"2010-04-12T14:19:35","guid":{"rendered":"http:\/\/&nbsp;&nbsp;&nbsp;&nbsp;&nbsp;&nbsp;&nbsp;&nbsp;&nbsp;&nbsp;&nbsp;&nbsp;&nbsp;&nbsp;&nbsp;przelecia\u0142ptakprzep\u0142ywaob\u0142okupadali\u015b\u0107kie\u0142kuje\u015blaziciszajestnawysoko\u015bciachidymimg\u0142"},"modified":"2015-09-03T21:31:03","modified_gmt":"2015-09-03T19:31:03","slug":"gorzki-to-chleb-jest-polskosc","status":"publish","type":"post","link":"https:\/\/natropie.zhp.pl\/index.php\/gorzki-to-chleb-jest-polskosc\/","title":{"rendered":"&quot;Gorzki to chleb jest polsko\u015b\u0107&quot;"},"content":{"rendered":"<p style=\"text-align: left;\"><strong>Las katy\u0144ski zosta\u0142 miejscem kolejnej polskiej tragedii. Zn\u00f3w spogl\u0105damy na list\u0119 poleg\u0142ych. S\u0105 na niej ludzie wybitni, zaanga\u017cowani w walk\u0119 o niepodleg\u0142o\u015b\u0107, intelektuali\u015bci, dzia\u0142aczy spo\u0142ecznych. A tak\u017ce za\u0142oga samolotu i cz\u0142onkowie BOR.<\/strong><\/p>\n<p style=\"text-align: right;\"><em>przelecia\u0142 ptak przep\u0142ywa ob\u0142ok <\/em><br \/>\n<em> upada li\u015b\u0107 kie\u0142kuje \u015blaz <\/em><br \/>\n<em> i cisza jest na wysoko\u015bciach <\/em><br \/>\n<em> i dymi mg\u0142\u0105 katy\u0144ski las<\/em><br \/>\nZ. Herbert \u201eGuziki\u201d<\/p>\n<p>Ta kolejna \u201elista katy\u0144ska\u201d to poczet wielu wybitnych Polak\u00f3w. Za ka\u017cdym z nazwisk \u2013\u00a0cz\u0119sto znanych z \u017cycia publicznego, spotykanych codziennie w mediach \u2013 kryje si\u0119 nie tylko dramat kraju, kt\u00f3ry po raz kolejny b\u0119dzie sobie musia\u0142 poradzi\u0107 z bolesn\u0105 strat\u0105 cz\u0119\u015bci elity, ale przede wszystkim tragedia wielu rodzin.<\/p>\n<p>Nam pozostaje pami\u0119\u0107 i solidarno\u015b\u0107. Pami\u0119\u0107 o tych, kt\u00f3rzy zgin\u0119li tragicznie oraz solidarno\u015b\u0107 z\u00a0ich rodzinami \u2013 oraz solidarno\u015b\u0107 z nami samymi. W momencie tak bolesnej straty, tak wielkiej pr\u00f3by powinni\u015bmy \u201ejeden drugiego ci\u0119\u017cary nosi\u0107\u201d.<\/p>\n<p>Nie spos\u00f3b przedstawi\u0107 wszystkich ofiar katastrofy, nie chcemy te\u017c wskazywa\u0107, kto by\u0142 tam \u201enajwa\u017cniejszy\u201d, bo w obliczu \u015bmierci wszyscy s\u0105 r\u00f3wni. Chcieliby\u015bmy jednak podzieli\u0107 si\u0119 z Wami wspomnieniem tych, kt\u00f3rzy w naszej osobistej pami\u0119ci odcisn\u0119li najwyra\u017aniejszy \u015blad.<\/p>\n<p><strong>Lech Kaczy\u0144ski.<\/strong> Prezydent Rzeczypospolitej Polskiej. Profesor nauk prawnych. Aktywny uczestnik opozycji demokratycznej w PRL: bra\u0142 udzia\u0142 w wydarzeniach Marca \u201868, a od 1977 roku by\u0142 dzia\u0142aczem KSS KOR, WZZ, NSZZ \u201eSolidarno\u015b\u0107\u201d (tak\u017ce po delegalizacji). Wsp\u00f3\u0142autor s\u0142ynnych Porozumie\u0144 Sierpniowych z 1980 roku, internowany w czasie stanu wojennego, cz\u0142onek w\u0142adz \u201eSolidarno\u015bci\u201d, cz\u0142onek Rady Pomocy Wi\u0119\u017aniom Politycznym. Bra\u0142 udzia\u0142 w\u00a0obradach Okr\u0105g\u0142ego Sto\u0142u, gdzie zajmowa\u0142 si\u0119 m.in. kwestiami pluralizmu zwi\u0105zkowego. Po\u00a01989 roku obecny w polityce jako senator, pose\u0142, Prezes NIK, minister stanu ds. bezpiecze\u0144stwa w Kancelarii prezydenta Lecha Wa\u0142\u0119sy, a tak\u017ce szef BBN. Pe\u0142ni\u0142 r\u00f3wnie\u017c funkcj\u0119 Ministra Sprawiedliwo\u015bci i Prokuratora Genrealnego. W latach 2002-2005 prezydent Warszawy. Od 23 grudnia 2005 roku\u00a0Prezydent RP. Jedn\u0105 z zas\u0142ug Prezydenta Lecha Kaczy\u0144skiego jest dbanie o pami\u0119\u0107 historyczn\u0105 Polak\u00f3w. To z\u00a0jego inicjatywy powsta\u0142o Muzeum Powstania Warszawskiego (ojciec Prezydenta by\u0142 jego uczestnikiem), to za jego kadencji doceniono tak\u017ce wielu wybitnych opozycjonist\u00f3w i bohater\u00f3w wojennych zas\u0142u\u017conych w walce o niepodleg\u0142\u0105 Polsk\u0119.<\/p>\n<p><strong>Ryszard Kaczorowski.<\/strong> Ostatni Prezydent RP na uchod\u017astwie. 22 grudnia 1990 roku\u00a0przekaza\u0142 insygnia w\u0142adzy prezydenckiej Lechowi Wa\u0142\u0119sie, co sko\u0144czy\u0142o misj\u0119 polskich rz\u0105d\u00f3w emigracyjnych w Londynie, stanowi\u0105cych o ci\u0105g\u0142o\u015bci w\u0142adzy niepodleg\u0142ego pa\u0144stwa polskiego. Przed wojn\u0105 by\u0142 instruktorem ZHP, natomiast po wst\u0105pieniu Armii Czerwonej zacz\u0105\u0142 tworzy\u0107 struktury Szarych Szereg\u00f3w. W 1940 roku aresztowany przez NKWD i skazany na kar\u0119 \u015bmierci, zmienion\u0105 p\u00f3\u017aniej na 10 lat \u0142agr\u00f3w. Po uk\u0142adzie Sikorski-Majski cz\u0142onek Armii Genera\u0142a Andersa, wraz z kt\u00f3r\u0105 walczy\u0142 mi\u0119dzy innymi pod Monte Cassino. Opiekun i patron Polonii brytyjskiej, zar\u00f3wno tej \u201estarej\u201d, kt\u00f3rej w\u0142adze PRL nie pozwoli\u0142y na powr\u00f3t do kraju, jak i \u201enowej\u201d, kt\u00f3ra w Zjednoczonym Kr\u00f3lestwie szuka\u0142a zarobku. Zaanga\u017cowany we wspieranie wielu inicjatyw krajowych, by\u0142\u00a0m.in. Honorowym Protektorem Marszu Szlakiem I Kompanii Kadrowej.<\/p>\n<p><strong>Franciszek G\u0105gor.<\/strong> Genera\u0142, Szef Sztabu Generalnego Wojska Polskiego, doktor nauk wojskowych. Bra\u0142 udzia\u0142 w misjach operacyjnych ONZ: UNEF II w Egipcie, UNDOF na Wzg\u00f3rzach Golan, UNIKOM w Iraku i Kuwejcie, zast\u0119pca dow\u00f3dcy polskiego kontyngentu podczas operacji \u201ePustynna Burza\u201d w Zatoce Perskiej. W latach 90. pracownik Ministerstwa Obrony Narodowej (gdzie zajmowa\u0142 si\u0119 g\u0142\u00f3wnie sprawami mi\u0119dzynarodowymi), a tak\u017ce Sztabu Generalnego Wojska Polskiego. By\u0142 r\u00f3wnie\u017c polskim przedstawicielem przy komitetach wojskowych NATO i Unii Europejskiej. Jak m\u00f3wi\u0105 jego wsp\u00f3\u0142opracownicy, \u0142\u0105czy\u0142 w sobie etos\u00a0 przedwojennego oficera i cechy wsp\u00f3\u0142czesnego dow\u00f3dcy, kt\u00f3ry dzi\u0119ki znajomo\u015bci j\u0119zyk\u00f3w obcych i mi\u0119dzynarodowym obyciu \u015bwietnie odnajdywa\u0142 si\u0119 w \u015bwiatowych strukturach wojskowych.<\/p>\n<p><strong>Anna Walentynowicz.<\/strong> Nazywana \u201eMatk\u0105 Solidarno\u015bci\u201d. Dzia\u0142aczka WZZ. Kiedy 7 sierpnia 1980 roku zosta\u0142a dyscyplinarnie zwolniona z pracy w Stoczni Gda\u0144skiej za udzia\u0142 w\u00a0niezale\u017cnych zwi\u0105zkach zawodowych, stoczniowcy rozpocz\u0119li strajk, podczas kt\u00f3rego 14 sierpnia narodzi\u0142a si\u0119 \u201eSolidarno\u015b\u0107\u201d. Wielokrotny wi\u0119zie\u0144 polityczny i ofiara szykan ze strony w\u0142adz PRL i S\u0142u\u017cby Bezpiecze\u0144stwa. Zaanga\u017cowana w upami\u0119tnienie ofiar systemu komunistycznego (jeszcze w PRL): g\u00f3rnik\u00f3w z Kopalni \u201eWujek\u201d i ks. Jerzego Popie\u0142uszki. Jej \u017cycie naznaczone by\u0142o trudem i m\u0119k\u0105, wojna zabra\u0142a jej rodzin\u0119 i dom. Ju\u017c w latach 50. inwigilowana przez S\u0142u\u017cb\u0119 Bezpiecze\u0144stwa. Zawsze stawa\u0142a po stronie s\u0142abszych i pokrzywdzonych. Po 1989 roku zapomniana.<\/p>\n<p><strong>Czes\u0142aw Cywi\u0144ski.<\/strong> Podpu\u0142kownik, prezes Zarz\u0105du G\u0142\u00f3wnego \u015awiatowego Zwi\u0105zku \u017bo\u0142nierzy AK. W 1939 roku by\u0142 uczniem jednego z wile\u0144skich gimnazj\u00f3w. Ju\u017c wtedy rozpocz\u0105\u0142 sw\u0105 walk\u0119 w obronie Polski: na pocz\u0105tku pe\u0142ni\u0142 funkcje wywiadowcze w Zwi\u0105zku Wolnych Polak\u00f3w, potem jako \u017co\u0142nierz w 1. Wile\u0144skiej Brygadzie AK Czes\u0142awa Grombczewskiego \u201eJuranda\u201d. Uczestniczy\u0142 w operacji \u201eOstra Brama\u201d. W 1944 roku aresztowany przez Sowiet\u00f3w, skazany na 2 lata \u0142agr\u00f3w. Swojej s\u0142u\u017cby nie zako\u0144czy\u0142 na dzia\u0142aniach zbrojnych. Organizowa\u0142 sesje naukowe, zak\u0142ada\u0142 kluby historyczne. Efektem jego stara\u0144 jest r\u00f3wnie\u017c produkcja film\u00f3w o tematyce niepodleg\u0142o\u015bciowej, a tak\u017ce opieka nad kombatantami AK.<\/p>\n<p><strong>Janusz Kochanowski.<\/strong> Rzecznik Praw Obywatelskich, doktor nauk prawnych. Dzia\u0142acz \u201eSolidarno\u015bci\u201d od 1980 roku. Ekspert z zakresu prawa karnego i praw cz\u0142owieka. Uczestniczy\u0142 w\u00a0obradach Senackiej Komisji ds. Praw Cz\u0142owieka i Praworz\u0105dno\u015bci, a tak\u017ce w pracach ministerialnego zespo\u0142u nowelizuj\u0105cego Kodeks Karny. Wyk\u0142ada\u0142 za granic\u0105, m.in. w Niemczech i Anglii. Pe\u0142ni\u0142 r\u00f3wnie\u017c funkcj\u0119 Konsula Generalnego RP w Londynie. Cz\u0142onek licznych stowarzysze\u0144 polskich\u00a0 i angielskich, np. Polish-British Legal Association, Oxford and Cambridge University Club czy Polskiej Rady Ruchu Europejskiego.\u00a0W sierpniu 2009 roku spotka\u0142 si\u0119 z\u00a0m\u0142odzie\u017c\u0105 podczas Przystanku Woodstock, aby podyskutowa\u0107 o prawach cz\u0142owiekach oraz promowa\u0107 idee praworz\u0105dno\u015bci w Polsce.<\/p>\n<p>Nie spos\u00f3b pomin\u0105\u0107 nikogo. W katastrofie zgin\u0119li:<\/p>\n<p>Lech Kaczy\u0144ski<\/p>\n<p>Maria Kaczy\u0144ska<br \/>\nRyszard Kaczorowski<br \/>\nJoanna Agacka-Indecka<br \/>\nEwa B\u0105kowska<br \/>\ngen. Andrzej B\u0142asik<br \/>\nKrystyna Bochenek<br \/>\nAnna Maria Borowska<br \/>\nBartosz Borowski<br \/>\ngen. Tadeusz Buk<br \/>\nabp gen. Miron Chodakowski<br \/>\nCzes\u0142aw Cywi\u0144ski<br \/>\nLeszek Deptu\u0142a<br \/>\npp\u0142k Zbigniew D\u0119bski<br \/>\nGrzegorz Dolniak<br \/>\nKatarzyna Doraczy\u0144ska<br \/>\nEdward Duchnowski<br \/>\nAleksander Fedorowicz<br \/>\nJanina Fetli\u0144ska<br \/>\nJaro<br \/>\ns\u0142aw Florczak<br \/>\nArtur Francuz<br \/>\ngen. Franciszek G\u0105gor<br \/>\nGra\u017cyna G\u0119sicka<br \/>\ngen. Kazimierz Gilarski<br \/>\nPrzemys\u0142aw Gosiewski<br \/>\nks. Bronis\u0142aw Gostomski<br \/>\nMariusz Handzlik<br \/>\nks. Roman Indrzejczyk<br \/>\nPawe\u0142 Janeczek<br \/>\nDariusz Jankowski<br \/>\nIzabela Jaruga-Nowacka<br \/>\nks. J\u00f3zef Joniec<br \/>\nSebastian Karpiniuk<br \/>\nwiceadm. Andrzej Karweta<br \/>\nMariusz Kazana<br \/>\nJanusz Kochanowski<br \/>\ngen. Stanis\u0142aw Komornicki<br \/>\nStanis\u0142aw Jerzy Komorowski<br \/>\nPawe\u0142 Krajewski<br \/>\nAndrzej Kremer<br \/>\nks. Zdzis\u0142aw Kr\u00f3l<br \/>\nJanusz Krupski<br \/>\nJanusz Kurtyka<br \/>\nks. Andrzej Kwa\u015bnik<br \/>\ngen. Bronis\u0142aw Kwiatkowski<br \/>\nWojciech Lubi\u0144ski<br \/>\nTadeusz Lutoborski<br \/>\nBarbara Mami\u0144ska<br \/>\nZenona Mamontowicz-\u0141ojek<br \/>\nStefan Melak<br \/>\nTomasz Merta<br \/>\nStanis\u0142aw Mikke<br \/>\nAleksandra Natalli-\u015awiat<br \/>\nJanina Natusiewicz-Mirer<br \/>\nPiotr Nosek<br \/>\nPiotr Nurowski<br \/>\nBronis\u0142awa Orawiec-L\u00f6ffler<br \/>\nks. pp\u0142k Jan Osi\u0144ski<br \/>\nks. p\u0142k Adam Pilch<br \/>\nKatarzyna Piskorska<br \/>\nMaciej P\u0142a\u017cy\u0144ski<br \/>\nbp gen. Tadeusz P\u0142oski<br \/>\ngen. W\u0142odzimierz Potasi\u0144ski<br \/>\nAndrzej Przewo\u017anik<br \/>\nKrzysztof Putra<br \/>\nRyszard Rumianek<br \/>\nArkadiusz Rybicki<br \/>\nAndrzej Sariusz-Sk\u0105pski<br \/>\nWojciech Seweryn<br \/>\nS\u0142awomir Skrzypek<br \/>\nLeszek Solski<br \/>\nW\u0142adys\u0142aw Stasiak<br \/>\nJacek Sur\u00f3wka<br \/>\nAleksander Szczyg\u0142o<br \/>\nJerzy Szmajdzi\u0144ski<br \/>\nJolanta Szymanek-Deresz<br \/>\nIzabela Tomaszewska<br \/>\nMarek Uleryk<br \/>\nAnna Walentynowicz<br \/>\nTeresa Walewska-Przyja\u0142kowska<br \/>\nZbigniew Wasserman<br \/>\nWies\u0142aw Woda<br \/>\nEdward Wojtas<br \/>\nPawe\u0142 Wypych<br \/>\nStanis\u0142aw Zaj\u0105c<br \/>\nJanusz Zakrze\u0144ski<br \/>\nGabriela Zych<br \/>\nDariusz Micha\u0142owski<br \/>\nArkadiusz Protasiuk<br \/>\nRobert Grzywna<br \/>\nAndrzej Michalak<br \/>\nArtur Zi\u0119tek<br \/>\nBarbara Maciejczyk<br \/>\nNatalia Januszko<br \/>\nJustyna Moniuszko<br \/>\nAgnieszka Pogr\u00f3dka-Wi\u0119c\u0142awek<\/p>\n<p style=\"text-align: right;\"><em>Codziennie staje przed nami sprawa Ojczyzny. Ojczyzna przychodzi ku nam jako jaki\u015b dar. Zarazem od nas zale\u017cy trwanie Ojczyzny. Mimo \u017ce Ojczyzna jest dla nas darem, jej los od nas zale\u017cy. Sprawa Ojczyzny ci\u0105\u017cy u naszego sumienia. Czujemy to: istnieje w nas polskie sumienie. Sumienie to w\u0142ada ka\u017cdym z nas z osobna i zarazem w\u0142ada ca\u0142ym naszym narodem. Jego g\u0142os kieruje narodem w czasach niebezpiecze\u0144stw. To ono budzi nadziej\u0119 na miar\u0119 pr\u00f3by i odwag\u0119 na miar\u0119 odwagi ojc\u00f3w. G\u0142os polskiego sumienia wiedzie nas po zakr\u0119tach dziej\u00f3w, wyznaczaj\u0105c nieomylne warto\u015bci, o kt\u00f3re trzeba walczy\u0107 i warto\u015bci, kt\u00f3re mo\u017cna pomin\u0105\u0107.<\/em><br \/>\nKs. J\u00f3zef Tischner, \u201eEtyka solidarno\u015bci<em>\u201d<\/em><\/p>\n","protected":false},"excerpt":{"rendered":"<p>Las katy\u0144ski zosta\u0142 miejscem kolejnej polskiej tragedii. Zn\u00f3w spogl\u0105damy na list\u0119 poleg\u0142ych. S\u0105 na niej ludzie wybitni, zaanga\u017cowani w walk\u0119 o niepodleg\u0142o\u015b\u0107, intelektuali\u015bci, dzia\u0142aczy spo\u0142ecznych. A tak\u017ce za\u0142oga samolotu i cz\u0142onkowie BOR.<\/p>\n","protected":false},"author":152,"featured_media":0,"comment_status":"open","ping_status":"open","sticky":false,"template":"","format":"standard","meta":{"_acf_changed":false,"_exactmetrics_skip_tracking":false,"_exactmetrics_sitenote_active":false,"_exactmetrics_sitenote_note":"","_exactmetrics_sitenote_category":0,"footnotes":""},"categories":[236],"tags":[746,745],"class_list":["post-19158","post","type-post","status-publish","format-standard","hentry","category-archiwum-2","tag-10-04","tag-katastrofa-smolenska"],"acf":{"attached_posts":null},"_links":{"self":[{"href":"https:\/\/natropie.zhp.pl\/index.php\/wp-json\/wp\/v2\/posts\/19158","targetHints":{"allow":["GET"]}}],"collection":[{"href":"https:\/\/natropie.zhp.pl\/index.php\/wp-json\/wp\/v2\/posts"}],"about":[{"href":"https:\/\/natropie.zhp.pl\/index.php\/wp-json\/wp\/v2\/types\/post"}],"author":[{"embeddable":true,"href":"https:\/\/natropie.zhp.pl\/index.php\/wp-json\/wp\/v2\/users\/152"}],"replies":[{"embeddable":true,"href":"https:\/\/natropie.zhp.pl\/index.php\/wp-json\/wp\/v2\/comments?post=19158"}],"version-history":[{"count":7,"href":"https:\/\/natropie.zhp.pl\/index.php\/wp-json\/wp\/v2\/posts\/19158\/revisions"}],"predecessor-version":[{"id":22435,"href":"https:\/\/natropie.zhp.pl\/index.php\/wp-json\/wp\/v2\/posts\/19158\/revisions\/22435"}],"wp:attachment":[{"href":"https:\/\/natropie.zhp.pl\/index.php\/wp-json\/wp\/v2\/media?parent=19158"}],"wp:term":[{"taxonomy":"category","embeddable":true,"href":"https:\/\/natropie.zhp.pl\/index.php\/wp-json\/wp\/v2\/categories?post=19158"},{"taxonomy":"post_tag","embeddable":true,"href":"https:\/\/natropie.zhp.pl\/index.php\/wp-json\/wp\/v2\/tags?post=19158"}],"curies":[{"name":"wp","href":"https:\/\/api.w.org\/{rel}","templated":true}]}}