{"id":19271,"date":"2010-10-17T13:03:14","date_gmt":"2010-10-17T11:03:14","guid":{"rendered":"http:\/\/natropie.zhp.pl\/?p=2316"},"modified":"2015-08-05T13:00:33","modified_gmt":"2015-08-05T11:00:33","slug":"dla-albumow-trace-glowe","status":"publish","type":"post","link":"https:\/\/natropie.zhp.pl\/index.php\/dla-albumow-trace-glowe\/","title":{"rendered":"Dla album\u00f3w trac\u0119 g\u0142ow\u0119"},"content":{"rendered":"<p><strong><span style=\"color: #333333;\"><span style=\"font-family: Georgia, 'Times New Roman', 'Bitstream Charter', Times, serif;\"><span style=\"font-size: medium;\"><b>Sklep\u00f3w z dobrymi albumami fotograficznymi jest w Polsce ma\u0142o i wszystkie daleko od mojego miasta, zagl\u0105dam wi\u0119c do nich tylko z zamiarem kupienia czego\u015b konkretnego. Niestety jest jeszcze Pan Radek.<\/b><\/span><\/span><\/span><\/strong><\/p>\n<p style=\"text-align: left;\"><span style=\"line-height: 1.5;\">\u201ePana Radka\u201d pozna\u0142em przez Allegro. Szuka\u0142em \u201eInstant Light\u201d Andrieja Tarkowskiego, ale nigdzie nie mog\u0142em znale\u017a\u0107. On mia\u0142 w ofercie same pere\u0142ki, postanowi\u0142em zapyta\u0107, czy mo\u017ce mi sprowadzi\u0107 tak\u017ce i to. Gdy tylko do niego napisa\u0142em zwierz zw\u0119szy\u0142 \u0142atwy \u0142up. Odpisa\u0142 po dziesi\u0119ciu minutach, \u017ce Tarkowskiego za\u0142atwi. I podes\u0142a\u0142 list\u0119 tego, co ewentualnie mo\u017ce mi si\u0119 spodoba\u0107. Na aukcjach tego nie wystawia\u0142. \u201eZgoogla\u0142em Pana, mo\u017ce si\u0119 Pan jeszcze na co\u015b skusi\u201d. Pod\u0142y! Skusi\u0142em si\u0119, a przez nast\u0119pny miesi\u0105c musia\u0142em jada\u0107 rzadziej.<\/span><\/p>\n<p style=\"text-align: left;\">Tak, mam pewn\u0105 s\u0142abo\u015b\u0107, jestem uzale\u017cniony od kupowania album\u00f3w fotograficznych. Na\u0142ogowo i w hurtowych ilo\u015bciach. Kupuj\u0119 bez opami\u0119tania, \u201ePan Radek\u201d zapewne to wyczu\u0142, wiedzia\u0142 jak mnie podej\u015b\u0107. Nad przys\u0142an\u0105 przez niego list\u0105 dosta\u0142em prawie \u015blinotoku. Mo\u017cna powiedzie\u0107, \u017ce od tamtego czasu \u201ePan Radek\u201d ma nade mn\u0105 pewn\u0105 w\u0142adz\u0119.<\/p>\n<h3 style=\"text-align: left;\"><strong>Si\u0142a Powera<\/strong><\/h3>\n<blockquote><p>Power nie fotografuje niczego, czego ka\u017cdy z \u017cyj\u0105cych tu ludzi by nie zna\u0142.<\/p><\/blockquote>\n<p style=\"text-align: left;\">Tak by\u0142o z \u201cThe Sound of Two Songs\u201d Marka Powera. Mi\u0142o\u015bnikom fotografii autora przedstawia\u0107 nie trzeba, kto mia\u0142 szans\u0119 by\u0107 w Krakowie na tegorocznym Miesi\u0105cu Fotografii widzia\u0142 te zdj\u0119cia na wystawie. Mi si\u0119 nie uda\u0142o, wi\u0119c mia\u0142em dobre usprawiedliwienie dla tego zakupu. Album wyda\u0142a Fundacja Sztuk Wizualnych i chwa\u0142a jej za to. Jest to zestaw fotografii wykonanych przez Powera podczas kilkudziesi\u0119ciu podr\u00f3\u017cy po Polsce w latach 2005 \u2013 2009. Power nie fotografuje niczego, czego ka\u017cdy z \u017cyj\u0105cych tu ludzi by nie zna\u0142. Odrapane kamienice w Radomiu, kino Kosmos w Szczecinie, las w Zakopanem, Pa\u0142ac Kultury w Warszawie, jakie\u015b jeziora (latem i zim\u0105), supermarket, plac budowy, parking. To s\u0105 obrazy, kt\u00f3re codziennie przesuwaj\u0105 si\u0119 ka\u017cdemu z nas przed oczami. Jednak w obiektywie wielkoformatowej kamery Marka Powera te obrazy nabieraj\u0105 nowej mocy i nowych znacze\u0144. Na co dzie\u0144 nie zwracamy na nie uwagi, Power zmusza nas, do zatrzymania si\u0119 przy nich i wpatrzenia si\u0119 w nie. Co z tego zatrzymania wynika? Nie, dzi\u0119ki zdj\u0119ciom Marka Powera nie dowiecie si\u0119 o Polsce niczego nowego. Dowiecie si\u0119 natomiast czego\u015b o sobie i o tym, jak patrzycie na to, co Was otacza. Ja ten album ogl\u0105dam w k\u00f3\u0142ko i ci\u0105gle na nowo si\u0119 nim zach\u0142ystuj\u0119.<\/p>\n<h3 style=\"text-align: left;\"><strong>Annie Leibowitz Forever<\/strong><\/h3>\n<p style=\"text-align: left;\">O ile \u201eThe Sound of Two Songs\u201d to rzecz stosunkowo nowa w moim zbiorze, o tyle s\u0105 tam te\u017c rzeczy, kt\u00f3re nale\u017c\u0105 do absolutnej klasyki \u015bwiatowej fotografii. W\u015br\u00f3d nich dwa albumy Annie Leibowitz. Nie jest to fotografka z mojej bajki. Oczywi\u015bcie trudno nie docenia\u0107 jej dorobku, jednak gdybym mia\u0142 zrobi\u0107 list\u0119 swoich ulubionych fotograf\u00f3w Leibowitz nie by\u0142oby pewnie w pierwszej dziesi\u0105tce, je\u015bli nie dwudziestce. A mimo to jej albumy uwielbiam. Pierwszy z nich nosi tytu\u0142 \u201eWomen\u201d i jest wyborem fotografii znanych i nieznanych kobiet, kt\u00f3re stan\u0119\u0142y przed jej obiektywem. Jest wi\u0119c tu s\u0142ynne zdj\u0119cie Whoopi Goldberg w mleku i nie mniej znana fotografia Demi Moore w ci\u0105\u017cy. Ten album to opowie\u015b\u0107 o kobietach, lektura (czy to w\u0142a\u015bciwe s\u0142owo? ) obowi\u0105zkowa dla ka\u017cdego faceta, kt\u00f3ry uwa\u017ca, \u017ce z ich zrozumieniem miewa niekiedy problemy. Tak, fotografia pomaga tak\u017ce w tym.<br \/>\nDoskona\u0142ym uzupe\u0142nieniem albumu \u201eWomen\u201d jest monumentalny zbi\u00f3r zatytu\u0142owany \u201eA Photographer\u2019s Life 1990 &#8211; 2005\u201d. Obok swoich najbardziej znanych fotografii Annie Leibowitz umie\u015bci\u0142a tutaj tak\u017ce te, z jej prywatnego \u017cycia. Widzimy wi\u0119c jej rodzin\u0119, borykaj\u0105c\u0105 si\u0119 z chorob\u0105 Susan Sontag oraz kulisy sesji zamawianych u Leibowitz. Uwielbiam ten album w\u0142a\u015bnie za t\u0105 jego kompleksowo\u015b\u0107 \u2013 to zbi\u00f3r opowiadaj\u0105cy o tym, \u017ce fotograf nie zostawia swojej pracy po wyj\u015bciu ze studia, \u017ce fotografia to stan umys\u0142u, \u017ce tutaj to co dzieje si\u0119 \u201epo godzinach\u201d ma bezpo\u015brednie prze\u0142o\u017cenie na stricte zawodowe rezultaty. \u201eOto dlaczego tak sfotografowa\u0142am tych ludzi\u201d \u2013 zdaje si\u0119 m\u00f3wi\u0107 zza kadru Annie Leibowitz i ja w szukaniu tego \u201edlaczego\u201d potrafi\u0119 uton\u0105\u0107 na d\u0142ugie godziny.<\/p>\n<h3 style=\"text-align: left;\"><strong>Western<\/strong><\/h3>\n<blockquote><p>Zarobi\u0107 si\u0119 na tym nie da. Dlatego ka\u017cd\u0105 pozycj\u0119, kt\u00f3ra ukazuje si\u0119 na naszym rynku nale\u017cy ho\u0142ubi\u0107.<\/p><\/blockquote>\n<p style=\"text-align: left;\">Albumy polskich fotograf\u00f3w ukazuj\u0105 si\u0119 u nas niezwykle rzadko. Nic dziwnego, album to przedsi\u0119wzi\u0119cie kosztowne i niszowe. Zarobi\u0107 si\u0119 na tym nie da. Dlatego ka\u017cd\u0105 pozycj\u0119, kt\u00f3ra ukazuje si\u0119 na naszym rynku nale\u017cy ho\u0142ubi\u0107.<br \/>\nCa\u0142kiem niedawno sw\u00f3j pierwszy, niewielki gabarytowo album wyda\u0142 Kuba D\u0105browski, fotograf, kt\u00f3rego mo\u017cecie zna\u0107 mi\u0119dzy innymi z tego, \u017ce prowadzi rubryk\u0119 Stopklatka w tygodniku \u201ePrzekr\u00f3j\u201d. Opr\u00f3cz zgrabnego pisania o fotografii D\u0105browski jednak przede wszystkim fotografuje. Jego prowadzony w latach 2005 -2009 blog Accidentswillhappen sta\u0142 si\u0119 wzorem dla wielu fotobloger\u00f3w, kt\u00f3rzy staraj\u0105 si\u0119 na\u015bladowa\u0107 (w mniej lub bardziej udany spos\u00f3b) jego styl. Album D\u0105browskiego zatytu\u0142owany \u201eWest-ern\u201d sk\u0142ada si\u0119 jednak z fotografii, kt\u00f3rych nigdzie wcze\u015bniej nie mo\u017cna by\u0142o obejrze\u0107. Na pocz\u0105tku nast\u0119puje przedstawienie bohater\u00f3w \u201eNazywam si\u0119 Kuba. Jestem fotografem. Moja dziewczyna nazywa si\u0119 Monika. Zima ze \u015bniegiem jest lepsza ni\u017c zima bez \u015bniegu. Bardziej malownicza\u201d. Dalej jest ju\u017c ca\u0142kowicie autorska, subiektywna i absolutnie pokr\u0119cona jazda bez trzymanki. Podobnie jak Power D\u0105browski nie fotografuje niczego, czego by\u015bmy nie znali. W przeciwie\u0144stwie do Powera jednak robi to w spos\u00f3b chropowaty i spontaniczny , bez zabawy w te wszystkie techniczne ceregiele. Wyjmuje aparat z kieszeni i strzela. Te zdj\u0119cia to podr\u00f3\u017c w g\u0142\u0105b jego g\u0142owy, oczywi\u015bcie na tyle daleka, na ile pozwala sam D\u0105browski. Western nie jest albumem \u0142atwym, na samym pocz\u0105tku trzeba sobie mocno u\u015bwiadomi\u0107, \u017ce \u017cadne zdj\u0119cie nie znalaz\u0142o si\u0119 tam przez przypadek. Tak\u017ce to co znalaz\u0142o si\u0119 na zdj\u0119ciach ma sw\u00f3j g\u0142\u0119boko uzasadniony cel. Niby truizm, ale w przypadku albumu D\u0105browskiego trzeba sobie to u\u015bwiadamia\u0107 by cokolwiek z niego zrozumie\u0107. Tam nie ma \u201e\u0142adnych zdj\u0119\u0107\u201d.<\/p>\n<h3 style=\"text-align: left;\"><strong>Archiw\u00f3w czar<\/strong><\/h3>\n<blockquote><p>Gurdow\u0105 trzeba ogl\u0105da\u0107 za dnia, inaczej mo\u017ce si\u0119 przy\u015bni\u0107.<\/p><\/blockquote>\n<p style=\"text-align: left;\">Ostatnio ukaza\u0142o si\u0119 w Polsce kilka ciekawych album\u00f3w historycznych. Najpierw by\u0142 \u201eKlisze przechowuje si\u0119. Fotografie Stefanii Gurdowej\u201d wydane przez Fundacj\u0119 Imago Mundi. Historia jaka kryje si\u0119 za tym albumem zapiera dech w piersiach tak samo, jak same fotografie. Oto pewien fotograf \u2013 Andrzej Kramarz, odkrywa na poddaszu domu w D\u0119bicy kartony pe\u0142ne szklanych klisz \u2013 portret\u00f3w mieszka\u0144c\u00f3w miasteczka z pocz\u0105tku XX wieku. Cz\u0119\u015b\u0107 materia\u0142u jest zniszczona, niekt\u00f3re fotografie daje si\u0119 jednak reprodukowa\u0107. Efektem tej \u017cmudnej pracy jest zbi\u00f3r poruszaj\u0105cych, wbijaj\u0105cych w fotel podw\u00f3jnych portret\u00f3w. Przy okazji wydania albumu Imago Mundi wyda\u0142a kilka poczt\u00f3wek ze zdj\u0119ciami Gurdowej. Powiesi\u0142em sobie je nad biurkiem, ale musia\u0142em szybko zdj\u0105\u0107. Pos\u0119pne oblicza gapi\u0142y si\u0119 na mnie w spos\u00f3b przyprawiaj\u0105cy o ciarki na plecach. Gurdow\u0105 trzeba ogl\u0105da\u0107 za dnia, inaczej mo\u017ce si\u0119 przy\u015bni\u0107.<\/p>\n<p style=\"text-align: left;\">W czerwcu swoj\u0105 premier\u0119 mia\u0142 natomiast album \u201eAugustis\u201d bia\u0142ostockiego fotografa Boles\u0142awa Augustisa. Tutaj tak\u017ce towarzysz\u0105ca albumowi historia nadaje si\u0119 na scenariusz filmowy. Augustis przyjecha\u0142 do Bia\u0142egostoku wraz z rodzin\u0105 z Nowosybirska w latach 30-tych. Rodzina Augustis\u00f3w prawdopodobnie wywodzi\u0142a si\u0119 z polskich zes\u0142a\u0144c\u00f3w postyczniowych. Boles\u0142aw, jeszcze w Rosji, sko\u0144czy\u0142 szko\u0142\u0119 fotograficzn\u0105. W 1935 r. otworzy\u0142 niewielki zak\u0142ad Polonia Film Augustis, robi\u0142 zdj\u0119cia na zam\u00f3wienie, fotografowa\u0142 wa\u017cne chwile w dziejach miasta, najcz\u0119\u015bciej jednak portretowa\u0142 przechodz\u0105cych ulic\u0105 bia\u0142ostoczan. Na prze\u0142omie 1939\/40 r. zosta\u0142 aresztowany przez NKWD i wywieziony na Syberi\u0119. Stamt\u0105d trafi\u0142 do armii Andersa, z kt\u00f3r\u0105 przew\u0119drowa\u0142 szlak bojowy i wyl\u0105dowa\u0142 w Anglii. Do Polski nigdy ju\u017c nie wr\u00f3ci\u0142. Osiedli\u0142 si\u0119 w Nowej Zelandii, tam si\u0119 o\u017cenili i tam te\u017c zmar\u0142 w maju 1995 r.<br \/>\nZbi\u00f3r jego negatyw\u00f3w znalaz\u0142y po latach bawi\u0105ce si\u0119 na jednym z podw\u00f3rek dzieci. Zdj\u0119cia szcz\u0119\u015bliwie ocala\u0142y i trafi\u0142y w r\u0119ce fotografa bia\u0142ostockiego oddzia\u0142u Gazety Wyborczej Grzegorza D\u0105browskiego. Jest troch\u0119 tak, \u017ce na skutek nieszcz\u0119\u015bliwych dziejowych zbieg\u00f3w okoliczno\u015bci Polska nie mo\u017ce si\u0119 pochwali\u0107 takimi fotografami jak Atget, Eugene Smith czy Cartier Bresson. Augustis nieco t\u0119 luk\u0119 wype\u0142nia, jego fotografie to rzetelny dokument, \u015bwiadectwo czas\u00f3w, w jakich przysz\u0142o mu \u017cy\u0107. Dzi\u0119ki albumowi to nazwisko z pewno\u015bci\u0105 na trwa\u0142e wejdzie do historii polskiej fotografii.<\/p>\n<p style=\"text-align: left;\">A co z \u201eInstant Light\u201d Tarkowskiego?. Kto nie by\u0142 w ubieg\u0142ym roku na wystawie w ramach festiwalu \u201eDialogu Czterech Kultur\u201d w \u0141odzi niech \u017ca\u0142uje. Te polaroidy nie s\u0105 wystawiane zbyt cz\u0119sto, bo blakn\u0105 od \u015bwiat\u0142a. Ka\u017cdy z nich jednak zabija. Dlatego ten album jest tak trudny do zdobycia. Tak, wiem, jest w ofercie zagranicznych sklep\u00f3w, ale spr\u00f3bujcie go tam zam\u00f3wi\u0107, wtedy zaczn\u0105 si\u0119 schody. Pan Radek wywi\u0105za\u0142 si\u0119 jednak z zadania. Tarkowski przyszed\u0142 do mnie opatulony w b\u0105belkow\u0105 foli\u0119. Obejrza\u0142em kilka razy i musia\u0142em si\u0119 go pozby\u0107. To by\u0142 prezent. Bo takim szcz\u0119\u015bciem trzeba si\u0119 dzieli\u0107.<\/p>\n<p style=\"text-align: left;\"><strong>Dobre sklepy z albumami fotograficznymi:<\/strong><\/p>\n<p style=\"text-align: left;\"><strong>BookOff<\/strong> \u2013 Warszawa, ul. \u0141ucka. <a href=\"http:\/\/www.bookoff.pl\/\">http:\/\/www.bookoff.pl\/<\/a> &#8211; je\u015bli czego\u015b nie ma tutaj, najprawdopodobniej nie ma tego tak\u017ce w Polsce<\/p>\n<p style=\"text-align: left;\"><strong>f5<\/strong> &#8211; <a href=\"http:\/\/www.f5-ksiegarnia.pl\/\">http:\/\/www.f5-ksiegarnia.pl\/ <\/a>&#8211; krakowska ksi\u0119garnia fotograficzna i galeria, prowadzona przez \u017cyczliwych znawc\u00f3w<\/p>\n<p style=\"text-align: left;\"><strong>Bookarest <\/strong>&#8211; <a href=\"http:\/\/www.bookarest.pl\/\">http:\/\/www.bookarest.pl\/<\/a> &#8211; jedna z dw\u00f3ch fajnych ksi\u0119garni w Poznaniu. Cho\u0107 na p\u00f3\u0142kach stoi tu niewiele album\u00f3w, to zam\u00f3wi\u0107 mo\u017cna o wiele wi\u0119cej<\/p>\n<p style=\"text-align: left;\"><strong>Ksi\u0119garnia Powszechna<\/strong> &#8211; <a href=\"http:\/\/www.ksiegarniapowszechna.pl\/\">http:\/\/www.ksiegarniapowszechna.pl\/<\/a> &#8211; ta druga fajna ksi\u0119garnia w Poznaniu. Na pi\u0119terku mo\u017cna sobie poogl\u0105da\u0107, sporo tu pere\u0142ek, kt\u00f3rych pr\u00f3\u017cno szuka\u0107 gdzie indziej. Niekt\u00f3re w zaskakuj\u0105co niskich cenach.<\/p>\n<p style=\"text-align: left;\">\n","protected":false},"excerpt":{"rendered":"<p>Sklep\u00f3w z dobrymi albumami fotograficznymi jest w Polsce ma\u0142o i wszystkie daleko od mojego miasta, zagl\u0105dam wi\u0119c do nich tylko z zamiarem kupienia czego\u015b konkretnego. Niestety jest jeszcze Pan Radek.<\/p>\n","protected":false},"author":152,"featured_media":0,"comment_status":"open","ping_status":"open","sticky":false,"template":"","format":"standard","meta":{"_acf_changed":false,"_exactmetrics_skip_tracking":false,"_exactmetrics_sitenote_active":false,"_exactmetrics_sitenote_note":"","_exactmetrics_sitenote_category":0,"footnotes":""},"categories":[236],"tags":[],"class_list":["post-19271","post","type-post","status-publish","format-standard","hentry","category-archiwum-2"],"acf":{"attached_posts":null},"_links":{"self":[{"href":"https:\/\/natropie.zhp.pl\/index.php\/wp-json\/wp\/v2\/posts\/19271","targetHints":{"allow":["GET"]}}],"collection":[{"href":"https:\/\/natropie.zhp.pl\/index.php\/wp-json\/wp\/v2\/posts"}],"about":[{"href":"https:\/\/natropie.zhp.pl\/index.php\/wp-json\/wp\/v2\/types\/post"}],"author":[{"embeddable":true,"href":"https:\/\/natropie.zhp.pl\/index.php\/wp-json\/wp\/v2\/users\/152"}],"replies":[{"embeddable":true,"href":"https:\/\/natropie.zhp.pl\/index.php\/wp-json\/wp\/v2\/comments?post=19271"}],"version-history":[{"count":3,"href":"https:\/\/natropie.zhp.pl\/index.php\/wp-json\/wp\/v2\/posts\/19271\/revisions"}],"predecessor-version":[{"id":22322,"href":"https:\/\/natropie.zhp.pl\/index.php\/wp-json\/wp\/v2\/posts\/19271\/revisions\/22322"}],"wp:attachment":[{"href":"https:\/\/natropie.zhp.pl\/index.php\/wp-json\/wp\/v2\/media?parent=19271"}],"wp:term":[{"taxonomy":"category","embeddable":true,"href":"https:\/\/natropie.zhp.pl\/index.php\/wp-json\/wp\/v2\/categories?post=19271"},{"taxonomy":"post_tag","embeddable":true,"href":"https:\/\/natropie.zhp.pl\/index.php\/wp-json\/wp\/v2\/tags?post=19271"}],"curies":[{"name":"wp","href":"https:\/\/api.w.org\/{rel}","templated":true}]}}