{"id":19539,"date":"2012-03-10T22:00:32","date_gmt":"2012-03-10T20:00:32","guid":{"rendered":"http:\/\/natropie.zhp.pl\/?p=5641"},"modified":"2012-03-10T22:00:32","modified_gmt":"2012-03-10T20:00:32","slug":"dzialaj-jest-silnym-spoiwem","status":"publish","type":"post","link":"https:\/\/natropie.zhp.pl\/index.php\/dzialaj-jest-silnym-spoiwem\/","title":{"rendered":"Dzia\u0142aj! &#8211; jest silnym spoiwem"},"content":{"rendered":"<p><strong><em> <\/em><\/strong><\/p>\n<p><strong><em><a rel=\"attachment wp-att-5654\" href=\"https:\/\/natropie.zhp.pl\/index.php\/dzialaj-jest-silnym-spoiwem\/logo-watra-3\/\"><img loading=\"lazy\" decoding=\"async\" class=\"size-medium wp-image-5654 alignright\" title=\"logo watra\" src=\"https:\/\/natropie.zhp.pl\/wp-content\/uploads\/logo-watra2-244x300.jpg\" alt=\"\" width=\"171\" height=\"210\" srcset=\"https:\/\/natropie.zhp.pl\/wp-content\/uploads\/logo-watra2-244x300.jpg 244w, https:\/\/natropie.zhp.pl\/wp-content\/uploads\/logo-watra2.jpg 783w\" sizes=\"auto, (max-width: 171px) 100vw, 171px\" \/><\/a>Mimo, \u017ce w\u0119drownictwo jest u nas \u201em\u0142ode\u201d w wojew\u00f3dztwie, to podj\u0119li\u015bmy si\u0119 za tak wielkiej i w\u0119drowniczej rzeczy jak\u0105 jest Watra. <\/em><\/strong><strong>Komenda W\u0119drowniczej Watry 2012 daje si\u0119 pozna\u0107. To oni zgotuj\u0105 nam najwa\u017cniejsz\u0105 imprez\u0119 tego lata.<\/strong><\/p>\n<p>&nbsp;<\/p>\n<p>&nbsp;<\/p>\n<p><strong>Powstali\u015bmy&#8230; <\/strong>nie tak dawno temu. W\u0105tki o zorganizowaniu Watry w naszym wojew\u00f3dztwie przebrzmia\u0142y kilka razy w kr\u0119gu os\u00f3b z Referatu W\u0119drowniczego Chor\u0105gwi Kujawsko- Pomorskiej i Ruchu \u201eAkademik\u00f3w\u201d. D\u0142ugo jednak nie my\u015bleli\u015bmy, \u017ce to ju\u017c. A\u017c pewnej nocy na zlocie w Krakowie Lucyna zwr\u00f3ci\u0142a si\u0119 do jedz\u0105cej bu\u0142k\u0119 Kasi: a mo\u017ce Watr\u0119 zrobimy w Kuj- Pom? I tak z rozmy\u015bla\u0144 powsta\u0142 wniosek do przetargu o organizacj\u0119 Watry ze strony Referatu i Akademik\u00f3w, kt\u00f3ry oczywi\u015bcie wygrali\u015bmy bezkonkurencyjnie.<\/p>\n<p>&nbsp;<\/p>\n<p><strong>Jeste\u015bmy dru\u017cyn\u0105, bo&#8230; <\/strong>spaja nas idea w\u0119drownicza, kt\u00f3ra przy\u015bwieca wszystkim cz\u0142onkom komendy Watry, a najfajniejszym sposobem realizacji idei jest w\u0142a\u015bnie spotkanie przy ogniu w gronie w\u0119drownik\u00f3w. I ch\u0119\u0107 ci\u0105g\u0142ego dzia\u0142ania, dzielenia si\u0119 sob\u0105 i tym, co mamy i umiemy \u2013 nasze dewizowe \u201edzia\u0142aj\u201d jest silnym spoiwem.<\/p>\n<p style=\"text-align: center;\">&nbsp;<\/p>\n<p><strong>Jeste\u015bmy wyj\u0105tkowi, bo&#8230; <\/strong>mimo, \u017ce w\u0119drownictwo jest u nas <em>m\u0142ode<\/em> w wojew\u00f3dztwie, to podj\u0119li\u015bmy si\u0119 za tak wielkiej i w\u0119drowniczej rzeczy jak\u0105 jest Watra. Dlatego te\u017c, \u017ce mieszanin\u0105 lider\u00f3w \u2013 ekspert\u00f3w potrafimy ze sob\u0105 doskonale wsp\u00f3\u0142gra\u0107. I wyj\u0105tkowy jest nasz mix \u015brodowisk i do\u015bwiadcze\u0144: Referat z ludzie skupieni z terenu ca\u0142ego wojew\u00f3dztwa i Akademicy- z ca\u0142ej Polski.<\/p>\n<p style=\"text-align: center;\"><a rel=\"attachment wp-att-5986\" href=\"https:\/\/natropie.zhp.pl\/index.php\/dzialaj-jest-silnym-spoiwem\/attachment\/4\/\"><img loading=\"lazy\" decoding=\"async\" class=\"aligncenter size-large wp-image-5986\" title=\"4\" src=\"https:\/\/natropie.zhp.pl\/wp-content\/uploads\/4-1024x348.jpg\" alt=\"\" width=\"600\" height=\"350\" \/><\/a><\/p>\n<p><strong>Wyczyn dla nas to&#8230; <\/strong>na pewno przygotowanie naszego wojew\u00f3dztwa do fali w\u0119drownik\u00f3w, kt\u00f3ra przyjedzie w sierpniu, a tak\u017ce zgranie pracy ludzi z ca\u0142ej Polski.<\/p>\n<p>&nbsp;<\/p>\n<p><strong>Nasi weterani aktualnie s\u0105&#8230; <\/strong>o tym b\u0119dziemy mogli pomy\u015ble\u0107 we wrze\u015bniu.<\/p>\n<p>&nbsp;<\/p>\n<p><strong>Nie mo\u017cemy sobie poradzi\u0107 z&#8230; <\/strong>hm&#8230; w ci\u0105g\u0142ej dyskusji jak\u017ce wa\u017cki problem: wyb\u00f3r koloru koszulek. A i mamy strasznie du\u017co kreatywno\u015bci w zespole &#8211; za du\u017co kreatywno\u015bci szkodzi.<\/p>\n<p>&nbsp;<\/p>\n<p><strong>Smak sukcesu poczuli\u015bmy, gdy&#8230; <\/strong>sukcesy&#8230; nie jeste\u015bmy przes\u0105dni, ale nie chcemy zapesza\u0107. Mamy ich ju\u017c kilka, a opowiemy Wam o nich we wrze\u015bniu.<\/p>\n<p style=\"text-align: center;\"><a rel=\"attachment wp-att-5995\" href=\"https:\/\/natropie.zhp.pl\/index.php\/dzialaj-jest-silnym-spoiwem\/attachment\/1\/\"><img loading=\"lazy\" decoding=\"async\" class=\"aligncenter size-large wp-image-5995\" title=\"1\" src=\"https:\/\/natropie.zhp.pl\/wp-content\/uploads\/1-1024x725.jpg\" alt=\"\" width=\"600\" height=\"400\" \/><\/a><\/p>\n<p><strong>Rodzice m\u00f3wi\u0105 o nas&#8230; <\/strong>do nas: \u201eznowu to harcerstwo, zabiera Ci czas i pieni\u0105dze&#8230;m\u00f3g\u0142by\u015b zrobi\u0107 co\u015b innego, odpocz\u0105\u0107 w ko\u0144cu&#8230;\u201d. Potem- m\u00f3wi\u0105c o nas: \u201eJeste\u015bmy z Ciebie dumni! M\u00f3j syn\/ c\u00f3rka robi niesamowite rzeczy!\u201d<\/p>\n<p>&nbsp;<\/p>\n<p><strong>Powiedzonko, kt\u00f3re tylko my rozumiemy&#8230;<\/strong><\/p>\n<p><strong> <\/strong>s\u0142onko<\/p>\n<p>numer rozkazu L 06\/ 2011<\/p>\n<p>Ale i tak nie zrozumiecie.<\/p>\n<p style=\"text-align: center;\"><a rel=\"attachment wp-att-6000\" href=\"https:\/\/natropie.zhp.pl\/index.php\/dzialaj-jest-silnym-spoiwem\/2-2\/\"><img loading=\"lazy\" decoding=\"async\" class=\"aligncenter size-large wp-image-6000\" title=\"2\" src=\"https:\/\/natropie.zhp.pl\/wp-content\/uploads\/21-1024x698.jpg\" alt=\"\" width=\"600\" height=\"345\" \/><\/a><\/p>\n<p><strong>Najwi\u0119kszy orygina\u0142 w dru\u017cynie to&#8230; <\/strong>chyba jeste\u015bmy konstelacj\u0105 orygina\u0142\u00f3w, ale konkurs wygrywa jedyna, niepowtarzalna, w niezrozumia\u0142y dla zwyk\u0142ego cz\u0142owieka, ogarniaj\u0105ca wszystko- komendantka.<\/p>\n<p>&nbsp;<\/p>\n<p><strong>Znaj\u0105 nas z&#8230; <\/strong>Watry 2011- kojarzycie te ulotki, przypinki i u\u015bcisk d\u0142oni komendantki?<\/p>\n<p>&nbsp;<\/p>\n<p><strong>Najwa\u017cniejszy wyjazd w roku to&#8230; <\/strong>Watra?<\/p>\n<p>&nbsp;<\/p>\n<p><strong>Nie wyobra\u017camy sobie dru\u017cyny bez&#8230; <\/strong> komendantki<\/p>\n<p>&nbsp;<\/p>\n<p><strong>Nasze miejsce jest w&#8230; <\/strong>Funce, tam b\u0119dzie nasza Watra i by\u0142y niesamowite chwile na spotkaniach Komendy Watry, ale tak\u017ce ca\u0142y teren wojew\u00f3dztwa Kujawsko- Pomorskiego i miasta, z kt\u00f3rych s\u0105 zaanga\u017cowani w przedsi\u0119wzi\u0119cie akademicy.<\/p>\n<p>&nbsp;<\/p>\n<p><strong>Jeste\u015bmy \u015bwietni w&#8230; <\/strong>zara\u017caniu ide\u0105 \u2013 akademicki entuzjazm i w\u0119drowniczy power to nasze specjalno\u015bci, co\u015b w czym jeste\u015bmy ekspertami.<\/p>\n<p style=\"text-align: center;\"><a rel=\"attachment wp-att-5789\" href=\"https:\/\/natropie.zhp.pl\/index.php\/dzialaj-jest-silnym-spoiwem\/dsc_1183\/\"><\/a><a rel=\"attachment wp-att-5795\" href=\"https:\/\/natropie.zhp.pl\/index.php\/dzialaj-jest-silnym-spoiwem\/logo-akademicy-2\/\"><a rel=\"attachment wp-att-6003\" href=\"https:\/\/natropie.zhp.pl\/index.php\/dzialaj-jest-silnym-spoiwem\/attachment\/3\/\"><img loading=\"lazy\" decoding=\"async\" class=\"aligncenter size-large wp-image-6003\" title=\"3\" src=\"https:\/\/natropie.zhp.pl\/wp-content\/uploads\/3-1024x663.jpg\" alt=\"\" width=\"600\" height=\"333\" \/><\/a><br \/>\n<\/a><\/p>\n<div><span style=\"color: #0000ee;\"><span style=\"text-decoration: underline;\"><br \/>\n<\/span><\/span><strong>Poznasz nas po&#8230;<\/strong> pomara\u0144czowym logo Watry, szaro- zielonych chustach i p\u0142omiennym logo Referatu W\u0119drowniczego Kuj- Pom oraz wr\u0119cz ksi\u0105\u017ckowemu logo Akademik\u00f3w.&nbsp;<\/p>\n<p>&nbsp;<\/p>\n<\/div>\n","protected":false},"excerpt":{"rendered":"<p>Mimo, \u017ce w\u0119drownictwo jest u nas \u201em\u0142ode\u201d w wojew\u00f3dztwie, to podj\u0119li\u015bmy si\u0119 za tak wielkiej i w\u0119drowniczej rzeczy jak\u0105 jest Watra. Komenda W\u0119drowniczej Watry 2012 daje si\u0119 pozna\u0107. To oni zgotuj\u0105 nam najwa\u017cniejsz\u0105 imprez\u0119 tego lata.<\/p>\n","protected":false},"author":152,"featured_media":0,"comment_status":"open","ping_status":"open","sticky":false,"template":"","format":"standard","meta":{"_acf_changed":false,"_exactmetrics_skip_tracking":false,"_exactmetrics_sitenote_active":false,"_exactmetrics_sitenote_note":"","_exactmetrics_sitenote_category":0,"footnotes":""},"categories":[236],"tags":[],"class_list":["post-19539","post","type-post","status-publish","format-standard","hentry","category-archiwum-2"],"acf":{"attached_posts":null},"_links":{"self":[{"href":"https:\/\/natropie.zhp.pl\/index.php\/wp-json\/wp\/v2\/posts\/19539","targetHints":{"allow":["GET"]}}],"collection":[{"href":"https:\/\/natropie.zhp.pl\/index.php\/wp-json\/wp\/v2\/posts"}],"about":[{"href":"https:\/\/natropie.zhp.pl\/index.php\/wp-json\/wp\/v2\/types\/post"}],"author":[{"embeddable":true,"href":"https:\/\/natropie.zhp.pl\/index.php\/wp-json\/wp\/v2\/users\/152"}],"replies":[{"embeddable":true,"href":"https:\/\/natropie.zhp.pl\/index.php\/wp-json\/wp\/v2\/comments?post=19539"}],"version-history":[{"count":0,"href":"https:\/\/natropie.zhp.pl\/index.php\/wp-json\/wp\/v2\/posts\/19539\/revisions"}],"wp:attachment":[{"href":"https:\/\/natropie.zhp.pl\/index.php\/wp-json\/wp\/v2\/media?parent=19539"}],"wp:term":[{"taxonomy":"category","embeddable":true,"href":"https:\/\/natropie.zhp.pl\/index.php\/wp-json\/wp\/v2\/categories?post=19539"},{"taxonomy":"post_tag","embeddable":true,"href":"https:\/\/natropie.zhp.pl\/index.php\/wp-json\/wp\/v2\/tags?post=19539"}],"curies":[{"name":"wp","href":"https:\/\/api.w.org\/{rel}","templated":true}]}}