{"id":19719,"date":"2013-06-20T02:27:12","date_gmt":"2013-06-20T00:27:12","guid":{"rendered":"http:\/\/natropie.zhp.pl\/?p=11063"},"modified":"2014-05-06T17:16:50","modified_gmt":"2014-05-06T15:16:50","slug":"minimalistyczne-blogi","status":"publish","type":"post","link":"https:\/\/natropie.zhp.pl\/index.php\/minimalistyczne-blogi\/","title":{"rendered":"Minimalistyczne blogi"},"content":{"rendered":"<p style=\"text-align: justify;\" align=\"JUSTIFY\"><strong>W minimalizm da si\u0119 wsi\u0105kn\u0105\u0107. Oni to zrobili \u2013 w r\u00f3\u017cnym stopniu, ale konsekwentnie. Poznajcie kilku minimalist\u00f3w i ich blogi. Dowiedzcie si\u0119, jak \u017cy\u0107 minimalistycznie.<\/strong><\/p>\n<p style=\"text-align: justify;\" align=\"JUSTIFY\">Mam dla was 10 blog\u00f3w o minimalizmie. Jeden po angielsku i dziewi\u0119\u0107 po polsku. Na cz\u0119\u015bci z nich znajduj\u0105 si\u0119 porady \u201ejak \u017cy\u0107\u201d, na innych niekoniecznie. Ka\u017cdy z nich, mniej lub bardziej, porusza tematyk\u0119 minimalizmu. Ka\u017cdy dotyka tego tematu troch\u0119 z innej strony. Cz\u0119\u015b\u0107 z nich prowadzona jest od dawna, a cz\u0119\u015b\u0107 od kilku miesi\u0119cy. Niekt\u00f3re blogi s\u0105 prowadzone przez ludzi, kt\u00f3rym zdarza si\u0119 opowiada\u0107 o minimalizmie w porannych programach telewizyjnych. Inne pozycje nie maj\u0105 a\u017c tak znanych autor\u00f3w.<\/p>\n<h3 style=\"text-align: justify;\" align=\"JUSTIFY\"><strong><a href=\"http:\/\/zenhabits.net\/\" target=\"_blank\">ZENHABITS<br \/>\n<\/a><\/strong><\/h3>\n<blockquote>\n<p style=\"display: inline !important;\" align=\"JUSTIFY\"><em>How much of human life is lost in waiting?\u00a0<\/em>\u2013 Ralph Waldo Emerson<\/p>\n<\/blockquote>\n<p style=\"text-align: justify;\" align=\"JUSTIFY\">Mo\u017cna zaryzykowa\u0107 stwierdzenie, \u017ce to kultowy blog w pewnych \u015brodowiskach. Jest to jeden z najcz\u0119\u015bciej odwiedzanych blog\u00f3w z ponad 260 tysi\u0105cami subskrybent\u00f3w, do kt\u00f3rego odwo\u0142uje si\u0119 wiele polskich blog\u00f3w o tematyce minimalizmu. Magazyn Time umie\u015bci\u0142 Zen Habits na szczycie swojego zestawienia TOP25 najlepszych blog\u00f3w oraz na li\u015bcie pi\u0119\u0107dziesi\u0119ciu najlepszych stron WWW na \u015bwiecie. Autorem jest czterdziestoletni Leo Babauta \u2013 dziennikarz, autor o\u015bmiu ksi\u0105\u017cek, biegacz i weganin mieszkaj\u0105cy w San Francisco. Na blogu pojawiaj\u0105 si\u0119 \u015brednio dziewi\u0119\u0107 obszernych artyku\u0142\u00f3w w miesi\u0105cu, poruszaj\u0105cych tematyk\u0119 prostoty, zdrowia, motywacji i inspiracji, \u017cycia rodzinnego, cel\u00f3w w \u017cyciu i jeszcze par\u0119 innych temat\u00f3w poruszanych przez autora.<\/p>\n<p style=\"text-align: justify;\" align=\"JUSTIFY\"><strong>Wybrane wpisy:<br \/>\n<\/strong><\/p>\n<ul>\n<li><a href=\"http:\/\/zenhabits.net\/check\/\" target=\"_blank\">\u201e<\/a><a href=\"http:\/\/zenhabits.net\/check\/\" target=\"_blank\">The Daily Checklist\u201d<\/a> \u2013 w tym po\u015bcie Leo Babauta uczy robi\u0107 listy zada\u0144, kt\u00f3re naucz\u0105 nas zaufania do siebie, aby lepiej nam si\u0119 \u017cy\u0142o.<\/li>\n<li><a href=\"http:\/\/zenhabits.net\/how-to-learn-a-language-in-90-days\/\" target=\"_blank\">\u201e<\/a><a href=\"http:\/\/zenhabits.net\/how-to-learn-a-language-in-90-days\/\" target=\"_blank\">How o learn a language in 90 days\u201d<\/a> \u2013 ma\u0142o o minimalizmie, ale du\u017co o nauce j\u0119zyk\u00f3w.<\/li>\n<\/ul>\n<h3 style=\"text-align: justify;\" align=\"JUSTIFY\"><strong><a href=\"http:\/\/www.prostyblog.com\/\" target=\"_blank\">PROSTY BLOG<\/a><\/strong><\/h3>\n<blockquote>\n<p align=\"JUSTIFY\">\u2026upodobanie do prostoty jest kwesti\u0105 gustu i wrodzonych sk\u0142onno\u015bci. Jedni lubi\u0105 wzory i ozd\u00f3bki, barokowe prze\u0142adowanie, inni preferuj\u0105 g\u0142adkie powierzchnie, proste linie.<\/p>\n<\/blockquote>\n<p style=\"text-align: justify;\" align=\"JUSTIFY\">Jest to blog prowadzony od trzech lat. Mo\u017ce nawet troch\u0119 d\u0142u\u017cej, ale w styczniu 2010 roku autorka postanowi\u0142a przenie\u015b\u0107 si\u0119 na obecny serwis blogowy. Sama autorka pisz\u0119 do\u015b\u0107 du\u017co o sobie. Mo\u017cna dowiedzie\u0107 si\u0119, \u017ce za wpisami stoi Anna Mularczyk-Meyer, kt\u00f3ra jest t\u0142umaczk\u0105. Na blogu poruszana jest tematyka zmagania si\u0119 z nadmiarem rzeczy, opisywane s\u0105 r\u00f3\u017cne sposoby upraszczania \u017cycia i refleksje dotycz\u0105ce poznawania swoich prawdziwych potrzeb. Autorka ma w planach wydanie ksi\u0105\u017cki, kt\u00f3rej tytu\u0142 roboczy brzmi \u201eMinimalizm po polsku\u201d.<\/p>\n<p style=\"text-align: justify;\" align=\"JUSTIFY\"><strong>Wybrane wpisy:<br \/>\n<\/strong><\/p>\n<ul>\n<li><a href=\"http:\/\/www.prostyblog.com\/2013\/05\/minimalistow-znajduje-sie-w-kapuscie.html\" target=\"_blank\">\u201e<\/a><a href=\"http:\/\/www.prostyblog.com\/2013\/05\/minimalistow-znajduje-sie-w-kapuscie.html\" target=\"_blank\">Minimalist\u00f3w znajduje si\u0119 w kapu\u015bcie\u201d<\/a> \u2013 o tym, jak rodzice wp\u0142yn\u0119li na minimalizm blogerki.<\/li>\n<li><a href=\"http:\/\/www.prostyblog.com\/2012\/12\/szczescie-jest-przereklamowane.html\" target=\"_blank\">\u201e<\/a><a href=\"http:\/\/www.prostyblog.com\/2012\/12\/szczescie-jest-przereklamowane.html\" target=\"_blank\">Szcz\u0119\u015bcie jest przereklamowane\u201d<\/a> \u2013 o pisaniu bloga o minimalizmie i tym, \u017ce ka\u017cdy jest inny.<\/li>\n<\/ul>\n<h3 style=\"text-align: justify;\" align=\"JUSTIFY\"><strong><a href=\"http:\/\/www.nie-kupuje-tego.blogspot.com\/\" target=\"_blank\">NIE KUPUJ\u0118 TEGO<\/a><\/strong><\/h3>\n<blockquote>\n<p align=\"JUSTIFY\">Ponad miesi\u0105c po zako\u0144czeniu 12-miesi\u0119cznego dobrowolnego zes\u0142ania na marginesy konsumpcji, wci\u0105\u017c po nich w\u0119druj\u0119 \u2013 z niewymuszon\u0105 przyjemno\u015bci\u0105 i nowo odkryt\u0105 swobod\u0105.<\/p>\n<\/blockquote>\n<p style=\"text-align: justify;\" align=\"JUSTIFY\">\u201eNie kupuj\u0119 tego\u201d to blog o ograniczaniu konsumpcji przez reporterk\u0119 z Warszawy. Autorka postanowi\u0142a przez rok nie kupowa\u0107 rzeczy, kt\u00f3rych nie potrzebuje. Na blogu opisuje swoje zmagania z otaczaj\u0105cymi j\u0105 pokusami, wymianami r\u00f3\u017cnych rzeczy, debetem na koncie, a nawet z poszukiwaniem odpowiedniego miejsca do pracy. Rok bez zb\u0119dnych zakup\u00f3w okaza\u0142 si\u0119 czasem poszukiwania nowych inspiruj\u0105cych rozwi\u0105za\u0144, kt\u00f3re sprawdzaj\u0105 si\u0119 nawet po zako\u0144czeniu eksperymentu.<\/p>\n<p style=\"text-align: justify;\" align=\"JUSTIFY\"><strong>Wybrane wpisy:<br \/>\n<\/strong><\/p>\n<ul>\n<li><a href=\"http:\/\/www.nie-kupuje-tego.blogspot.com\/2012\/04\/1.html\" target=\"_blank\">Pierwszy wpis<\/a> \u2013 jak to wszystko si\u0119 zacz\u0119\u0142o.<\/li>\n<li><a href=\" http:\/\/www.nie-kupuje-tego.blogspot.com\/2013\/04\/126.html\" target=\"_blank\">126 wpis<\/a> \u2013 podsumowanie tego, co zacz\u0119\u0142o si\u0119 od pierwszego wpisu.<\/li>\n<\/ul>\n<h3 style=\"text-align: justify;\" align=\"JUSTIFY\"><strong><a href=\"http:\/\/minimalplan.com\/\" target=\"_blank\">MINIMAL PLAN<\/a><\/strong><\/h3>\n<blockquote>\n<p align=\"JUSTIFY\">Nie, nie zamierzam wyrzuci\u0107 telefonu przez okno ani zrezygnowa\u0107 z mobilnego internetu. Ale od czasu do czasu, przynajmniej w weekendy, b\u0119d\u0119 wy\u0142\u0105cza\u0107 telefon i nie zagl\u0105da\u0107 do sieci.<\/p>\n<\/blockquote>\n<p style=\"text-align: justify;\" align=\"JUSTIFY\">Znowu kobieta prowadz\u0105ca bloga. Jak sama o sobie pisze, pracuje w og\u00f3lnopolskiej redakcji i prowadzi organizacj\u0119 pozarz\u0105dow\u0105. Przyznaje, \u017ce ma ju\u017c dosy\u0107 otaczaj\u0105cych j\u0105 temat\u00f3w i najbardziej interesuje j\u0105, jak zwolni\u0107 tryb \u017cycia, upro\u015bci\u0107 wszystko, co si\u0119 da, i samodzielnie ustala\u0107 zasady. W pierwszym swoim wpisie z kwietnia 2012 roku pojawia si\u0119 wa\u017cna deklaracja \u2013 nie b\u0119dzie porad ani opisywania swojego \u017cycia. Pojawiaj\u0105 si\u0119 recenzje ksi\u0105\u017cek i artyku\u0142\u00f3w o minimalizmie, w\u0142asne opinie o markach odzie\u017cowych czy te\u017c rozmowy o minimalizmie.<\/p>\n<p style=\"text-align: justify;\" align=\"JUSTIFY\"><strong>Wybrane wpisy:<br \/>\n<\/strong><a href=\"http:\/\/minimalplan.com\/2012\/12\/13\/inspiracje-francine-jay-miss-minimalist\/\" target=\"_blank\">\u201e<\/a><a href=\"http:\/\/minimalplan.com\/2012\/12\/13\/inspiracje-francine-jay-miss-minimalist\/\" target=\"_blank\">Inspiracje \u2013 Francine Jay (Miss Minimalist)\u201d<\/a> \u2013 wywiad z inn\u0105 autork\u0105 bloga o minimalizmie.<br \/>\n<a href=\"http:\/\/minimalplan.com\/2012\/05\/28\/co-ma-powolnosc-do-polityki\/\" target=\"_blank\">\u201e<\/a><a href=\"http:\/\/minimalplan.com\/2012\/05\/28\/co-ma-powolnosc-do-polityki\/\" target=\"_blank\">Co ma powolno\u015b\u0107 do polityki\u201d<\/a> \u2013 czyli recenzja pewnego artyku\u0142u w pewnej og\u00f3lnopolskiej gazecie.<\/p>\n<h3 style=\"text-align: justify;\" align=\"JUSTIFY\"><strong><a href=\"http:\/\/orest.tabaka.eu\/blog\" target=\"_blank\">BLOG ORESTA TABAKI\u00a0<\/a><\/strong><\/h3>\n<blockquote>\n<p align=\"JUSTIFY\">Minimalizm (\u2026) to podej\u015bcie, w kt\u00f3rym \u015bwiadomie wybieramy, czym si\u0119 zajmujemy, co robimy, co jest dla nas wa\u017cne i potrzebne, w kt\u00f3re przedsi\u0119wzi\u0119cia i osoby kierujemy sw\u00f3j czas, uwag\u0119 i energi\u0119.<\/p>\n<\/blockquote>\n<p style=\"text-align: justify;\" align=\"JUSTIFY\">Prowadzi tego bloga \u2013 jak sam o sobie pisze \u2013 Naczelny Minimalista Polski, Orest Tabaka. Poza wpisami znajduj\u0105 si\u0119 te\u017c kr\u00f3tkie filmy z prowadz\u0105cym bloga, ale najwa\u017cniejsza jest tre\u015b\u0107, a pojawia si\u0119 ona od czerwca 2008 roku. Jest co\u015b o samym autorze i jego \u017cyciu, s\u0105 porady, jak zosta\u0107 minimalist\u0105 i jeszcze w kilku innych tematach. Blogera mo\u017cna czasami zobaczy\u0107 i us\u0142ysze\u0107 w og\u00f3lnopolskich mediach, takich jak Polskie Radio Czw\u00f3rka, TVN, Gazeta Wyborcza, wi\u0119c istnieje szansa, \u017ce ju\u017c znacie tego pana z telewizji lub czytali\u015bcie o nim w gazecie.<\/p>\n<p style=\"text-align: justify;\" align=\"JUSTIFY\"><strong>Wybrane wpisy:<br \/>\n<\/strong><\/p>\n<ul>\n<li><a href=\"http:\/\/orest.tabaka.eu\/blog\/2013\/05\/07\/ogarnij-swoje-zycie\/\" target=\"_blank\">\u201e<\/a><a href=\"http:\/\/orest.tabaka.eu\/blog\/2013\/05\/07\/ogarnij-swoje-zycie\/\" target=\"_blank\">Ogarnij swoje \u017cycie\u201d<\/a> \u2013 chyba nie trzeba pisa\u0107, o czym jest ten wpis.<\/li>\n<li><a href=\"http:\/\/orest.tabaka.eu\/blog\/2010\/12\/09\/moj-praktyczny-minimalizm\/\" target=\"_blank\">\u201e<\/a><a href=\"http:\/\/orest.tabaka.eu\/blog\/2010\/12\/09\/moj-praktyczny-minimalizm\/\" target=\"_blank\">M\u00f3j praktyczny minimalizm\u2026\u201d<\/a> \u2013 czyli o tym, co posiada Orest Tabaka.<\/li>\n<\/ul>\n<h3 style=\"text-align: justify;\" align=\"JUSTIFY\"><strong><a href=\"http:\/\/minimalistycznadroga.blogspot.com\/\" target=\"_blank\">MINIMALISTYCZNA DROGA<\/a><\/strong><\/h3>\n<blockquote>\n<p align=\"JUSTIFY\">Luksus to umiej\u0119tno\u015b\u0107 rezygnacji, umiej\u0119tno\u015b\u0107 zr\u00f3wnowa\u017conego podej\u015bcia do tego, co nas spotyka, a przede wszystkim umiej\u0119tno\u015b\u0107 cieszenia si\u0119 ma\u0142ymi, codziennymi zdarzeniami.<\/p>\n<\/blockquote>\n<p style=\"text-align: justify;\" align=\"JUSTIFY\">Bloga prowadzi Karolina z Poznania. Autorka porusza wiele temat\u00f3w zwi\u0105zanych z minimalizmem. Na przyk\u0142ad wpis z 2 czerwca zosta\u0142 spuentowany, \u017ce ludzie i relacje z nimi s\u0105 najwa\u017cniejsze \u2013 ca\u0142y minimalizm. Blogerka opisuje swoje \u017cycie, w kt\u00f3rym pojawiaj\u0105 si\u0119 przemy\u015blenia na temat minimalizmu, a ca\u0142y pomys\u0142 na takie \u017cycie pojawi\u0142 si\u0119 po przeczytaniu artyku\u0142u w Przekroju.<\/p>\n<p style=\"text-align: justify;\" align=\"JUSTIFY\"><strong>Wybrane wpisy:<br \/>\n<\/strong><\/p>\n<ul>\n<li><a href=\"http:\/\/minimalistycznadroga.blogspot.com\/2013\/05\/praca-i-bycie.html\" target=\"_blank\">\u201e<\/a><a href=\"http:\/\/minimalistycznadroga.blogspot.com\/2013\/05\/praca-i-bycie.html\" target=\"_blank\">Praca i bycie\u201d<\/a> \u2013 o tym, co cz\u0142owiek \u201emusi\u201d i \u201echce\u201d.<\/li>\n<li><a href=\"http:\/\/minimalistycznadroga.blogspot.com\/2012\/08\/piekne-zycie-bez-pieniedzy.html\" target=\"_blank\">\u201e<\/a><a href=\"http:\/\/minimalistycznadroga.blogspot.com\/2012\/08\/piekne-zycie-bez-pieniedzy.html\" target=\"_blank\">Pi\u0119kne \u017cycie bez pieni\u0119dzy\u201d<\/a> \u2013 o ksi\u0105\u017cce pod tym tytu\u0142em, a raczej o tym, jakie tematy porusza.<\/li>\n<\/ul>\n<h3 style=\"text-align: justify;\" align=\"JUSTIFY\"><strong><a href=\"http:\/\/www.wolnymbyc.pl\/\" target=\"_blank\">WOLNYM BY\u0106<\/a><\/strong><\/h3>\n<blockquote>\n<p align=\"JUSTIFY\">Wi\u0119kszo\u015b\u0107 z nas jest w 20% najbogatszych ludzi\u015bwiata (wystarcz\u0105 do tego zarobki 10 $ dziennie, w przybli\u017ceniu 930 z\u0142 miesi\u0119cznie).<\/p>\n<\/blockquote>\n<p style=\"text-align: justify;\" align=\"JUSTIFY\">Autor bloga jest m\u0119\u017cem, ojcem, pracuje w korporacji i pisze bloga. G\u0142\u00f3wnie o niezale\u017cno\u015bci finansowej i jak j\u0105 osi\u0105gn\u0105\u0107, czyli o minimalizmie w wydawaniu albo o ograniczaniu swoich niepotrzebnych wydatk\u00f3w. Nie znajdziemy tutaj nic w rodzaju \u201efajnie jest posiada\u0107 tylko jedn\u0105 par\u0119 spodni\u201d. Blog jest g\u0142\u00f3wnie o pieni\u0105dzach i wszystkim, co si\u0119 z nimi wi\u0105\u017ce.<\/p>\n<p style=\"text-align: justify;\" align=\"JUSTIFY\"><strong>Wybrane wpisy:<\/strong><\/p>\n<ul>\n<li><a href=\"http:\/\/www.wolnymbyc.pl\/dzieci-zaprzeczenie-minimalizmu-i-oszczednosci-niekoniecznie\/\" target=\"_blank\">\u201e<\/a><a href=\"http:\/\/www.wolnymbyc.pl\/dzieci-zaprzeczenie-minimalizmu-i-oszczednosci-niekoniecznie\/\" target=\"_blank\">Dzieci \u2013 zaprzeczenie minimalizmu i oszcz\u0119dno\u015bci? NIEKONIECZNIE!\u201d <\/a>\u2013 o dzieciach i wydatkach z nimi zwi\u0105zanych.<\/li>\n<li><a href=\"http:\/\/www.wolnymbyc.pl\/wrog-publiczny\/\">\u201eWr\u00f3g publiczny\u201d <\/a>\u2013 o wp\u0142ywie autora, a raczej jego braku, na gospodark\u0119.<\/li>\n<\/ul>\n<h3 style=\"text-align: justify;\" align=\"JUSTIFY\"><strong><a href=\"http:\/\/pasjavspraca.com\/\" target=\"_blank\">PASJA VS. PRACA<\/a><\/strong><\/h3>\n<blockquote>\n<p align=\"JUSTIFY\">Mo\u017cna powiedzie\u0107, \u017ce idealny minimalista to kto\u015b, kto nagle znajdzie si\u0119 go\u0142y w obcym mie\u015bcie i nie zauwa\u017cy, \u017ce ma jaki\u015b problem.<\/p>\n<\/blockquote>\n<p style=\"text-align: justify;\" align=\"JUSTIFY\">Autorem jest Arkadiusz Rac\u0142aw mieszkaj\u0105cy w Warszawie, przez wiele lat pracuj\u0105cy w korporacji. Na blogu porusza takie tematy jak minimalizm, lenistwo, duchowo\u015b\u0107, prawa zwierz\u0105t, jak odci\u0105\u0107 si\u0119 od niepotrzebnych bod\u017ac\u00f3w z zewn\u0105trz oraz to, co wi\u0105\u017c\u0119 si\u0119 z ruchem \u2013 bieganie, rower, spacery. Zdarza mu si\u0119 r\u00f3wnie\u017c komentowa\u0107 docieraj\u0105ce do niego informacje poruszaj\u0105ce bliskie mu tematy.<\/p>\n<p style=\"text-align: justify;\" align=\"JUSTIFY\"><strong>Wybrane wpisy:<br \/>\n<\/strong><\/p>\n<ul>\n<li><a href=\"http:\/\/pasjavspraca.com\/2012\/06\/13\/wyprawa-rowerowa-z-malym-bagazem-instrukcja-obslugi\/\" target=\"_blank\">\u201e<\/a><a href=\"http:\/\/pasjavspraca.com\/2012\/06\/13\/wyprawa-rowerowa-z-malym-bagazem-instrukcja-obslugi\/\" target=\"_blank\">Wyprawa rowerowa z ma\u0142ym baga\u017cem. Instrukcja obs\u0142ugi\u201d<\/a> \u2013 jak spakowa\u0107 17 rzeczy do sakwy rowerowej montowanej przy kierownicy.<\/li>\n<li><a href=\"http:\/\/pasjavspraca.com\/2013\/06\/07\/moda_etyka\/\" target=\"_blank\">\u201e<\/a><a href=\"http:\/\/pasjavspraca.com\/2013\/06\/07\/moda_etyka\/\" target=\"_blank\">Czy mo\u017cna m\u00f3wi\u0107 o modzie w po\u0142\u0105czeniu z etyk\u0105\u201d<\/a> \u2013 czy etyka jest zmienna niczym moda?<\/li>\n<\/ul>\n<h3 style=\"text-align: justify;\" align=\"JUSTIFY\"><strong><a href=\"http:\/\/mini.post.waw.pl\/\" target=\"_blank\">MINIMALIZM<\/a><\/strong><\/h3>\n<blockquote>\n<p align=\"JUSTIFY\">Ostatnio kupili\u015bmy lod\u00f3wk\u0119.<\/p>\n<\/blockquote>\n<p style=\"text-align: justify;\" align=\"JUSTIFY\">Blog porusza tematyk\u0119 minimalizmu i ruchu slow. Autorka postanowi\u0142a zacz\u0105\u0107 pisa\u0107 tego bloga, gdy u\u015bwiadomi\u0142a sobie, \u017ce powinna zmieni\u0107 swoje \u017cycie. Postanawia pisa\u0107, aby mie\u0107 motywacj\u0119 do zmian oraz da\u0107 j\u0105 innym. Co\u015b, co przykuwa uwag\u0119, to lista przer\u00f3\u017cnych blog\u00f3w o minimalizmie w j\u0119zyku polskim, angielskim i francuskim.<\/p>\n<p style=\"text-align: justify;\" align=\"JUSTIFY\"><strong>Wybrane wpisy:<br \/>\n<\/strong><\/p>\n<ul>\n<li><a href=\"http:\/\/mini.post.waw.pl\/index.php\/post\/37\/mini\" target=\"_blank\">\u201e<\/a><a href=\"http:\/\/mini.post.waw.pl\/index.php\/post\/37\/mini\" target=\"_blank\">Jak m\u00f3wi\u0107 mniej\u201d<\/a> \u2013 o jako\u015bci. a nie ilo\u015bci wypowiadanych s\u0142\u00f3w.<\/li>\n<li><a href=\" http:\/\/mini.post.waw.pl\/index.php\/post\/339\/mini\" target=\"_blank\">\u201e<\/a><a href=\" http:\/\/mini.post.waw.pl\/index.php\/post\/339\/mini\" target=\"_blank\">Zbyt wiele\u201d<\/a> \u2013 o minimalizmie i postrzeganiu go przez innych.<\/li>\n<\/ul>\n<h3 style=\"text-align: justify;\" align=\"JUSTIFY\"><a href=\"http:\/\/neominimalizm.pl\/\" target=\"_blank\"><strong>NEOMINIMALIZM<\/strong><\/a><\/h3>\n<blockquote>\n<p align=\"JUSTIFY\">Minimalizm to co\u015b wspania\u0142ego, ale tak\u017ce ulotnego.<\/p>\n<\/blockquote>\n<p style=\"text-align: justify;\" align=\"JUSTIFY\">Oto przyk\u0142ad wp\u0142ywu Leo Babauta na autora tego bloga. Jest nim Pawe\u0142 Kata, kt\u00f3ry w 2010 roku postanowi\u0142 przez rok \u017cy\u0107 zgodnie z zaleceniami minimalizmu. Wytrwa\u0142 w swoim postanowieniu i nadal je realizuje oraz zach\u0119ca do tego inne osoby na swoim blogu.<\/p>\n<p style=\"text-align: justify;\" align=\"JUSTIFY\"><strong>Wybrane wpisy:<br \/>\n<\/strong><\/p>\n<ul>\n<li><a href=\" http:\/\/neominimalizm.pl\/przez-minimalizm-do-szczescia\/\" target=\"_blank\">\u201e<\/a><a href=\" http:\/\/neominimalizm.pl\/przez-minimalizm-do-szczescia\/\" target=\"_blank\">Przez minimalizm do szcz\u0119\u015bcia\u201d<\/a> \u2013 kilka zda\u0144 o ksi\u0105\u017cce autorstwa Leo Babauty.<\/li>\n<li><a href=\"http:\/\/neominimalizm.pl\/365-dni-minimalizmu\/\" target=\"_blank\">\u201e<\/a><a href=\"http:\/\/neominimalizm.pl\/365-dni-minimalizmu\/\" target=\"_blank\">365 dni Minimalizmu\u201d<\/a> \u2013 podsumowanie roku \u015bwiadomego minimalizmu.<\/li>\n<\/ul>\n","protected":false},"excerpt":{"rendered":"<p>W minimalizm da si\u0119 wsi\u0105kn\u0105\u0107. Oni to zrobili \u2013 w r\u00f3\u017cnym stopniu, ale konsekwentnie. Poznajcie kilku minimalist\u00f3w i ich blogi. Dowiedzcie si\u0119, jak \u017cy\u0107 minimalistycznie.<\/p>\n","protected":false},"author":152,"featured_media":0,"comment_status":"open","ping_status":"open","sticky":false,"template":"","format":"standard","meta":{"_acf_changed":false,"_exactmetrics_skip_tracking":false,"_exactmetrics_sitenote_active":false,"_exactmetrics_sitenote_note":"","_exactmetrics_sitenote_category":0,"footnotes":""},"categories":[236],"tags":[277,276],"class_list":["post-19719","post","type-post","status-publish","format-standard","hentry","category-archiwum-2","tag-blogi-o-minimalizmie","tag-minimalizm"],"acf":{"attached_posts":null},"_links":{"self":[{"href":"https:\/\/natropie.zhp.pl\/index.php\/wp-json\/wp\/v2\/posts\/19719","targetHints":{"allow":["GET"]}}],"collection":[{"href":"https:\/\/natropie.zhp.pl\/index.php\/wp-json\/wp\/v2\/posts"}],"about":[{"href":"https:\/\/natropie.zhp.pl\/index.php\/wp-json\/wp\/v2\/types\/post"}],"author":[{"embeddable":true,"href":"https:\/\/natropie.zhp.pl\/index.php\/wp-json\/wp\/v2\/users\/152"}],"replies":[{"embeddable":true,"href":"https:\/\/natropie.zhp.pl\/index.php\/wp-json\/wp\/v2\/comments?post=19719"}],"version-history":[{"count":2,"href":"https:\/\/natropie.zhp.pl\/index.php\/wp-json\/wp\/v2\/posts\/19719\/revisions"}],"predecessor-version":[{"id":19814,"href":"https:\/\/natropie.zhp.pl\/index.php\/wp-json\/wp\/v2\/posts\/19719\/revisions\/19814"}],"wp:attachment":[{"href":"https:\/\/natropie.zhp.pl\/index.php\/wp-json\/wp\/v2\/media?parent=19719"}],"wp:term":[{"taxonomy":"category","embeddable":true,"href":"https:\/\/natropie.zhp.pl\/index.php\/wp-json\/wp\/v2\/categories?post=19719"},{"taxonomy":"post_tag","embeddable":true,"href":"https:\/\/natropie.zhp.pl\/index.php\/wp-json\/wp\/v2\/tags?post=19719"}],"curies":[{"name":"wp","href":"https:\/\/api.w.org\/{rel}","templated":true}]}}