{"id":19864,"date":"2014-05-11T14:01:27","date_gmt":"2014-05-11T12:01:27","guid":{"rendered":"http:\/\/natropie.zhp.pl\/?p=19864"},"modified":"2014-05-26T11:34:46","modified_gmt":"2014-05-26T09:34:46","slug":"daj-glos","status":"publish","type":"post","link":"https:\/\/natropie.zhp.pl\/index.php\/daj-glos\/","title":{"rendered":"Daj g\u0142os"},"content":{"rendered":"<p><b>Wybory do Parlamentu Europejskiego coraz bli\u017cej, bo 25 maja. Po co s\u0105 te wybory i jakimi rz\u0105dz\u0105 si\u0119 prawami? Jaki maj\u0105 wp\u0142yw na nasze \u017cycie? Na te i kilka innych pyta\u0144 zaraz uzyskacie odpowiedzi.<\/b><\/p>\n<blockquote><p>Parlament Europejski reprezentuje interesy 500 milion\u00f3w obywateli Unii Europejskiej<\/p><\/blockquote>\n<p style=\"text-align: justify;\">Zanim przejdziemy do wyja\u015bniania poszczeg\u00f3lnych zagadnie\u0144, trzeba zaznaczy\u0107, \u017ce w tym tek\u015bcie nie znajdziecie informacji, kto jest jedynk\u0105 na li\u015bcie wyborczej jakiej\u015b partii w\u00a0Warszawie ani jak poszczeg\u00f3lni kandydaci b\u0119d\u0105 si\u0119 stara\u0107 o unijne pieni\u0105dze i czego to oni nie zrobi\u0105 dla Polski. Oni od tego tam nie s\u0105, bo Parlament Europejski (PE) reprezentuje interesy 500 milion\u00f3w obywateli Unii Europejskiej jako ca\u0142o\u015bci, bez podzia\u0142u na narodowo\u015bci. Od dbania o narodowe interesy jest Rada Unii Europejskiej, w kt\u00f3rej ka\u017cde pa\u0144stwo ma liczb\u0119 g\u0142os\u00f3w odpowiadaj\u0105c\u0105 proporcjonalnie liczbie ludno\u015bci. Najwi\u0119cej g\u0142os\u00f3w, bo po 29, maj\u0105 Niemcy, Francja, W\u0142ochy i Wielka Brytania. Polska ma 27 g\u0142os\u00f3w, a najmniejsza Malta &#8211; 3. \u017beby Rada UE co\u015b przeg\u0142osowa\u0142a, potrzebna jest zgoda co najmniej 15 pa\u0144stw, kt\u00f3re b\u0119d\u0105 reprezentowa\u0107 65% ludno\u015bci UE. Parlament Europejski i Rada Unii Europejskiej wsp\u00f3\u0142pracuj\u0105 ze sob\u0105, aby projekty Komisji Europejskiej wesz\u0142y w \u017cycie.<\/p>\n<p><iframe loading=\"lazy\" src=\"\/\/www.youtube.com\/embed\/t5k5XOPI8Bw?rel=0\" width=\"853\" height=\"480\" frameborder=\"0\" allowfullscreen=\"allowfullscreen\"><\/iframe><\/p>\n<h3><b>Kiedy, kto i ilu pos\u0142\u00f3w wybiera?<\/b><\/h3>\n<blockquote><p>W Austrii mog\u0105 g\u0142osowa\u0107 osoby, kt\u00f3re uko\u0144czy\u0142y 16. rok \u017cycia<\/p><\/blockquote>\n<p style=\"text-align: justify;\">Pewnie wiecie, \u017ce w Polsce wybory do PE odb\u0119d\u0105 si\u0119 25 maja, czyli w niedziel\u0119, od godziny 7.00 do 21.00. Zag\u0142osowa\u0107 mo\u017ce ka\u017cdy obywatel RP, kt\u00f3ry w dniu wybor\u00f3w uko\u0144czy\u0142 18. rok \u017cycia oraz ka\u017cdy stale zamieszkuj\u0105cy w Polsce obywatel UE nieb\u0119d\u0105cy obywatelem Polski. To znaczy, \u017ce je\u017celi jaki\u015b Hiszpan mieszka w Polsce, ale nie ma polskiego obywatelstwa, to i\u00a0tak mo\u017ce zag\u0142osowa\u0107 w tych wyborach tak samo jak jego polscy znajomi. W naszym pa\u0144stwie wybieramy 51 pos\u0142\u00f3w do PE i robimy to w 13 okr\u0119gach wyborczych. W innych pa\u0144stwach odbywa si\u0119 to nieco inaczej, poniewa\u017c ka\u017cde pa\u0144stwo ma troch\u0119 inne zasady. Wi\u0119kszo\u015b\u0107 zag\u0142osuje w niedziel\u0119, ale w Holandii i Wielkiej Brytanii ludzie zrobi\u0105 to w\u00a0czwartek 22 maja, w Irlandii w pi\u0105tek, w Czechach g\u0142osowanie b\u0119dzie trwa\u0142o od pi\u0105tku do\u00a0soboty, a na S\u0142owacji i \u0141otwie tylko w sobot\u0119 24 maja. Dalej jest jeszcze ciekawiej. W\u00a0niekt\u00f3rych pa\u0144stwach jest pr\u00f3g wyborczy (w Polsce partia musi zdoby\u0107 5% g\u0142os\u00f3w w skali kraju, \u017ceby liczy\u0107 si\u0119 przy podziale miejsc), a w innych nie. Oczywi\u015bcie liczba pos\u0142\u00f3w zale\u017cy od liczby obywateli danego pa\u0144stwa. Najwi\u0119cej pos\u0142\u00f3w wybiera si\u0119 w Niemczech \u2013 96, a\u00a0najmniej na Malcie \u2013 6. Czasami pa\u0144stwo jest podzielone na kilka okr\u0119g\u00f3w wyborczych, a\u00a0czasami jest jednym wielkim okr\u0119giem wyborczym. My\u015blicie, \u017ce wsz\u0119dzie g\u0142osuj\u0105 co najmniej osiemnastolatkowie? Ot\u00f3\u017c nie. W Austrii mog\u0105 g\u0142osowa\u0107 osoby, kt\u00f3re uko\u0144czy\u0142y 16. rok \u017cycia. W Polsce i wi\u0119kszo\u015bci innych pa\u0144stw g\u0142osowanie w tych wyborach jest dobrowolne, ale w Belgii, Grecji, Luksemburgu i na Cyprze g\u0142osowanie jest obowi\u0105zkowe. W Belgii za nie p\u00f3j\u015bcie do urn mo\u017cna zap\u0142aci\u0107 grzywn\u0119 od 25\u20ac do 125\u20ac, a w\u00a0Luksemburgu w skrajnych przypadkach nawet 1000\u20ac.<\/p>\n<h3 style=\"text-align: justify;\"><b>Po co jest Parlament Europejski?<\/b><\/h3>\n<p style=\"text-align: justify;\">Parlament Europejski mo\u017ce pracowa\u0107 nad europejskimi aktami prawnymi w 70 obszarach polityki Unii Europejskiej, a ca\u0142a UE zajmuje si\u0119 80 obszarami. Dodatkowo, w niekt\u00f3rych pozosta\u0142ych obszarach polityki (podatki, cz\u0142onkostwo w strefie euro), PE mo\u017ce wyda\u0107 swoje opinie, kt\u00f3re do niczego nie zobowi\u0105zuj\u0105. Je\u017celi UE, czyli wszystkie 28 pa\u0144stw, chcia\u0142aby podpisa\u0107 jak\u0105\u015b umow\u0119 z innym pa\u0144stwem spoza Unii, to PE musi wyrazi\u0107 na to zgod\u0119. Tym sposobem PE zablokowa\u0142 wej\u015bcie w \u017cycie s\u0142ynnej umowy dotycz\u0105cej zwalczania obrotu towarami podrobionymi (ACTA). PE razem z Rad\u0105 Unii Europejskiej stanowi prawo. Mo\u017ce te\u017c \u017c\u0105da\u0107 od Komisji Europejskiej (KE to taki rz\u0105d, w kt\u00f3rym s\u0105 komisarze od r\u00f3\u017cnych spraw) przedstawienia propozycji jakiego\u015b aktu prawnego. PE wybiera przewodnicz\u0105cego Komisji Europejskiej i zatwierdza jej ostateczny sk\u0142ad. Bierze udzia\u0142 w pracach nad bud\u017cetem Unii. Od nowej kadencji, zgodnie z Traktatem Lizbo\u0144skim z 2007 roku, PE b\u0119dzie mia\u0142 tych praw jeszcze wi\u0119cej. Najwa\u017cniejsz\u0105 nowo\u015bci\u0105 jest wyb\u00f3r Przewodnicz\u0105cego KE. Dotychczas pa\u0144stwa UE mog\u0142y wybra\u0107 na t\u0119 funkcj\u0119 kogo chcia\u0142y, a teraz to PE zadecyduje. Nowym przewodnicz\u0105cym KE zostanie albo Martin Schultz z Post\u0119powego Sojuszu Socjalist\u00f3w i Demokrat\u00f3w (S&amp;D), albo Jean-Claude Juncker z Europejskiej Partii Ludowej (EPP). O frakcjach w PE przeczytacie troch\u0119 ni\u017cej, a teraz klika przyk\u0142ad\u00f3w dzia\u0142a\u0144, kt\u00f3re przys\u0142u\u017cy\u0142y si\u0119 wszystkim mieszka\u0144com Unii.<\/p>\n<p><a href=\"https:\/\/natropie.zhp.pl\/wp-content\/uploads\/infografika-z-wyborem-KE.jpg\"><img loading=\"lazy\" decoding=\"async\" class=\"aligncenter size-large wp-image-19865\" src=\"https:\/\/natropie.zhp.pl\/wp-content\/uploads\/infografika-z-wyborem-KE-1024x512.jpg\" alt=\"infografika z wyborem KE\" width=\"1024\" height=\"512\" srcset=\"https:\/\/natropie.zhp.pl\/wp-content\/uploads\/infografika-z-wyborem-KE-1024x512.jpg 1024w, https:\/\/natropie.zhp.pl\/wp-content\/uploads\/infografika-z-wyborem-KE-600x300.jpg 600w, https:\/\/natropie.zhp.pl\/wp-content\/uploads\/infografika-z-wyborem-KE-300x150.jpg 300w, https:\/\/natropie.zhp.pl\/wp-content\/uploads\/infografika-z-wyborem-KE.jpg 1500w\" sizes=\"auto, (max-width: 1024px) 100vw, 1024px\" \/><\/a><\/p>\n<p style=\"text-align: justify;\">W mijaj\u0105cej kadencji PE przeg\u0142osowa\u0142 ca\u0142kowite zniesienie op\u0142at roamingowych w 2015 roku. Oznacza to tyle, \u017ce gdy wyjedziemy do innego pa\u0144stwa UE, to za po\u0142\u0105czenie do Polski zap\u0142acimy tyle samo, jakby\u015bmy dzwonili z obozu na Mazurach do domu. Ju\u017c teraz op\u0142aty za korzystanie z us\u0142ug innego operatora za granic\u0105 s\u0105 ni\u017csze ni\u017c kiedy\u015b, co jest zas\u0142ug\u0105 PE. Od 2009 roku op\u0142aty s\u0105 sukcesywnie obni\u017canie i obecnie za minut\u0119 po\u0142\u0105czenia przychodz\u0105cego mo\u017cemy zap\u0142aci\u0107 maksymalnie 36 groszy, a od lipca b\u0119dzie to kolejne 10 groszy mniej. Podobnie jest z po\u0142\u0105czeniami do Polski i esemesami. Kto\u015b mo\u017ce powiedzie\u0107, \u017ce ceny po\u0142\u0105cze\u0144 powinien regulowa\u0107 rynek, a nie UE. Tylko \u017ce jest pewna grupa produkt\u00f3w i us\u0142ug, kt\u00f3re ludzie b\u0119d\u0105 kupowa\u0107 niezale\u017cnie od ich ceny i w\u0142a\u015bnie ceny jednej z takich us\u0142ug postanowiono stopniowo obni\u017ca\u0107 w imi\u0119 swobody przemieszczania si\u0119 po ca\u0142ej Unii Europejskiej. Skoro mo\u017cna bez paszportu pojecha\u0107 do Portugalii, to dlaczego nie mo\u017cna by zadzwoni\u0107 bez roamingu?<\/p>\n<p style=\"text-align: justify;\">R\u00f3wnie\u017c w mijaj\u0105cej kadencji PE uchwali\u0142 prawo m\u00f3wi\u0105ce, \u017ce ka\u017cdy obywatel UE mo\u017ce leczy\u0107 si\u0119 w dowolnym innym pa\u0144stwie UE. To znaczy, \u017ce jak zachoruj\u0119 i stwierdz\u0119, \u017ce chcia\u0142bym by\u0107 leczony w niemieckim szpitalu, to wystarczy zapisa\u0107 si\u0119 do kolejki oczekuj\u0105cych na przyj\u0119cie do niemieckiego szpitala, tak samo jakby to by\u0142 polski szpital. Ale nie zawsze jest tak \u0142atwo, jak ze zniesieniem roamingu. Cz\u0119sto prawo uchwalone przez Uni\u0119 Europejsk\u0105 ka\u017cde z pa\u0144stw cz\u0142onkowskich musi zaimplementowa\u0107. Polega to na tym, \u017ce rz\u0105d tworzy odpowiednie przepisy w celu zrealizowania unijnej dyrektywy. Dyrektywa to akt prawa UE, kt\u00f3ry m\u00f3wi pa\u0144stwom cz\u0142onkowskim, co maj\u0105 osi\u0105gn\u0105\u0107, ale pozostawia swobod\u0119 wyboru \u015brodk\u00f3w, kt\u00f3rymi\u00a0zostanie to osi\u0105gni\u0119te. W takim przypadku UE rozlicza ze skutk\u00f3w, a\u00a0nie sposobu, kt\u00f3rym chciano je osi\u0105gn\u0105\u0107, a ka\u017cde pa\u0144stwo ma maksymalnie cztery lata na implementacj\u0119. Za brak terminowej implementacji mog\u0105 grozi\u0107 kary si\u0119gaj\u0105ce nawet kilkuset tysi\u0119cy euro za ka\u017cdy dzie\u0144 zw\u0142oki.<\/p>\n<p style=\"text-align: justify;\">Mo\u017cna by podawa\u0107 jeszcze wi\u0119cej konkretnych dzia\u0142a\u0144 Parlamentu Europejskiego, kt\u00f3re maj\u0105 wp\u0142yw na nasze \u017cycie. Osoby w wieku w\u0119drowniczym pewnie s\u0142ysza\u0142y informacje jakoby program ERASMUS mia\u0142 zosta\u0107 zlikwidowany z powodu problem\u00f3w finansowych wywo\u0142anych kryzysem z 2008 roku. Ostatecznie program dalej dzia\u0142a i nawet przeznaczono na niego wi\u0119cej pieni\u0119dzy.<\/p>\n<p><iframe loading=\"lazy\" src=\"\/\/www.youtube.com\/embed\/U66jsKThH9E?rel=0\" width=\"853\" height=\"480\" frameborder=\"0\" allowfullscreen=\"allowfullscreen\"><\/iframe><\/p>\n<h3><b>Od prawa do lewa<\/b><\/h3>\n<blockquote><p>W oko\u0142o 90% g\u0142osowa\u0144 cz\u0142onkowie najwi\u0119kszych frakcji g\u0142osuj\u0105 zgodnie ze stanowiskiem swojej frakcji, a nie wed\u0142ug narodowych interes\u00f3w.<\/p><\/blockquote>\n<p style=\"text-align: justify;\">Frakcje w Parlamencie Europejskim to nic innego jak partie polityczne zrzeszaj\u0105ce osoby o\u00a0podobnych pogl\u0105dach z ca\u0142ej Unii Europejskiej. \u017beby powsta\u0142a frakcja, potrzebnych jest minimum 25 eurodeputowanych z minimum jednej czwartej pa\u0144stw (obecnie jest to 7 pa\u0144stw). Najwi\u0119kszymi frakcjami w PE s\u0105 ju\u017c wspomniane Europejska Partia Ludowa (EPP) i Post\u0119powy Sojusz Socjalist\u00f3w i Demokrat\u00f3w (S&amp;D), kt\u00f3re od zawsze zdobywaj\u0105 \u0142\u0105cznie ponad 50% miejsc i w oko\u0142o 90% g\u0142osowa\u0144 ich cz\u0142onkowie g\u0142osuj\u0105 zgodnie ze stanowiskiem swojej frakcji, a nie wed\u0142ug narodowych interes\u00f3w. Obecnie najwi\u0119ksza jest EPP, czyli frakcja o pogl\u0105dach centroprawicowych, do kt\u00f3rej nale\u017cy PO i PSL. Do EPP nale\u017cy te\u017c m.in. partia kanclerz Niemiec Angeli Merkel (CDU), by\u0142ego prezydenta Francji Nicolasa Sarkozyego (UMP), w\u0119gierski FIDESZ Victora Orbana, czy te\u017c partia za\u0142o\u017cona przez by\u0142ego premiera W\u0142och Silvio Berlusconiego. Jak nie trudno si\u0119 domy\u015bli\u0107, S&amp;D jest frakcj\u0105 lewicow\u0105, do kt\u00f3rej nale\u017cy m.in. SLD, wsp\u00f3\u0142rz\u0105dz\u0105ca Niemcami SPD, Francuska Partia Socjalistyczna obecnego prezydenta Francji, oraz W\u0142oska Partia Socjalistyczna premiera W\u0142och Matteo Renziego. Trzeci\u0105 co do wielko\u015bci frakcj\u0105, ale zdecydowanie mniejsz\u0105, jest liberalna ALDE, maj\u0105c 84 miejsca. W jej szeregach nie ma polskich eurodeputowanych, cho\u0107 na stronie internetowej ALDE widnieje informacja, \u017ce jej cz\u0142onkami s\u0105 Partia Demokratyczna i Stronnictwo Demokratyczne, kt\u00f3re obecnie tworzy koalicj\u0119 Europa+\/Tw\u00f3j Ruch (prawdopodobnie cz\u0119\u015b\u0107 kandydat\u00f3w tej koalicji zasili te\u017c szeregi S&amp;D). W PE znajduj\u0105 si\u0119 te\u017c zieloni (Greens\/EFA), skupiaj\u0105cy w swoich szeregach partie lewicowe, kt\u00f3re k\u0142ad\u0105 szczeg\u00f3lny nacisk na sprawy zwi\u0105zane ze \u015brodowiskiem naturalnym. Podobnej wielko\u015bci jest prawicowa frakcja Europejskich Konserwatyst\u00f3w i Reformator\u00f3w (ECR), do kt\u00f3rej nale\u017cy m.in. PIS i angielscy konserwaty\u015bci z partii premiera Wielkiej Brytanii Davida Camerona. Z kronikarskiego obowi\u0105zku trzeba tak\u017ce wspomnie\u0107 o istnieniu frakcji zrzeszaj\u0105cej g\u0142\u00f3wnie europejskie partie komunistyczne i nawet jakby\u015bcie chcieli, aby w jej szeregach by\u0142 jaki\u015b Polak, to szanse s\u0105 bardzo nik\u0142e, bo \u017cadna polska partia nie nale\u017cy do tej frakcji. Jest jeszcze eurosceptyczna Europa Wolno\u015bci i Demokracji, i je\u017celi kto\u015b z Was zag\u0142osuje na kogo\u015b z Solidarnej Polski to tak, jakby odda\u0142 g\u0142os na t\u0119 frakcj\u0119.<\/p>\n<p style=\"text-align: justify;\">Troch\u0119 tych frakcji jest, a co najwa\u017cniejsze, \u017cadna z nich nigdy nie mia\u0142a i prawdopodobnie nigdy nie b\u0119dzie mie\u0107 absolutnej wi\u0119kszo\u015bci. Oznacza to, \u017ce ka\u017cda decyzja PE zosta\u0142a podj\u0119ta po osi\u0105gni\u0119ciu kompromisu i nie zawsze dwie najwi\u0119ksze frakcje dogaduj\u0105 si\u0119 mi\u0119dzy sob\u0105 z pomini\u0119ciem mniejszych grup. Wed\u0142ug najnowszych sonda\u017cy po wyborach mo\u017ce powsta\u0107 \u00f3sma frakcja, kt\u00f3ra b\u0119dzie zrzesza\u0107 ksenofobiczne partie polityczne jak francuski Front Narodowy, holendersk\u0105 Parti\u0119 Wolno\u015bci czy neofaszystowski grecki Z\u0142oty \u015awit.<\/p>\n<p><a href=\"https:\/\/natropie.zhp.pl\/wp-content\/uploads\/sondaz-poparcia-w-skali-europejskiej.jpg\"><img loading=\"lazy\" decoding=\"async\" class=\"aligncenter size-full wp-image-19866\" src=\"https:\/\/natropie.zhp.pl\/wp-content\/uploads\/sondaz-poparcia-w-skali-europejskiej.jpg\" alt=\"sondaz poparcia w skali europejskiej\" width=\"943\" height=\"606\" srcset=\"https:\/\/natropie.zhp.pl\/wp-content\/uploads\/sondaz-poparcia-w-skali-europejskiej.jpg 943w, https:\/\/natropie.zhp.pl\/wp-content\/uploads\/sondaz-poparcia-w-skali-europejskiej-600x385.jpg 600w, https:\/\/natropie.zhp.pl\/wp-content\/uploads\/sondaz-poparcia-w-skali-europejskiej-300x192.jpg 300w\" sizes=\"auto, (max-width: 943px) 100vw, 943px\" \/><\/a><\/p>\n<h3 style=\"text-align: justify;\"><b>Do dzie\u0142a!<\/b><\/h3>\n<blockquote><p><span style=\"color: #000000;\">Istniej\u0105 testy, w\u00a0kt\u00f3rych mo\u017cna przekona\u0107 si\u0119, jakie ma si\u0119 pogl\u0105dy i w jakim stopniu zgadzaj\u0105 si\u0119 one z\u00a0programem poszczeg\u00f3lnych partii politycznych.<\/span><\/p><\/blockquote>\n<p style=\"text-align: justify;\">Jak wida\u0107, osoby o okre\u015blonych pogl\u0105dach politycznych nie powinny mie\u0107 wi\u0119kszych problem\u00f3w podczas tych wybor\u00f3w. Masz pogl\u0105dy lewicowe, liberalne, chadeckie, konserwatywne albo eurosceptyczne? Ka\u017cdy powinien wybra\u0107 co\u015b dla siebie, zag\u0142osowa\u0107 i poczeka\u0107, a\u017c nowo wybrany europose\u0142 zacznie dzia\u0142a\u0107 w odpowiedniej frakcji. Gorzej maj\u0105 osoby, kt\u00f3re nigdy nie zada\u0142y sobie pytania o swoje pogl\u0105dy. Na szcz\u0119\u015bcie istniej\u0105 testy, w\u00a0kt\u00f3rych mo\u017cna przekona\u0107 si\u0119, jakie ma si\u0119 pogl\u0105dy i w jakim stopniu zgadzaj\u0105 si\u0119 one z\u00a0programem poszczeg\u00f3lnych partii politycznych. Pierwszy z takich test\u00f3w znajduje si\u0119 pod tym linkiem:\u00a0<a href=\"http:\/\/www.latarnik.nq.pl\/\" target=\"_blank\">www.latarnik.nq.pl<\/a> i pozwoli on okre\u015bli\u0107 jak twoje pogl\u0105dy na 25 zagadnie\u0144 zwi\u0105zanych z UE pokrywaj\u0105 si\u0119 z pogl\u0105dami polskich partii politycznych. Drugi test na stronie <a href=\"http:\/\/www.electio2014.eu\/pl\/matchyourvote\/votingrecords\" target=\"_blank\">www.electio2014.eu\/pl\/matchyourvote\/votingrecords<\/a> daje wi\u0119ksze mo\u017cliwo\u015bci. Po odpowiedzeniu na 20 pyta\u0144, kt\u00f3re s\u0105 tematami g\u0142osowa\u0144 PE w mijaj\u0105cej kadencji, b\u0119dzie mo\u017cna por\u00f3wna\u0107 swoje odpowiedzi z programami frakcji w PE, ze wszystkimi krajowymi partiami politycznymi w UE i z poszczeg\u00f3lnymi europos\u0142ami. Mo\u017cna te\u017c sprawdzi\u0107, jak g\u0142osowa\u0142 w tych 20 g\u0142osowaniach eurodeputowany, i czy by\u0142o to zgodne z lini\u0105 frakcji w PE i\/lub partii krajowej.<\/p>\n<p style=\"text-align: justify;\">Zanim 25 maja zag\u0142osujecie, to wiedzcie, \u017ce te wybory nie zadecyduj\u0105 o tym, czy polskie sze\u015bciolatki p\u00f3jd\u0105 do szko\u0142y, ale o tym, jakiej chcecie Unii Europejskiej.<\/p>\n","protected":false},"excerpt":{"rendered":"<p>Wybory do Parlamentu Europejskiego coraz bli\u017cej, bo 25 maja. Po co s\u0105 te wybory i jakimi rz\u0105dz\u0105 si\u0119 prawami? Jaki maj\u0105 wp\u0142yw na nasze \u017cycie? Na te i kilka innych pyta\u0144 zaraz uzyskacie odpowiedzi.<\/p>\n","protected":false},"author":152,"featured_media":19871,"comment_status":"open","ping_status":"open","sticky":false,"template":"","format":"standard","meta":{"_acf_changed":false,"_exactmetrics_skip_tracking":false,"_exactmetrics_sitenote_active":false,"_exactmetrics_sitenote_note":"","_exactmetrics_sitenote_category":0,"footnotes":""},"categories":[201],"tags":[287,286],"class_list":["post-19864","post","type-post","status-publish","format-standard","has-post-thumbnail","hentry","category-wt","tag-eurowybory","tag-unia-europejska"],"acf":{"attached_posts":null},"_links":{"self":[{"href":"https:\/\/natropie.zhp.pl\/index.php\/wp-json\/wp\/v2\/posts\/19864","targetHints":{"allow":["GET"]}}],"collection":[{"href":"https:\/\/natropie.zhp.pl\/index.php\/wp-json\/wp\/v2\/posts"}],"about":[{"href":"https:\/\/natropie.zhp.pl\/index.php\/wp-json\/wp\/v2\/types\/post"}],"author":[{"embeddable":true,"href":"https:\/\/natropie.zhp.pl\/index.php\/wp-json\/wp\/v2\/users\/152"}],"replies":[{"embeddable":true,"href":"https:\/\/natropie.zhp.pl\/index.php\/wp-json\/wp\/v2\/comments?post=19864"}],"version-history":[{"count":5,"href":"https:\/\/natropie.zhp.pl\/index.php\/wp-json\/wp\/v2\/posts\/19864\/revisions"}],"predecessor-version":[{"id":19921,"href":"https:\/\/natropie.zhp.pl\/index.php\/wp-json\/wp\/v2\/posts\/19864\/revisions\/19921"}],"wp:featuredmedia":[{"embeddable":true,"href":"https:\/\/natropie.zhp.pl\/index.php\/wp-json\/wp\/v2\/media\/19871"}],"wp:attachment":[{"href":"https:\/\/natropie.zhp.pl\/index.php\/wp-json\/wp\/v2\/media?parent=19864"}],"wp:term":[{"taxonomy":"category","embeddable":true,"href":"https:\/\/natropie.zhp.pl\/index.php\/wp-json\/wp\/v2\/categories?post=19864"},{"taxonomy":"post_tag","embeddable":true,"href":"https:\/\/natropie.zhp.pl\/index.php\/wp-json\/wp\/v2\/tags?post=19864"}],"curies":[{"name":"wp","href":"https:\/\/api.w.org\/{rel}","templated":true}]}}