{"id":20704,"date":"2015-01-22T18:16:40","date_gmt":"2015-01-22T16:16:40","guid":{"rendered":"http:\/\/natropie.zhp.pl\/?p=20704"},"modified":"2015-01-22T18:16:40","modified_gmt":"2015-01-22T16:16:40","slug":"gotowi-zrobmy-to","status":"publish","type":"post","link":"https:\/\/natropie.zhp.pl\/index.php\/gotowi-zrobmy-to\/","title":{"rendered":"Gotowi? Zr\u00f3bmy to!"},"content":{"rendered":"<p><strong>A gdyby tak studenci mieli w\u0142asn\u0105 dru\u017cyn\u0119 harcersk\u0105? By\u0142oby niezwykle \u2013 pomy\u015bla\u0142am. Idea taka tli\u0142a mi si\u0119 w g\u0142owie d\u0142ugi czas, kiedy by\u0142am w dru\u017cynie w\u0119drowniczej. Nie mia\u0142am jednak poj\u0119cia, jak si\u0119 za to zabra\u0107.<\/strong><\/p>\n<p>Nie wiedzia\u0142am te\u017c, czy w og\u00f3le warto. W ko\u0144cu studia poch\u0142aniaj\u0105 mn\u00f3stwo czasu, a kiedy\u015b trzeba te\u017c wypocz\u0105\u0107. Pomys\u0142 prawie ju\u017c zapomniany i zaniechany, nagle da\u0142 mi o sobie zna\u0107. Przypadek?<\/p>\n<h3><strong>Komendant<\/strong><\/h3>\n<p>Ka\u017cda inicjatywa potrzebuje osoby, kt\u00f3ra podejmie si\u0119 odpowiedzialno\u015bci jej urzeczywistnienia. Z mojej perspektywy wszystko zacz\u0119\u0142o si\u0119, kiedy pojechali\u015bmy z dru\u017cyn\u0105 na Rajd Grunwaldzki. Tam w\u0142a\u015bciwie przypadkiem dowiedzia\u0142am si\u0119, \u017ce Konrad Zuzda, z dru\u017cyny, w kt\u00f3rej by\u0142am, planuje za\u0142o\u017cy\u0107 Kr\u0105g Akademicki. To by\u0142o to, czego potrzebowa\u0142am. Natychmiast zaoferowa\u0142am swoj\u0105 pomoc. Chwil\u0119 pogadali\u015bmy i stwierdzili\u015bmy, \u017ce od wrze\u015bnia bierzemy si\u0119 na powa\u017cnie do roboty. W g\u0142owie k\u0142\u0119bi\u0142y si\u0119 nam ju\u017c setki pomys\u0142\u00f3w na dzia\u0142anie. \u017badne \u00a0z nas nie wiedzia\u0142o jednak, na jakich zasadach funkcjonuj\u0105 Kr\u0119gi Akademickie.<\/p>\n<h3><strong>Akademicy<\/strong><\/h3>\n<p>Z pomoc\u0105 przysz\u0142a nam W\u0119drownicza Watra, na kt\u00f3rej poznali\u015bmy harcerskie \u015brodowisko akademickie. Noce sp\u0119dzone na \u015bpiewaniu zrobi\u0142y na nas wra\u017cenie. Jeszcze wi\u0119ksze jednak wywar\u0142a na nas atmosfera, kt\u00f3r\u0105 wytwarza\u0142o mn\u00f3stwo pozytywnych i ch\u0119tnych do dzia\u0142ania os\u00f3b zgromadzonych w jednym miejscu. Poprosili\u015bmy o rady na start. Okaza\u0142o si\u0119, \u017ce wzbudzili\u015bmy niema\u0142e zainteresowanie tym, \u017ce z w\u0142asnej inicjatywy chcemy za\u0142o\u017cy\u0107 Bia\u0142ostocki Harcerski Kr\u0105g Akademicki. Porad oczywi\u015bcie dostali\u015bmy mn\u00f3stwo, a jeszcze wi\u0119cej pozytywnej energii na start. Pozosta\u0142o nam ju\u017c tylko wymy\u015bli\u0107 nazw\u0119 i zaczyna\u0107.<\/p>\n<h3><strong>Zr\u00f3bmy to!<\/strong><\/h3>\n<p>Niesamowite jest to, \u017ce samoistnie zacz\u0119\u0142a zbiera\u0107 si\u0119 wok\u00f3\u0142 nas grupa ludzi ch\u0119tnych do dzia\u0142ania w Kr\u0119gu. Jeszcze przed naborem mieli\u015bmy ko\u0142o 10 os\u00f3b. Konrad zrobi\u0142 stron\u0119 <a href=\"http:\/\/krag.bialystok.pl\/\" target=\"_blank\">www.krag.bialystok.pl<\/a>, Marta poprowadzi\u0142a <a href=\"https:\/\/www.facebook.com\/pages\/Bia%C5%82ostocki-Harcerski-Kr%C4%85g-Akademicki\/579774398812255\" target=\"_blank\">nasz fanpage<\/a>. Za pocz\u0105tkowe miejsce spotka\u0144 pos\u0142u\u017cy\u0142 nam schron naszej by\u0142ej dru\u017cyny, dzi\u0119ki uprzejmo\u015bci dru\u017cynowej. Prawdziwe wyzwanie przyni\u00f3s\u0142 pa\u017adziernik. Wraz z nowymi osobami pojawi\u0142 si\u0119 dobrze nam znany brak czasu. Zacz\u0119\u0142y si\u0119 schody. Okaza\u0142o si\u0119, \u017ce poza wszystkimi formalno\u015bciami, kt\u00f3re za\u0142atwiali\u015bmy, wyzwanie stanowi integracja wielu harcerzy z zupe\u0142nie r\u00f3\u017cnych harcerskich \u015brodowisk, nie m\u00f3wi\u0105c o osobach, kt\u00f3re pierwszy raz mia\u0142y styczno\u015b\u0107 z harcerstwem. Czy sprostali\u015bmy? Moim zdaniem mog\u0142o by\u0107 lepiej. Sporo os\u00f3b zrezygnowa\u0142o. Z drugiej strony za nasz sukces uwa\u017cam, \u017ce prawie 30 os\u00f3b zdecydowa\u0142o si\u0119 jednak zosta\u0107 z nami i wsp\u00f3\u0142pracowa\u0107.<\/p>\n<h3><strong>Ukulele Hero<\/strong><\/h3>\n<p>Poza zwyk\u0142ymi zbi\u00f3rkami postawili\u015bmy na wolontariat. Nasz\u0105 pierwsz\u0105 akcj\u0105 by\u0142o Ukulele Hero, o kt\u00f3rym <a href=\"https:\/\/natropie.zhp.pl\/index.php\/bohaterzy-z-ukulele\/\" target=\"_blank\">mieli\u015bcie okazj\u0119 przeczyta\u0107 na \u0142amach \u201eNa Tropie\u201d<\/a>. Polega\u0142a ona na tym, \u017ce grali\u015bmy na gitarze i ukulele chorym dzieciom w szpitalu. Ka\u017cdy u\u015bmiech wynagradza\u0142 nam czas po\u015bwi\u0119cony na t\u0119 akcj\u0119. Potem przyszed\u0142 okres przed\u015bwi\u0105teczny, a wraz z nim Szlachetna Paczka, kt\u00f3r\u0105 przygotowali\u015bmy wsp\u00f3lnie.<\/p>\n<h3><strong>Czy by\u0142o ci\u0119\u017cko?<\/strong><\/h3>\n<p>Tak, by\u0142o, a nawet jest ci\u0119\u017cko. Roboty jest sporo, bo du\u017co dzia\u0142amy. Jednak ogromn\u0105 si\u0142\u0105 Kr\u0119gu jest mo\u017cliwo\u015b\u0107 rozdzielenia roboty pomi\u0119dzy osoby zajmuj\u0105ce si\u0119 dan\u0105 akcj\u0105. To sprawia, \u017ce mo\u017cemy robi\u0107 du\u017co rzeczy na raz, a ka\u017cd\u0105 koordynuje inna osoba. To daje poczucie, \u017ce mo\u017cemy naprawd\u0119 wiele. Zastanawiacie si\u0119, czy warto zwi\u0105za\u0107 sw\u00f3j los z akademikami? Nasza odpowied\u017a brzmia\u0142a: \u201eZr\u00f3bmy to!\u201d i Wam radzimy to samo!<\/p>\n","protected":false},"excerpt":{"rendered":"<p>A gdyby tak studenci mieli w\u0142asn\u0105 dru\u017cyn\u0119 harcersk\u0105? By\u0142oby niezwykle \u2013 pomy\u015bla\u0142am. Idea taka tli\u0142a mi si\u0119 w g\u0142owie d\u0142ugi czas, kiedy by\u0142am w dru\u017cynie w\u0119drowniczej. Nie mia\u0142am jednak poj\u0119cia, jak si\u0119 za to zabra\u0107.<\/p>\n","protected":false},"author":152,"featured_media":0,"comment_status":"open","ping_status":"open","sticky":false,"template":"","format":"standard","meta":{"_acf_changed":false,"_exactmetrics_skip_tracking":false,"_exactmetrics_sitenote_active":false,"_exactmetrics_sitenote_note":"","_exactmetrics_sitenote_category":0,"footnotes":""},"categories":[208,11],"tags":[335,500,501],"class_list":["post-20704","post","type-post","status-publish","format-standard","hentry","category-akademicy","category-fel","tag-akademicy-2","tag-krag-akademicki","tag-zespol-harcerstwa-akademickiego"],"acf":{"attached_posts":null},"_links":{"self":[{"href":"https:\/\/natropie.zhp.pl\/index.php\/wp-json\/wp\/v2\/posts\/20704","targetHints":{"allow":["GET"]}}],"collection":[{"href":"https:\/\/natropie.zhp.pl\/index.php\/wp-json\/wp\/v2\/posts"}],"about":[{"href":"https:\/\/natropie.zhp.pl\/index.php\/wp-json\/wp\/v2\/types\/post"}],"author":[{"embeddable":true,"href":"https:\/\/natropie.zhp.pl\/index.php\/wp-json\/wp\/v2\/users\/152"}],"replies":[{"embeddable":true,"href":"https:\/\/natropie.zhp.pl\/index.php\/wp-json\/wp\/v2\/comments?post=20704"}],"version-history":[{"count":1,"href":"https:\/\/natropie.zhp.pl\/index.php\/wp-json\/wp\/v2\/posts\/20704\/revisions"}],"predecessor-version":[{"id":20705,"href":"https:\/\/natropie.zhp.pl\/index.php\/wp-json\/wp\/v2\/posts\/20704\/revisions\/20705"}],"wp:attachment":[{"href":"https:\/\/natropie.zhp.pl\/index.php\/wp-json\/wp\/v2\/media?parent=20704"}],"wp:term":[{"taxonomy":"category","embeddable":true,"href":"https:\/\/natropie.zhp.pl\/index.php\/wp-json\/wp\/v2\/categories?post=20704"},{"taxonomy":"post_tag","embeddable":true,"href":"https:\/\/natropie.zhp.pl\/index.php\/wp-json\/wp\/v2\/tags?post=20704"}],"curies":[{"name":"wp","href":"https:\/\/api.w.org\/{rel}","templated":true}]}}