{"id":23344,"date":"2017-02-19T17:53:48","date_gmt":"2017-02-19T15:53:48","guid":{"rendered":"http:\/\/natropie.zhp.pl\/?p=23344"},"modified":"2017-02-23T00:32:44","modified_gmt":"2017-02-22T22:32:44","slug":"zwyczajni-niezwyczajni-2","status":"publish","type":"post","link":"https:\/\/natropie.zhp.pl\/index.php\/zwyczajni-niezwyczajni-2\/","title":{"rendered":"Zwyczajni Niezwyczajni"},"content":{"rendered":"<p><b>Pi\u0119\u0107 lat temu zorganizowano pierwszy plebiscyt <\/b><b><i>Niezwyczajni jakich wielu<\/i><\/b><b>. Od tego czasu rokrocznie w okolicach Dnia My\u015bli Braterskiej doceniana jest praca niezwyczajnych instruktor\u00f3w. Ju\u017c za kilka dni statuetki <\/b><b><i>Niezwyczajnych<\/i><\/b><b> zostan\u0105 wr\u0119czone w Toruniu<\/b>.<\/p>\n<p>Pisz\u0105c, pojawi\u0142o mi si\u0119 w g\u0142owie wspomnienie. Jestem w Centrum Promocji Mody Akademii Sztuk Pi\u0119knych w \u0141odzi. Ga\u015bnie wszelkie niepotrzebne o\u015bwietlenie. Ostatni zajmuj\u0105 swoje miejsca. Ca\u0142\u0105 sal\u0119 pokrywa tylko niebieska po\u015bwiata, a na ekranach wisz\u0105cych po obu stronach wybiegu pojawia si\u0119 film, kt\u00f3remu towarzyszy muzyka, nazwa\u0142bym j\u0105 etniczn\u0105. Jest grana na \u017cywo, to oczywiste. Wraz z d\u017awi\u0119kami fletu, skrzypiec i wiolonczeli widz\u0119 obrazy z miasta. \u0141odzi, jak\u0105 znamy wszyscy \u2013 fabryki, huty, szwalnie, ludzie pracuj\u0105cy przy maszynach. Nagle robi si\u0119 cicho. Do gry w\u0142\u0105cza si\u0119 pianino i g\u0142os lektora witaj\u0105cego przyby\u0142ych go\u015bci. S\u0142ysz\u0119 teraz dudy, b\u0119bny, instrumenty d\u0119te, w tle kadry z przesz\u0142o\u015bci. Oklaski dla kapitu\u0142y plebiscytu. To, co si\u0119 tam dzieje jest niesamowite, staram si\u0119 wy\u0142apa\u0107 ka\u017cdy szczeg\u00f3\u0142. W\u0142a\u015bnie wr\u0119czane zostaj\u0105 przez Naczelniczk\u0119 i Przewodnicz\u0105cego ZHP listy pochwalne. Muzyka nie ustaje\u2026 Tutaj, w \u0141odzi, znajduj\u0105 si\u0119 teraz ludzie, kt\u00f3rzy swoj\u0105 bezinteresown\u0105 prac\u0105 zmieniaj\u0105 \u015bwiat, s\u0105 bohaterami dla swoich harcerzy. To, co si\u0119 tu dzieje, jest ob\u0142\u0119dne. Tak by\u0142o w 2014 roku. Tak te\u017c powinno by\u0107 na tegorocznej gali Niezwyczajnych.<\/p>\n<h4><b>Dzie\u0144 My\u015bli Braterskiej<\/b><\/h4>\n<blockquote><p>Z ca\u0142ym tym skautowym \u015bwiatem \u0142\u0105czy nas data 22 lutego.<\/p><\/blockquote>\n<p>ZHP jest cz\u0119\u015bci\u0105 ogromnej skautowej rodziny. I z ca\u0142ym tym skautowym \u015bwiatem \u0142\u0105czy nas data 22 lutego, czyli dzie\u0144 urodzin Roberta Baden-Powella i jego \u017cony. Tylko \u017ce Olave urodzi\u0142a si\u0119 trzydzie\u015bci dwa lata p\u00f3\u017aniej. Na 4. Mi\u0119dzynarodowej Konferencji Skautek i Przewodniczek wsp\u00f3lnie postanowiono o ustanowieniu tego dnia \u00a0Dniem My\u015bli Braterskiej. Pocz\u0105tkowo obchodzi\u0142y go tylko dziewcz\u0119ta, lecz p\u00f3\u017aniej i skauci do\u0142\u0105czyli do \u015bwi\u0119towania.<\/p>\n<p>S\u0142ysza\u0142em tak\u017ce inn\u0105 histori\u0105 o powstaniu DMB. Podobno w dniu urodzin Olave Baden-Powell zosta\u0142a zasypana przez skautki ogromem kartek urodzinowych, a\u017c utworzy\u0142 si\u0119 z tego zwyczaj praktykowany do dzisiaj. Ju\u017c teraz, jak co roku, wielu spodziewa si\u0119 poczt\u00f3wek z \u017cyczeniami z najr\u00f3\u017cniejszych zak\u0105tk\u00f3w \u015bwiata.<\/p>\n<h4><b>Niezwyczajni\u2026<\/b><\/h4>\n<blockquote><p>Sam trzy lata temu odebra\u0142em telefon z informacj\u0105 o moim zg\u0142oszeniu.<\/p><\/blockquote>\n<p>ZHP chc\u0105c doceni\u0107 i wyr\u00f3\u017cni\u0107 prac\u0119 swoich ponad dziesi\u0119ciu tysi\u0119cy instruktor\u00f3w-wychowawc\u00f3w postanowi\u0142 wykorzysta\u0107 ten specjalny dzie\u0144 do zorganizowania plebiscytu, do kt\u00f3rego ka\u017cdy b\u0119dzie m\u00f3g\u0142 zg\u0142osi\u0107, w swoim mniemaniu, wyj\u0105tkowego instruktora. Pierwsza edycja, kt\u00f3ra odby\u0142a si\u0119 w 2012 roku pod nazw\u0105 <i>Niezwyczajni jakich wielu<\/i> zebra\u0142a dziewi\u0119\u0107dziesi\u0119ciu jeden zg\u0142oszonych, z kt\u00f3rych wybrano czterdziestu dziewi\u0119ciu kandydat\u00f3w uczestnicz\u0105cych w dalszej cz\u0119\u015bci konkursu. W ostatnim etapie wy\u0142oniono dwudziestu pi\u0119ciu nominowanych do tytu\u0142u <i>Niezwyczajnego<\/i>, na kt\u00f3rych mo\u017cna by\u0142o oddawa\u0107 swoje g\u0142osy za pomoc\u0105 strony internetowej. Na ko\u0144cu tej drogi zostaje ju\u017c tylko, albo a\u017c, wr\u0119czenie statuetek podczas gali.<\/p>\n<p>Co roku procedura zg\u0142aszania i wy\u0142aniania nominowanych jest bardzo podobna. Na adres kapitu\u0142y sp\u0142ywa kilkadziesi\u0105t niesamowitych maili opisuj\u0105cych codzienn\u0105, lecz niezwyk\u0142\u0105 prac\u0119 instruktor\u00f3w ZHP. Sam trzy lata temu odebra\u0142em telefon z informacj\u0105 o moim zg\u0142oszeniu. Uczucie, kt\u00f3re mi w tamtej chwili towarzyszy\u0142o nie jest wcale trudne do opisania \u2013 to najzwyklejsza rado\u015b\u0107 z momentu, kt\u00f3r\u0105 pami\u0119tam do dzisiaj. Telefony do zg\u0142oszonych to kolejny krok. Nast\u0119pnie kapitu\u0142a wybiera nominowanych w ka\u017cdej z kategorii, na kt\u00f3rych mo\u017cna oddawa\u0107 swoje g\u0142osy. Bardzo cieszy fakt, \u017ce z edycji na edycj\u0119 zg\u0142oszonych jest coraz wi\u0119cej. W 2012 roku nap\u0142yn\u0119\u0142o 91 zg\u0142osze\u0144, a w tym roku a\u017c 253 w pi\u0119ciu kategoriach: aktywno\u015b\u0107 spo\u0142eczna, efektywne zarz\u0105dzanie, granatowy szlak, na nieprzetartym szlaku, praca z kadr\u0105.<\/p>\n<h4><b>\u2026jakich wielu<\/b><\/h4>\n<blockquote><p><i>Wola\u0142abym, \u017ceby to, co robili\u015bmy z dru\u017cyn\u0105 kwalifikowa\u0142o si\u0119 raczej do kategorii \u201ezwyczajni<\/i>\u201d.<\/p><\/blockquote>\n<p>Zapyta\u0142em o jedn\u0105 z tegorocznych nominowanych w kategorii <i>Granatowy Szlak<\/i> o moment poinformowania o zg\u0142oszeniu. Phm. Weronika Szatkowska z troch\u0119 wi\u0119kszym dystansem patrzy na ca\u0142\u0105 sytuacj\u0119: <i>Odbieraj\u0105c telefon by\u0142am potwornie zaaferowana rozmow\u0105 z mam\u0105, jako \u017ce wr\u00f3ci\u0142am na trzy bo\u017conarodzeniowe tygodnie do Polski z Korei. Chyba by\u0142am te\u017c troch\u0119 zmieszana i nie do ko\u0144ca zrozumia\u0142am kontekst ca\u0142ej sytuacji, ale ostatecznie si\u0119 zgodzi\u0142am uczestniczy\u0107 w dalszych etapach, zapominaj\u0105c natychmiast, \u017ce takie wydarzenie mia\u0142o miejsce. Jaki\u015b czas p\u00f3\u017aniej, ju\u017c w Korei, przypadkowo w\u0142\u0105czy\u0142am telefon i dosta\u0142am smsa z pro\u015bb\u0105 o pilny kontakt w zwi\u0105zku z Gal\u0105 Niezwyczajnych. To by\u0142o mocno surrealistyczne, zw\u0142aszcza, \u017ce od pa\u017adziernika prowadz\u0119 wszystkie harcerskie sprawy, \u0142\u0105cznie z obecno\u015bci\u0105 na KSI, internetowo. Zdecydowanie jednak by\u0142o mi bardzo mi\u0142o, chocia\u017c wola\u0142abym, \u017ceby to co robili\u015bmy z dru\u017cyn\u0105 kwalifikowa\u0142o si\u0119 raczej do kategorii \u201ezwyczajni<\/i>\u201d.<\/p>\n<p>Wyj\u0105tkowe jest to, \u017ce ci niezwyczajni instruktorzy nie pe\u0142ni\u0105 s\u0142u\u017cby dla b\u0142ysku fleszy i takich artyku\u0142\u00f3w. Tylko robi\u0105 swoje. Warto wspomnie\u0107, \u017ce Weronika zorganizowa\u0142a kurs dla kadry w Kirgistanie, ob\u00f3z w\u0119drowny w Rumunii dla ponad 30 os\u00f3b, a z prowadzonej przez ni\u0105 dru\u017cyny powsta\u0142y trzy nowe.<\/p>\n<h4><b>Gala<\/b><\/h4>\n<p>Pierwsza gala odby\u0142a si\u0119 w teatrze <i>Basen<\/i> w Warszawie, nast\u0119pna w Klubie Dow\u00f3dztwa Garnizonu Warszawa, kolejna w Akademii Sztuk Pi\u0119knych w \u0141odzi. W 2015 roku <i>Niezwyczajni<\/i> zawitali do Gda\u0144ska, gdzie gala odby\u0142a si\u0119 w Europejskim Centrum Solidarno\u015bci. Rok temu plebiscyt powr\u00f3ci\u0142 do Warszawy, tym razem do Ufficio Primo.<\/p>\n<p>Tegoroczna, sz\u00f3sta edycja <i>Niezwyczajnych<\/i> odb\u0119dzie si\u0119 w Centrum Kulturalno-Kongresowym <i>Jordanki<\/i> w Toruniu. Odwiedzi\u0142em to miejsce kilka dni temu podczas kursu harcmistrzowskiego <i>Cogito<\/i>. Prace nad gal\u0105 trwaj\u0105. Od kilku miesi\u0119cy przygotowywany jest program artystyczny ca\u0142ego widowiska, trwaj\u0105 rozmowy z wykonawcami, ustalanie scenografii i wiele, wiele innych. Pr\u00f3bowa\u0142em dowiedzie\u0107 si\u0119, co jest dok\u0142adnie planowane na tegoroczn\u0105 imprez\u0119, jednak organizatorzy nie chc\u0105 uchyli\u0107 r\u0105bka tajemnicy. Spodziewam si\u0119, \u017ce b\u0119dzie to niez\u0142e show maj\u0105c w pami\u0119ci gale w Warszawie, \u0141odzi czy Gda\u0144sku. Ale nie pozostaje nam nic innego, jak uczestniczy\u0107 w tegorocznej.<\/p>\n<h4><b>Na \u017cywo<\/b><\/h4>\n<blockquote><p><i>Ca\u0142y czas trwa zapraszanie go\u015bci i kompletowanie ekipy realizatorskiej ZHP360.<\/i><\/p><\/blockquote>\n<p>Nie spos\u00f3b zaprosi\u0107 wszystkich harcerzy na gal\u0119 podsumowuj\u0105c\u0105 plebiscyt <i>Niezwyczajni<\/i>. Ale i na to Zwi\u0105zek Harcerstwa Polskiego ma rozwi\u0105zanie jakim jest telewizja ZHP360. W tym roku tak\u017ce za po\u015brednictwem ZHP360 b\u0119dzie mo\u017cna obejrze\u0107 na \u017cywo przebieg gali, kt\u00f3r\u0105 poprzedz\u0105 specjalnie przygotowywane programy.<\/p>\n<p><i>Gala w przysz\u0142y weekend, wi\u0119c przygotowania wesz\u0142y ju\u017c w ostateczn\u0105 faz\u0119. ZHP360 robi dwa programy w dniu gali: \u201ePoranek z ZHP\u201d o 12.00 i \u201eWiecz\u00f3r z Niezwyczajnymi\u201d od razu po imprezie. B\u0119dziemy r\u00f3wnie\u017c transmitowa\u0107 ca\u0142\u0105 gal\u0119 na naszym kanale \u2013 <\/i>m\u00f3wi Aleksandra Barcz<i>. Aby wszystko si\u0119 uda\u0142o, trzeba si\u0119 wcze\u015bniej postara\u0107. Scenariusz jest ju\u017c napisany, ca\u0142y czas trwa zapraszanie go\u015bci i kompletowanie ekipy realizatorskiej. Do Torunia ruszamy ju\u017c w czwartek wieczorem. Zostawiamy sobie ca\u0142y dzie\u0144 na dopinanie szczeg\u00f3\u0142\u00f3w, projektowanie studia i \u0142adowanie akumulator\u00f3w. W ko\u0144cu przed nami d\u0142ugi, stresuj\u0105cy dzie\u0144<\/i>.<\/p>\n<p>Dowiedzia\u0142em si\u0119, \u017ce podczas porannego programu b\u0119dzie podsumowywane to, co wydarzy\u0142o si\u0119 w minionym roku, mi\u0119dzy innymi Rajd Odkrywc\u00f3w, \u015awiatowe Dni M\u0142odzie\u017cy czy kampania na temat dru\u017cynowych <i>Powody do dumy<\/i>. Po programie b\u0119dzie czas na gor\u0105ce dyskusje z tegorocznymi Niezwyczajnymi. Na pytanie o wystr\u00f3j studia Ola odpowiada kr\u00f3tko: <i>Prostota i harcerstwo wezm\u0105 g\u00f3r\u0119<\/i>. Obecno\u015b\u0107 ekipy ZHP360 podczas ca\u0142ego wydarzenia to te\u017c mo\u017cliwo\u015b\u0107 na zobaczenie na \u017cywo, jak id\u0105 przygotowania do gali, na przyk\u0142ad pr\u00f3by artyst\u00f3w.<\/p>\n<h4><b>25 lutego<\/b><\/h4>\n<p>Ja nie mog\u0119 si\u0119 ju\u017c doczeka\u0107. Szczerze. Kilka lat temu mia\u0142em ogromn\u0105 przyjemno\u015b\u0107 poprowadzi\u0107 <i>Niezwyczajnych <\/i>w \u0141odzi. I wiem, jak ogromne jest to prze\u017cycie, zar\u00f3wno dla wygranych, go\u015bci, jak i ca\u0142ej przygotowuj\u0105cej to zamieszanie ekipy. Kilka miesi\u0119cy ci\u0119\u017ckiej pracy podczas przygotowa\u0144 sw\u00f3j fina\u0142 b\u0119dzie mia\u0142o ju\u017c za kilka dni. Kupuj\u0119 bilety i do zobaczenia w Toruniu! <a href=\"https:\/\/www.youtube.com\/results?search_query=zhp360&amp;page=&amp;utm_source=opensearch\">Albo w Internecie<\/a>.<\/p>\n","protected":false},"excerpt":{"rendered":"<p>Pi\u0119\u0107 lat temu zorganizowano pierwszy plebiscyt Niezwyczajni jakich wielu. Od tego czasu rokrocznie w okolicach Dnia My\u015bli Braterskiej doceniana jest praca niezwyczajnych instruktor\u00f3w. Ju\u017c za kilka dni statuetki Niezwyczajnych zostan\u0105 wr\u0119czone w Toruniu.<\/p>\n","protected":false},"author":152,"featured_media":0,"comment_status":"open","ping_status":"open","sticky":false,"template":"","format":"standard","meta":{"_acf_changed":false,"_exactmetrics_skip_tracking":false,"_exactmetrics_sitenote_active":false,"_exactmetrics_sitenote_note":"","_exactmetrics_sitenote_category":0,"footnotes":""},"categories":[197],"tags":[288,473,845,475],"class_list":["post-23344","post","type-post","status-publish","format-standard","hentry","category-jwz","tag-gala-niezwyczajni","tag-niezwyczajni","tag-niezwyczajni-jakich-wielu","tag-plebiscyt-niezwyczajni"],"acf":{"attached_posts":null},"_links":{"self":[{"href":"https:\/\/natropie.zhp.pl\/index.php\/wp-json\/wp\/v2\/posts\/23344","targetHints":{"allow":["GET"]}}],"collection":[{"href":"https:\/\/natropie.zhp.pl\/index.php\/wp-json\/wp\/v2\/posts"}],"about":[{"href":"https:\/\/natropie.zhp.pl\/index.php\/wp-json\/wp\/v2\/types\/post"}],"author":[{"embeddable":true,"href":"https:\/\/natropie.zhp.pl\/index.php\/wp-json\/wp\/v2\/users\/152"}],"replies":[{"embeddable":true,"href":"https:\/\/natropie.zhp.pl\/index.php\/wp-json\/wp\/v2\/comments?post=23344"}],"version-history":[{"count":9,"href":"https:\/\/natropie.zhp.pl\/index.php\/wp-json\/wp\/v2\/posts\/23344\/revisions"}],"predecessor-version":[{"id":23384,"href":"https:\/\/natropie.zhp.pl\/index.php\/wp-json\/wp\/v2\/posts\/23344\/revisions\/23384"}],"wp:attachment":[{"href":"https:\/\/natropie.zhp.pl\/index.php\/wp-json\/wp\/v2\/media?parent=23344"}],"wp:term":[{"taxonomy":"category","embeddable":true,"href":"https:\/\/natropie.zhp.pl\/index.php\/wp-json\/wp\/v2\/categories?post=23344"},{"taxonomy":"post_tag","embeddable":true,"href":"https:\/\/natropie.zhp.pl\/index.php\/wp-json\/wp\/v2\/tags?post=23344"}],"curies":[{"name":"wp","href":"https:\/\/api.w.org\/{rel}","templated":true}]}}