{"id":24472,"date":"2018-09-02T11:59:30","date_gmt":"2018-09-02T09:59:30","guid":{"rendered":"http:\/\/natropie.zhp.pl\/?p=24472"},"modified":"2018-09-02T12:00:01","modified_gmt":"2018-09-02T10:00:01","slug":"pierwsza-w-polsce","status":"publish","type":"post","link":"https:\/\/natropie.zhp.pl\/index.php\/pierwsza-w-polsce\/","title":{"rendered":"Pierwsza w Polsce"},"content":{"rendered":"<p><strong>Ma\u0142gorzata Leszczy\u0144ska jest pierwsz\u0105 w Polsce zdobywczyni\u0105 Odznaki Skaut\u00f3w \u015awiata &#8211; najwy\u017cszego przyznawanego przez WOSM odznaczenia dla w\u0119drownik\u00f3w.\u00a0 Poza harcerstwem interesuje si\u0119 teatrem, zar\u00f3wno ogl\u0105daniem, jak i graniem. P\u0142ywa te\u017c rekreacyjnie. Pe\u0142ni funkcj\u0119 dru\u017cynowej w Hufcu Ziemi Sanockiej, sk\u0105d pochodzi.<\/strong><\/p>\n<h6><strong>\u00a0Wyja\u015bnijmy mo\u017ce na pocz\u0105tek, czym jest Odznaka Skaut\u00f3w \u015awiata? W jaki spos\u00f3b mo\u017cna j\u0105 zdoby\u0107?<\/strong><\/h6>\n<p>Jest to rodzaj motywacji do podj\u0119cia sta\u0142ej s\u0142u\u017cby w swoim \u015brodowisku. Realizowanie dewizy w\u0119drowniczej przez wyj\u015bcie w \u015bwiat, do ludzi, zobaczenie problemu, obmy\u015blenia planu 80 godzin s\u0142u\u017cby, pomoc danej organizacji. Po prostu dzia\u0142anie. Podejmuj\u0105c prac\u0119 wolontariack\u0105, nie oczekuje si\u0119 \u017cadnych pieni\u0119dzy, nie chce si\u0119 bra\u0107, chce si\u0119 tylko dawa\u0107. <a href=\"https:\/\/natropie.zhp.pl\/index.php\/swa-odkrywaj-i-dzialaj\/\">Odznaka Skaut\u00f3w \u015awiata<\/a> jest plakietk\u0105 na mundur, kt\u00f3ra dla mnie jest najcenniejsz\u0105 nagrod\u0105, jak\u0105 kiedykolwiek zdoby\u0142am.<\/p>\n<blockquote><p>W Polsce mam j\u0105 tylko ja, ale mam nadziej\u0119, \u017ce szybko si\u0119 to zmieni<strong><br \/>\n<\/strong><\/p><\/blockquote>\n<p>Wiem, \u017ce zdoby\u0142am j\u0105 za co\u015b, za konkretne dzia\u0142ania, dla kt\u00f3rych po\u015bwi\u0119ca\u0142am sw\u00f3j czas przez ca\u0142y rok szkolny. Wyj\u0105tkowo\u015bci Odznace dodaje r\u00f3wnie\u017c to, \u017ce ma zasi\u0119g \u015bwiatowy. Na t\u0119 chwil\u0119 w Polsce mam j\u0105 tylko ja, ale mam nadziej\u0119, \u017ce szybko si\u0119 to zmieni<strong>. <\/strong>Po odbytej s\u0142u\u017cbie wiem, \u017ce rzeczywi\u015bcie pomog\u0142am konkretnym ludziom i jestem dumna, \u017ce doceni\u0142a to \u015awiatowa Organizacja Ruchu Skautowego. Warto te\u017c zaznaczy\u0107, \u017ce SWA jest dowodem s\u0142u\u017cby i pracy wolontariackiej, kt\u00f3ry mog\u0119 wpisa\u0107 w CV.<\/p>\n<h6><strong>\u00a0Jak wygl\u0105da\u0142a twoja wcze\u015bniejsza harcerska dzia\u0142alno\u015b\u0107? W kt\u00f3rym jej momencie podj\u0119\u0142a\u015b decyzj\u0119 o zdobywaniu odznaki SWA?<\/strong><\/h6>\n<p>Moja harcerska przygoda rozpocz\u0119\u0142a si\u0119 w trzeciej klasie szko\u0142y podstawowej, kiedy na lekcj\u0119 przysz\u0142a dziewczyna w mundurze i powiedzia\u0142a, \u017ce szuka nowych zuch\u00f3w do gromady. Po roku przesz\u0142am do dru\u017cyny, w kt\u00f3rej trzy lata by\u0142am harcerk\u0105 bez funkcji, trzy lata prowadzi\u0142am zast\u0119p i od roku jestem dru\u017cynow\u0105. Przygod\u0119 ze SWA zacz\u0119\u0142am dzi\u0119ki mojej kole\u017cance Paulinie, kt\u00f3ra szuka\u0142a towarzystwa na Zlot Kadry ZHP w Tokarni, w sierpniu 2017 r. Nie mia\u0142am poj\u0119cia, na co si\u0119 pisz\u0119. Dopiero po otrzymaniu wiadomo\u015bci informuj\u0105cej, \u017ce przed zlotem mamy uko\u0144czy\u0107 szkolenie o Odznace Skaut\u00f3w \u015awiata, dowiedzia\u0142am si\u0119, \u017ce jad\u0105c w stron\u0119 Kielc, kieruj\u0119 swoje harcerskie dzia\u0142ania na pole s\u0142u\u017cby.<\/p>\n<h6><strong>Zdobywaj\u0105c Odznak\u0119 wybiera si\u0119 jedn\u0105 z trzech dziedzin realizacji projektu- <em>Pok\u00f3j, Rozw\u00f3j<\/em> lub <em>\u015arodowisko<\/em>. Na kt\u00f3r\u0105 ty si\u0119 zdecydowa\u0142a\u015b?<\/strong><\/h6>\n<p>Wyb\u00f3r dziedziny odbywa\u0142 si\u0119 przy rejestracji, czyli zanim dok\u0142adnie zapozna\u0142am si\u0119 z ide\u0105 SWA. Wybra\u0142am <em>Pok\u00f3j<\/em>, bo stwierdzi\u0142am, \u017ce jest mi najbli\u017cszy i w tej dziedzinie chcia\u0142abym si\u0119 rozwija\u0107.<\/p>\n<h6><strong>Do kogo skierowa\u0142a\u015b sw\u00f3j projekt?<\/strong><\/h6>\n<p>Kiedy zdecydowa\u0142am si\u0119 na podj\u0119cie s\u0142u\u017cby w postaci pracy z dzie\u0107mi, trafi\u0142am do si\u00f3str zakonnych, kt\u00f3re jeszcze rok wcze\u015bniej prowadzi\u0142y \u015bwietlic\u0119 przyklasztorn\u0105. Okaza\u0142o si\u0119 jednak, \u017ce ich o\u015brodek ju\u017c nie funkcjonuje, dlatego przekierowa\u0142y mnie do \u015bwietlicy Caritas. Podj\u0119\u0142am si\u0119 s\u0142u\u017cby w \u015bwietlicy socjoterapeutycznej dzia\u0142aj\u0105cej przy parafii pw. Przemienienia Pa\u0144skiego w Sanoku.<\/p>\n<h6><strong>\u00a0Na czym polega\u0142a ta s\u0142u\u017cba?<\/strong><\/h6>\n<p>W ramach planu s\u0142u\u017cby podpisa\u0142am umow\u0119 wolontariack\u0105, obejmuj\u0105c\u0105 2 godziny pracy tygodniowo, podczas kt\u00f3rych pomaga\u0142am dzieciom w odrabianiu lekcji, przygotowaniu do test\u00f3w. Czasem po prostu z nimi rozmawia\u0142am lub gra\u0142am w gry.<\/p>\n<h6><strong>Zdobywanie Odznaki to nie tylko etap s\u0142u\u017cby, ale te\u017c jej wcze\u015bniejszego planowania i ewaluacji. Kt\u00f3ry moment by\u0142 dla ciebie szczeg\u00f3lnie trudny?<\/strong><\/h6>\n<blockquote><p>Zdecydowa\u0142am si\u0119 zmieni\u0107 plany<\/p><\/blockquote>\n<p>Jeszcze w Tokarni mia\u0142am zupe\u0142nie inny plan na moj\u0105 s\u0142u\u017cb\u0119. Mia\u0142am dzia\u0142a\u0107 w innej organizacji, zajmuj\u0105cej si\u0119 osobami starszymi. Po odwiedzeniu docelowego o\u015brodka i przemy\u015bleniu sprawy zdecydowa\u0142am si\u0119 jednak zmieni\u0107 plany. Tym samym zosta\u0142am bez miejsca i harmonogramu s\u0142u\u017cby. Stwierdzi\u0142am jednak, \u017ce wol\u0119 pracowa\u0107 z dzie\u0107mi, bo bardzo zale\u017cy mi na tym, \u017ceby praca dawa\u0142a mi rado\u015b\u0107, a gdzie znajd\u0119 jej wi\u0119cej ni\u017c w\u015br\u00f3d dzieci? Dwa tygodnie zaj\u0119\u0142o mi znalezienie \u015bwietlicy, o kt\u00f3rej dzia\u0142aniu wcze\u015bniej nie wiedzia\u0142am, rozmowa z pani\u0105 kierownik Dorot\u0105 Smarzewsk\u0105, spisanie umowy i rozpocz\u0119cie pracy.<\/p>\n<h6><strong>Jak wygl\u0105da\u0142a wsp\u00f3\u0142praca z koordynatorem i na czym polega jego wsparcie?<\/strong><\/h6>\n<p>Przez ca\u0142y okres s\u0142u\u017cby mia\u0142am elektroniczny kontakt z Gosi\u0105 Szwed. Do koordynatora projektu mo\u017cna zwraca\u0107 si\u0119 ze wszystkimi problemami i pytaniami dotycz\u0105cymi s\u0142u\u017cby. Ja zmienia\u0142am ca\u0142kowicie swoje plany i w tej kwestii otrzyma\u0142am du\u017ce wsparcie oraz umocnienie w decyzji, kt\u00f3r\u0105 podj\u0119\u0142am.<\/p>\n<h6><strong>\u00a0A jak wygl\u0105daj\u0105 sprawy czysto formalne?<\/strong><\/h6>\n<p>Chyba najbardziej wymagaj\u0105c\u0105 cz\u0119\u015bci\u0105 jest sam pocz\u0105tek &#8211; Odkrycie, kt\u00f3re realizowane jest w formie weekendowego biwaku. Trzeba si\u0119 zebra\u0107, przyjecha\u0107 i sp\u0119dzi\u0107 weekend na zag\u0142\u0119bianiu si\u0119 w ide\u0119 SWA, a potem znale\u017a\u0107 pole s\u0142u\u017cby. P\u00f3\u017aniej wszystkie inne formalno\u015bci id\u0105 g\u0142adko. Trzeba po prostu zgromadzi\u0107 dokumentacj\u0119 pracy, kt\u00f3ra akurat w moim przypadku, gromadzi\u0142a si\u0119 sama.<\/p>\n<h6><strong>\u00a0Co da\u0142a ci realizacja projektu? <\/strong><\/h6>\n<blockquote><p>Realizacja projektu to by\u0142a dla mnie te\u017c pierwsza praca<\/p><\/blockquote>\n<p>Na pewno moje umiej\u0119tno\u015bci zajmowania si\u0119 dzie\u0107mi wesz\u0142y na nowy, wy\u017cszy poziom. Inaczej patrz\u0119 teraz na potrzeby m\u0142odszych uczni\u00f3w, na ich problemy. Realizacja projektu to by\u0142a dla mnie te\u017c pierwsza praca, dzi\u0119ki czemu mog\u0142am troch\u0119 podejrze\u0107, jak wygl\u0105da dzia\u0142anie takiej organizacji od \u015brodka, od strony pracownik\u00f3w.<\/p>\n<h6><strong>\u00a0Do\u0142\u0105czy\u0142a\u015b do spo\u0142eczno\u015bci SWA. Jak ona wygl\u0105da i co ta przynale\u017cno\u015b\u0107 tobie daje?<\/strong><\/h6>\n<p>Przynale\u017cno\u015b\u0107 do grupy m\u0142odych ludzi, kt\u00f3rzy zmieniaj\u0105 \u015bwiat, jest niezwykle buduj\u0105ca. To bardzo inspiruje, kiedy czyta si\u0119 artyku\u0142y opisuj\u0105ce, co ludzie w naszym wieku potrafi\u0105 zrobi\u0107 dla swojej spo\u0142eczno\u015bci.<\/p>\n<h6><strong>\u00a0Okoliczno\u015bci przyznania Odznaki by\u0142y szczeg\u00f3lne&#8230; <\/strong><\/h6>\n<p>Mia\u0142am okazj\u0119 otrzyma\u0107 Odznak\u0119 podczas Konferencji Instruktorskiej w czasie Dni Region\u00f3w na Zlocie ZHP w Gda\u0144sku. Wr\u0119cza\u0142 mi j\u0105 Szef Komitetu WOSM, Craig Turpie i og\u00f3lnopolski koordynator hm. Maciej Czechowski. W tym wa\u017cnym momencie by\u0142 ze mn\u0105 ca\u0142y patrol. Nie ukrywam, \u017ce poczu\u0142am si\u0119 bardzo doceniona i na pewno zapami\u0119tam ten moment na d\u0142ugo.<\/p>\n<h6><strong> Odznaka jest najwa\u017cniejszym odznaczeniem przyznawanym w\u0119drownikom przez WOSM, jakie s\u0105 wi\u0119c twoje kolejne plany ?<\/strong><\/h6>\n<p>W najbli\u017cszym roku szkolnym b\u0119d\u0119 rozwija\u0107 si\u0119 na funkcji dru\u017cynowej. Mog\u0119 zapewni\u0107, \u017ce nie b\u0119d\u0119 pr\u00f3\u017cnowa\u0107 i \u017ce na pewno znajdzie si\u0119 jaki\u015b projekt, kt\u00f3ry umo\u017cliwi mi rozw\u00f3j w kierunku, kt\u00f3ry dla mnie jest jeszcze nie do przewidzenia. \u017bycie pisze przecie\u017c w\u0142asne scenariusze.<\/p>\n","protected":false},"excerpt":{"rendered":"<p>Ma\u0142gorzata Leszczy\u0144ska jest pierwsz\u0105 w Polsce zdobywczyni\u0105 Odznaki Skaut\u00f3w \u015awiata &#8211; najwy\u017cszego przyznawanego przez WOSM odznaczenia dla w\u0119drownik\u00f3w.  Poza harcerstwem interesuje si\u0119 teatrem, zar\u00f3wno ogl\u0105daniem, jak i graniem.<\/p>\n","protected":false},"author":152,"featured_media":0,"comment_status":"open","ping_status":"open","sticky":false,"template":"","format":"standard","meta":{"_acf_changed":false,"_exactmetrics_skip_tracking":false,"_exactmetrics_sitenote_active":false,"_exactmetrics_sitenote_note":"","_exactmetrics_sitenote_category":0,"footnotes":""},"categories":[200],"tags":[979,352,689],"class_list":["post-24472","post","type-post","status-publish","format-standard","hentry","category-nts","tag-odznaka-skautow-swiata","tag-sluzba","tag-wosm"],"acf":{"attached_posts":null},"_links":{"self":[{"href":"https:\/\/natropie.zhp.pl\/index.php\/wp-json\/wp\/v2\/posts\/24472","targetHints":{"allow":["GET"]}}],"collection":[{"href":"https:\/\/natropie.zhp.pl\/index.php\/wp-json\/wp\/v2\/posts"}],"about":[{"href":"https:\/\/natropie.zhp.pl\/index.php\/wp-json\/wp\/v2\/types\/post"}],"author":[{"embeddable":true,"href":"https:\/\/natropie.zhp.pl\/index.php\/wp-json\/wp\/v2\/users\/152"}],"replies":[{"embeddable":true,"href":"https:\/\/natropie.zhp.pl\/index.php\/wp-json\/wp\/v2\/comments?post=24472"}],"version-history":[{"count":2,"href":"https:\/\/natropie.zhp.pl\/index.php\/wp-json\/wp\/v2\/posts\/24472\/revisions"}],"predecessor-version":[{"id":24474,"href":"https:\/\/natropie.zhp.pl\/index.php\/wp-json\/wp\/v2\/posts\/24472\/revisions\/24474"}],"wp:attachment":[{"href":"https:\/\/natropie.zhp.pl\/index.php\/wp-json\/wp\/v2\/media?parent=24472"}],"wp:term":[{"taxonomy":"category","embeddable":true,"href":"https:\/\/natropie.zhp.pl\/index.php\/wp-json\/wp\/v2\/categories?post=24472"},{"taxonomy":"post_tag","embeddable":true,"href":"https:\/\/natropie.zhp.pl\/index.php\/wp-json\/wp\/v2\/tags?post=24472"}],"curies":[{"name":"wp","href":"https:\/\/api.w.org\/{rel}","templated":true}]}}