{"id":24666,"date":"2018-11-28T13:10:14","date_gmt":"2018-11-28T11:10:14","guid":{"rendered":"http:\/\/natropie.zhp.pl\/?p=24666"},"modified":"2018-11-28T13:21:40","modified_gmt":"2018-11-28T11:21:40","slug":"niezwyczajni-po-raz-osmy","status":"publish","type":"post","link":"https:\/\/natropie.zhp.pl\/index.php\/niezwyczajni-po-raz-osmy\/","title":{"rendered":"Niezwyczajni po raz \u00f3smy"},"content":{"rendered":"<p><b>Trzy, dwa, jeden\u2026 i ruszyli! Stop! Jeszcze nie! Kandydat\u00f3w na <em>Niezwyczajnych 2018<\/em> mo\u017cna zg\u0142asza\u0107 dopiero od poniedzia\u0142ku 3 grudnia. Jednak ju\u017c teraz wiadomo co nieco o \u00f3smym plebiscycie instruktor\u00f3w ZHP.<\/b><\/p>\n<p>Ju\u017c po raz \u00f3smy w plebiscycie <em>Niezwyczajni<\/em> poznamy wyj\u0105tkowych instruktor\u00f3w, kt\u00f3rzy swoj\u0105 codzienn\u0105 prac\u0105 zmieniaj\u0105 \u015bwiat na lepsze. Co wa\u017cne, wcale nie my\u015bl\u0105 o zaszczytach. Statuetka odbierana podczas Gali Dnia My\u015bli Braterskiej jest tylko i a\u017c mi\u0142ym wyr\u00f3\u017cnieniem.<\/p>\n<p>W ZHP takich instruktor\u00f3w mamy ponad 11 tysi\u0119cy. Do tego, doliczy\u0107 trzeba osoby pe\u0142ni\u0105ce funkcje instruktorskie, ale nie maj\u0105ce stopnia instruktorskiego. Jednak zanim poznamy tych kilku <em>Niezwyczajnych<\/em>, trzeba ich wybra\u0107. A w tym roku b\u0119dziemy te\u017c g\u0142osowa\u0107 na <em>Niezwyczajne \u015bwi\u0119towanie 100. rocznicy odzyskania niepodleg\u0142o\u015bci<\/em>. Kandydat\u00f3w i przedsi\u0119wzi\u0119cia mo\u017cna zg\u0142asza\u0107 od poniedzia\u0142ku 3 do 31 grudnia. Je\u015bli wi\u0119c nie macie plan\u00f3w na Sylwestra, to rozwa\u017ccie t\u0119 opcj\u0119.<\/p>\n<h3><b>Kandydaci na <em>Niezwyczajnych 2018<\/em><\/b><\/h3>\n<p>Kandydatem w plebiscycie mo\u017ce by\u0107 ka\u017cdy instruktor ZHP oraz osoba pe\u0142ni\u0105ca funkcj\u0119 instruktorsk\u0105. W tym roku <em>Niezwyczajni<\/em> b\u0119d\u0105 wybierani w pi\u0119ciu kategoriach. Pami\u0119tajcie tylko, \u017ce zg\u0142aszane osi\u0105gni\u0119cia dotycz\u0105 okresu od 1 stycznia do 30 listopada 2018 roku.<\/p>\n<p>W takim razie kto mo\u017ce dokona\u0107 zg\u0142oszenia? Mamy tutaj do czynienia z d\u0142ug\u0105 list\u0105, bo organizatorzy wymieniaj\u0105 dru\u017cyny harcerskie, inne jednostki organizacyjne ZHP, pojedynczych harcerzy i instruktor\u00f3w, rodzice oraz przyjaciele i sympatycy harcerstwa.<\/p>\n<h3><b>Kategorie <em>Niezwyczajnych 2018<\/em><\/b><\/h3>\n<p><strong>Efektywne zarz\u0105dzanie<\/strong> \u2013 kategoria, w kt\u00f3rej wyr\u00f3\u017cnieni mog\u0105 zosta\u0107 komendanci hufc\u00f3w, skarbnicy, osoby pozyskuj\u0105ce \u015brodki, komendanci baz i o\u015brodk\u00f3w ZHP czy kwatermistrzowie. S\u0105 to osoby, bez kt\u00f3rych trudno by\u0142oby chocia\u017cby wyje\u017cd\u017ca\u0107 na biwaki czy obozy. W zg\u0142oszeniu nale\u017cy opisa\u0107 osi\u0105gni\u0119cie z jednego z obszar\u00f3w:<\/p>\n<ul>\n<li>\u00a0\u00a0\u00a0\u00a0\u00a0\u00a0\u00a0\u00a0pozyskiwanie \u015brodk\u00f3w i sprawne zarz\u0105dzanie finansami organizacji na poziomie regionalnym lub lokalnym,<\/li>\n<li>\u00a0\u00a0\u00a0\u00a0\u00a0\u00a0\u00a0\u00a0dzia\u0142ania ukierunkowane na rozw\u00f3j bazy materialnej ZHP,<\/li>\n<li>\u00a0\u00a0\u00a0\u00a0\u00a0\u00a0\u00a0\u00a0zarz\u0105dzanie jednostk\u0105,<\/li>\n<li>\u00a0\u00a0\u00a0\u00a0\u00a0\u00a0\u00a0\u00a0zorganizowanie zaplecza technicznego (logistyka) wydarzenia.<\/li>\n<\/ul>\n<p><strong>Harcerska s\u0142u\u017cba<\/strong> \u2013 to kategoria dla instruktor\u00f3w, kt\u00f3rych dzia\u0142anie mia\u0142o realny wp\u0142yw na otaczaj\u0105ce \u015brodowisko. Jak czytamy w regulaminie plebiscytu, jest to kategoria nie tylko dla inicjator\u00f3w s\u0142u\u017cby, ale te\u017c instruktor\u00f3w Nieprzetartego Szlaku. W zg\u0142oszeniu nale\u017cy \u00a0opisa\u0107 jedno osi\u0105gni\u0119cie z jednego z obszar\u00f3w:<\/p>\n<ul>\n<li>\u00a0\u00a0\u00a0\u00a0\u00a0\u00a0\u00a0\u00a0zainicjowanie s\u0142u\u017cby w swoim \u015brodowisku,<\/li>\n<li>\u00a0\u00a0\u00a0\u00a0\u00a0\u00a0\u00a0\u00a0projekty maj\u0105ce na celu upowszechnianie s\u0142u\u017cby,<\/li>\n<li>\u00a0\u00a0\u00a0\u00a0\u00a0\u00a0\u00a0\u00a0s\u0142u\u017cba na rzecz os\u00f3b z niepe\u0142nosprawno\u015bci\u0105 \u2013 dzia\u0142anie w jednostkach Nieprzetartego Szlaku.<\/li>\n<\/ul>\n<p><strong>Harcerski specjalista<\/strong> \u2013 osobami nominowanymi w tej kategorii mog\u0105 zosta\u0107 specjali\u015bci w swoich dziedzinach, czyli m.in. instruktorzy specjalno\u015bci harcerskich czy specjali\u015bci od komunikacji i promocji. Pami\u0119tajcie, \u017ce dziedzin, w kt\u00f3rych mo\u017cna by\u0107 specjalist\u0105, jest znacznie wi\u0119cej. W zg\u0142oszeniu trzeba opisa\u0107 osi\u0105gni\u0119cie w jednym z obszar\u00f3w:<\/p>\n<ul>\n<li>\u00a0\u00a0\u00a0\u00a0\u00a0\u00a0\u00a0\u00a0dzia\u0142ania d\u0105\u017c\u0105ce do rozwoju harcerskich specjalno\u015bci,<\/li>\n<li>\u00a0\u00a0\u00a0\u00a0\u00a0\u00a0\u00a0\u00a0organizacja specjalistycznych warsztat\u00f3w, szkolenia zwi\u0105zane z dziedzin\u0105 swoich zainteresowa\u0144 lub ze swoim wykszta\u0142ceniem,<\/li>\n<li>\u00a0\u00a0\u00a0\u00a0\u00a0\u00a0\u00a0\u00a0dzia\u0142ania ukierunkowane na wzmacnianie wizerunku ZHP.<\/li>\n<\/ul>\n<p><strong>Komendant szczepu<\/strong> \u2013 to kategoria, kt\u00f3rej nie trzeba wyja\u015bnia\u0107. Nominowani mog\u0105 by\u0107 tylko komendanci szczep\u00f3w, kt\u00f3rzy pe\u0142ni\u0105 swoj\u0105 funkcj\u0119 co najmniej 2 lata. W zg\u0142oszeniu nale\u017cy opisa\u0107 osi\u0105gni\u0119cie kandydata w jednym z obszar\u00f3w:<\/p>\n<ul>\n<li>\u00a0\u00a0\u00a0\u00a0\u00a0\u00a0\u00a0\u00a0innowacyjny projekt lub przedsi\u0119wzi\u0119cie zapewniaj\u0105ce ci\u0105g wychowawczy lub utrzymanie i rozw\u00f3j kadry lub te\u017c maj\u0105ce wspiera\u0107 dzia\u0142alno\u015b\u0107 jednostek w szczepie,<\/li>\n<li>\u00a0\u00a0\u00a0\u00a0\u00a0\u00a0\u00a0\u00a0rozw\u00f3j szczepu.<\/li>\n<\/ul>\n<p><strong>M\u0142ody lider<\/strong> &#8211; to kategoria przeznaczona dla instruktor\u00f3w poni\u017cej 23. roku \u017cycia, a ich \u201edzia\u0142ania s\u0105 godne uwagi i podziwu\u201d. Tutaj te\u017c przy zg\u0142oszeniu nale\u017cy opisa\u0107 osi\u0105gni\u0119cie kandydata w jednym z obszar\u00f3w:<\/p>\n<ul>\n<li>\u00a0\u00a0\u00a0\u00a0\u00a0\u00a0\u00a0\u00a0przewodzenie zespo\u0142em lub jednostk\u0105 organizacyjn\u0105 od minimum 3 lat,<\/li>\n<li>\u00a0\u00a0\u00a0\u00a0\u00a0\u00a0\u00a0\u00a0innowacyjny projekt,<\/li>\n<li>\u00a0\u00a0\u00a0\u00a0\u00a0\u00a0\u00a0\u00a0przedsi\u0119wzi\u0119cie programowe, kszta\u0142ceniowe lub wizerunkowe.<\/li>\n<\/ul>\n<p>W \u00f3smym plebiscycie <em>Niezwyczajni<\/em> b\u0119dzie mo\u017cna wyj\u0105tkowo wybra\u0107 te\u017c <strong>przedsi\u0119wzi\u0119cie zorganizowane z okazji 100. rocznicy odzyskania niepodleg\u0142o\u015bci przez Polsk\u0119.<\/strong> W tym przypadku przy zg\u0142oszeniach nale\u017cy opisa\u0107 inicjatyw\u0119.<\/p>\n<h3><b>Co dalej?<\/b><\/h3>\n<p>Jak w zesz\u0142ym roku zauwa\u017cy\u0142 <a href=\"https:\/\/natropie.zhp.pl\/index.php\/zwyczajni-niezwyczajni-2\/\">w swoim artykule Wojciech Sidorowicz,<\/a> co roku procedura zg\u0142aszania i wy\u0142aniania nominowanych jest bardzo podobna. Na adres kapitu\u0142y sp\u0142ywa kilkadziesi\u0105t niesamowitych maili opisuj\u0105cych niezwyk\u0142\u0105, cho\u0107 codzienn\u0105 prac\u0119 instruktor\u00f3w ZHP, a nast\u0119pnie wybierani s\u0105 kandydaci, na kt\u00f3rych od 4 do 17 lutego 2019 roku b\u0119dzie mo\u017cna zag\u0142osowa\u0107.<\/p>\n<p><em>Niezwyczajnych 2018<\/em> poznamy tradycyjnie ju\u017c na Gali Dnia My\u015bli Braterskiej. Tym razem odb\u0119dzie si\u0119 ona 23 lutego 2019 roku w Kopalni Guido w Zabrzu.<\/p>\n<p>&nbsp;<\/p>\n<p><em><strong>Przeczytaj te\u017c:<\/strong><br \/>\n<\/em><\/p>\n<ul>\n<li><a href=\"https:\/\/natropie.zhp.pl\/index.php\/karpie-z-warszawy\/\"><em><strong>Karpie z Warszawy<\/strong><\/em><\/a><\/li>\n<li><em><a href=\"https:\/\/natropie.zhp.pl\/index.php\/zostan-akademikiem\/\"><strong>\u00a0Zosta\u0144 Akademikiem<\/strong><\/a><br \/>\n<\/em><\/li>\n<li><a href=\"https:\/\/natropie.zhp.pl\/index.php\/zostawie-slad\/\"><strong><em>Zostawi\u0119 \u015blad <\/em><\/strong><\/a><\/li>\n<\/ul>\n","protected":false},"excerpt":{"rendered":"<p>Trzy, dwa, jeden\u2026 i ruszyli! Stop! Jeszcze nie! Kandydat\u00f3w na \u201eNiezwyczajnych 2018\u201d mo\u017cna zg\u0142asza\u0107 dopiero od poniedzia\u0142ku 3 grudnia. Jednak ju\u017c teraz wiadomo co nieco o \u00f3smym plebiscycie instruktor\u00f3w ZHP.<\/p>\n","protected":false},"author":152,"featured_media":0,"comment_status":"open","ping_status":"open","sticky":false,"template":"","format":"standard","meta":{"_acf_changed":false,"_exactmetrics_skip_tracking":false,"_exactmetrics_sitenote_active":false,"_exactmetrics_sitenote_note":"","_exactmetrics_sitenote_category":0,"footnotes":""},"categories":[197],"tags":[288,473,475],"class_list":["post-24666","post","type-post","status-publish","format-standard","hentry","category-jwz","tag-gala-niezwyczajni","tag-niezwyczajni","tag-plebiscyt-niezwyczajni"],"acf":{"attached_posts":null},"_links":{"self":[{"href":"https:\/\/natropie.zhp.pl\/index.php\/wp-json\/wp\/v2\/posts\/24666","targetHints":{"allow":["GET"]}}],"collection":[{"href":"https:\/\/natropie.zhp.pl\/index.php\/wp-json\/wp\/v2\/posts"}],"about":[{"href":"https:\/\/natropie.zhp.pl\/index.php\/wp-json\/wp\/v2\/types\/post"}],"author":[{"embeddable":true,"href":"https:\/\/natropie.zhp.pl\/index.php\/wp-json\/wp\/v2\/users\/152"}],"replies":[{"embeddable":true,"href":"https:\/\/natropie.zhp.pl\/index.php\/wp-json\/wp\/v2\/comments?post=24666"}],"version-history":[{"count":3,"href":"https:\/\/natropie.zhp.pl\/index.php\/wp-json\/wp\/v2\/posts\/24666\/revisions"}],"predecessor-version":[{"id":24668,"href":"https:\/\/natropie.zhp.pl\/index.php\/wp-json\/wp\/v2\/posts\/24666\/revisions\/24668"}],"wp:attachment":[{"href":"https:\/\/natropie.zhp.pl\/index.php\/wp-json\/wp\/v2\/media?parent=24666"}],"wp:term":[{"taxonomy":"category","embeddable":true,"href":"https:\/\/natropie.zhp.pl\/index.php\/wp-json\/wp\/v2\/categories?post=24666"},{"taxonomy":"post_tag","embeddable":true,"href":"https:\/\/natropie.zhp.pl\/index.php\/wp-json\/wp\/v2\/tags?post=24666"}],"curies":[{"name":"wp","href":"https:\/\/api.w.org\/{rel}","templated":true}]}}