{"id":30518,"date":"2020-10-07T17:03:50","date_gmt":"2020-10-07T15:03:50","guid":{"rendered":"http:\/\/natropie.zhp.pl\/?p=30518"},"modified":"2020-10-07T17:05:21","modified_gmt":"2020-10-07T15:05:21","slug":"na-tropie-8-2020","status":"publish","type":"post","link":"https:\/\/natropie.zhp.pl\/index.php\/na-tropie-8-2020\/","title":{"rendered":"Na Tropie 9\/2020"},"content":{"rendered":"<p><strong>Wrzesie\u0144 w naszej redakcji nigdy nie nale\u017cy do \u0142atwych. Dopiero co wr\u00f3cili\u015bmy z r\u00f3\u017cnych wyjazd\u00f3w, \u017ceby o nich od razu napisa\u0107, a ju\u017c trzeba my\u015ble\u0107 o nowym roku harcerskim i oswaja\u0107 si\u0119 z jesieni\u0105. W naszych artyku\u0142ach jest troch\u0119 jednego i drugiego. <\/strong><\/p>\n<p>Do podsumowa\u0144 nale\u017c\u0105 teksty zast\u0119pczyni redaktora naczelnego o planach zrealizowanych i tych pokrzy\u017cowanych, a tak\u017ce <em>Opowie\u015b\u0107 patrolowego<\/em>, czyli rozmowa o tegorocznym spotkaniu patrolowych i W\u0119drowniczej Watrze. R\u00f3wnie\u017c sam naczelny postanowi\u0142 co nieco napisa\u0107 o Watrze, wi\u0119c je\u015bli chcecie wiedzie\u0107, dlaczego w tym roku nie og\u0142oszono dru\u017cyny Primus Inter Pares, to u nas znajdziecie odpowied\u017a.<\/p>\n<p>W ramach my\u015blenia o nowym roku harcerskim warto przeczyta\u0107 felieton <em>Drena\u017c m\u00f3zg\u00f3w zatrzymany?<\/em> oraz artyku\u0142 o proponowanych zmianach w zdobywaniu stopni w\u0119drowniczych. Znajdziecie w nim sporo fakt\u00f3w, bo napisa\u0142a go instruktora zajmuj\u0105ca si\u0119 zmianami w instrumentach metodycznych.<\/p>\n<p>Dla os\u00f3b musz\u0105cych oswaja\u0107 si\u0119 z jesieni\u0105 te\u017c co\u015b mamy. Polecamy kubek herbaty, koc i dwa artyku\u0142y &#8211; o poezji oraz ksi\u0105\u017cce 27 \u015bmierci Toby\u2019ego Obeda, kt\u00f3ra by\u0142a w w\u0105skim gronie nominowanych do tegorocznej Nagrody Literackiej Nike.<\/p>\n<h3>Plany zrealizowane i plany pokrzy\u017cowane<\/h3>\n<p><strong>(Na Tropie \u015arodowisk\/Maria Korcz)<\/strong><\/p>\n<p>Od jakiego\u015b czasu m\u00f3wi\u0119 w harcerstwie bardziej otwarcie o nieudanych planach i nieosi\u0105gni\u0119tych celach. Wydaje mi si\u0119, \u017ce potrzebujemy w naszej organizacji odej\u015bcia od etosu superbohater\u00f3w. Czasem rzeczy si\u0119 udaj\u0105, a czasem nie.<\/p>\n<p>(<a href=\"https:\/\/natropie.zhp.pl\/index.php\/plany-zrealizowane-i-plany-pokrzyzowane\/\">czytaj wi\u0119cej<\/a>)<\/p>\n<h3>Watra inna ni\u017c wszystkie<\/h3>\n<p><strong>(Jestem w Zwi\u0105zku\/Rados\u0142aw Rosiejka)<\/strong><\/p>\n<p>W czasie tegorocznej W\u0119drowniczej Watry nie zmieniono jej za\u0142o\u017ce\u0144, a jedynie dostosowano form\u0119 do sytuacji. A ta, z powodu pandemii SARS-CoV-2, spowodowa\u0142a, \u017ce wiele rzeczy na Watrze by\u0142o zupe\u0142nie innych.<\/p>\n<p>(<a href=\"https:\/\/natropie.zhp.pl\/index.php\/watra-inna-niz-wszystkie\/\">czytaj wi\u0119cej<\/a>)<\/p>\n<h3>Stopnie w\u0119drownicze po nowemu<\/h3>\n<p><strong>(Instruktorski Trop\/Monika Czokaj\u0142o)<\/strong><\/p>\n<p>Proponowane zmiany w Systemie Instrument\u00f3w Metodycznych obejm\u0105 HO i HR. Dotycz\u0105 one nie tylko konstrukcji pr\u00f3by, ale te\u017c warunk\u00f3w jej otwarcia. I w\u0142a\u015bnie to wydawa\u0107 si\u0119 mo\u017ce najbardziej rewolucyjne \u2013 pisze instruktorka ZIM.<\/p>\n<p>(<a href=\"https:\/\/natropie.zhp.pl\/index.php\/stopnie-wedrownicze-po-nowemu\/\">czytaj wi\u0119cej<\/a>)<\/p>\n<h3>Ka\u017cdy ma co\u015b z poety<\/h3>\n<p><strong>(Na Tropie Kultury\/Katarzyna Lesiak)<\/strong><\/p>\n<p>Poezja kojarzona jest raczej z przykrym, szkolnym obowi\u0105zkiem i oderwanymi od rzeczywisto\u015bci sentencjami. Jest dla niej miejsce w harcerstwie? Bli\u017cej ni\u017c my\u015blisz!<\/p>\n<p>(<a href=\"https:\/\/natropie.zhp.pl\/index.php\/kazdy-ma-cos-z-poety\/\">czytaj wi\u0119cej<\/a>)<\/p>\n<h3>Drena\u017c m\u00f3zg\u00f3w zatrzymany?<\/h3>\n<p><strong>(Felietony\/Jacek Grzebielucha)<\/strong><\/p>\n<p>Zbli\u017ca si\u0119 nowy rok akademicki, co absolwentom szk\u00f3\u0142 \u015brednich kojarzy si\u0119 z wyjazdami na studia, szukaniem stancji, nawi\u0105zywaniem nowych znajomo\u015bci, ale r\u00f3wnie\u017c opuszczeniem dotychczasowego \u015brodowiska harcerskiego. W tym roku mo\u017ce by\u0107 inaczej.<\/p>\n<p>(<a href=\"https:\/\/natropie.zhp.pl\/index.php\/drenaz-mozgow-zatrzymany\/\">czytaj wi\u0119cej<\/a>)<\/p>\n<h3>Kto zostanie komendantem Watry?<\/h3>\n<p><strong>(Jestem w Zwi\u0105zku\/Rados\u0142aw Rosiejka)<\/strong><\/p>\n<p>Trwa konkurs na komendanta b\u0105d\u017a komendantk\u0119 W\u0119drowniczej Watry 2021! Jakie wymagania stawiane s\u0105 przed kandydatami? Co to oznacza dla samych w\u0119drownik\u00f3w?<\/p>\n<p>(<a href=\"https:\/\/natropie.zhp.pl\/index.php\/kto-zostanie-komendantem-watry\/\">czytaj wi\u0119cej<\/a>)<\/p>\n<h3>Opowie\u015b\u0107 patrolowego [rozmowa]<\/h3>\n<p><strong>(Na Tropie \u015arodowisk\/Maria Korcz)<\/strong><\/p>\n<p>Nie mia\u0142am w tym roku okazji by\u0107 na W\u0119drowniczej Watrze. Z r\u00f3\u017cnych \u017ar\u00f3de\u0142 s\u0142ysza\u0142am r\u00f3\u017cne opinie na jej temat. Postanowi\u0142am wi\u0119c w ko\u0144cu je zweryfikowa\u0107.<\/p>\n<p>(<a href=\"https:\/\/natropie.zhp.pl\/index.php\/opowiesc-patrolowego-rozmowa\/\">czytaj wi\u0119cej<\/a>)<\/p>\n<h3>Mechanizm krzywdy<\/h3>\n<p><strong>(Na Tropie Kultury\/Anna Mroczek)<\/strong><\/p>\n<p>Mam 47 lat. T\u0119skni\u0119 za mam\u0105 odk\u0105d mia\u0142em 4 \u2013 m\u00f3wi Toby Obed, ocaleniec. Kim s\u0105 ocale\u0144cy? Co to znaczy umrze\u0107 27 razy? I wreszcie \u2013 co dzia\u0142o si\u0119 za murami szk\u00f3\u0142 dla rdzennych dzieci w Kanadzie?<\/p>\n<p>(<a href=\"https:\/\/natropie.zhp.pl\/index.php\/mechanizm-krzywdy\/\">czytaj wi\u0119cej<\/a>)<\/p>\n<p>&nbsp;<\/p>\n","protected":false},"excerpt":{"rendered":"<p>Wrzesie\u0144 w naszej redakcji nigdy nie nale\u017cy do \u0142atwych. Dopiero co wr\u00f3cili\u015bmy z r\u00f3\u017cnych wyjazd\u00f3w, \u017ceby o nich od razu napisa\u0107, a ju\u017c trzeba my\u015ble\u0107 o nowym roku harcerskim i oswaja\u0107 si\u0119 z jesieni\u0105. W naszych artyku\u0142ach jest troch\u0119 jednego i drugiego.<\/p>\n","protected":false},"author":152,"featured_media":24563,"comment_status":"open","ping_status":"open","sticky":false,"template":"","format":"standard","meta":{"_acf_changed":false,"_exactmetrics_skip_tracking":false,"_exactmetrics_sitenote_active":false,"_exactmetrics_sitenote_note":"","_exactmetrics_sitenote_category":0,"footnotes":""},"categories":[236],"tags":[],"class_list":["post-30518","post","type-post","status-publish","format-standard","has-post-thumbnail","hentry","category-archiwum-2"],"acf":{"attached_posts":{"link_1":"https:\/\/natropie.zhp.pl\/index.php\/na-tropie-na-lato\/","link_2":"https:\/\/natropie.zhp.pl\/index.php\/na-tropie-6-2020\/","link_3":"https:\/\/natropie.zhp.pl\/index.php\/30398\/"}},"_links":{"self":[{"href":"https:\/\/natropie.zhp.pl\/index.php\/wp-json\/wp\/v2\/posts\/30518","targetHints":{"allow":["GET"]}}],"collection":[{"href":"https:\/\/natropie.zhp.pl\/index.php\/wp-json\/wp\/v2\/posts"}],"about":[{"href":"https:\/\/natropie.zhp.pl\/index.php\/wp-json\/wp\/v2\/types\/post"}],"author":[{"embeddable":true,"href":"https:\/\/natropie.zhp.pl\/index.php\/wp-json\/wp\/v2\/users\/152"}],"replies":[{"embeddable":true,"href":"https:\/\/natropie.zhp.pl\/index.php\/wp-json\/wp\/v2\/comments?post=30518"}],"version-history":[{"count":4,"href":"https:\/\/natropie.zhp.pl\/index.php\/wp-json\/wp\/v2\/posts\/30518\/revisions"}],"predecessor-version":[{"id":30522,"href":"https:\/\/natropie.zhp.pl\/index.php\/wp-json\/wp\/v2\/posts\/30518\/revisions\/30522"}],"wp:featuredmedia":[{"embeddable":true,"href":"https:\/\/natropie.zhp.pl\/index.php\/wp-json\/wp\/v2\/media\/24563"}],"wp:attachment":[{"href":"https:\/\/natropie.zhp.pl\/index.php\/wp-json\/wp\/v2\/media?parent=30518"}],"wp:term":[{"taxonomy":"category","embeddable":true,"href":"https:\/\/natropie.zhp.pl\/index.php\/wp-json\/wp\/v2\/categories?post=30518"},{"taxonomy":"post_tag","embeddable":true,"href":"https:\/\/natropie.zhp.pl\/index.php\/wp-json\/wp\/v2\/tags?post=30518"}],"curies":[{"name":"wp","href":"https:\/\/api.w.org\/{rel}","templated":true}]}}