{"id":30615,"date":"2020-12-13T20:27:10","date_gmt":"2020-12-13T19:27:10","guid":{"rendered":"http:\/\/natropie.zhp.pl\/?p=30615"},"modified":"2020-12-27T15:41:28","modified_gmt":"2020-12-27T14:41:28","slug":"zhp-na-zakrecie","status":"publish","type":"post","link":"https:\/\/natropie.zhp.pl\/index.php\/zhp-na-zakrecie\/","title":{"rendered":"PILNE: ZHP na zakr\u0119cie"},"content":{"rendered":"<p><strong>W sobot\u0119 przed po\u0142udniem dowiedzieli\u015bmy si\u0119, \u017ce G\u0142\u00f3wna Kwatera zwo\u0142uje 42. Zjazd Nadzwyczajny ZHP. Zwi\u0105zek znalaz\u0142 si\u0119 w powa\u017cnym kryzysie. Wyja\u015bnijmy zatem, jak do tego dosz\u0142o i co wydarzy\u0142o si\u0119 przez weekend.<\/strong><\/p>\n<p>Przypomnijmy, \u017ce zjazd ZHP to najwy\u017csza w\u0142adza w naszej organizacji. Pisali\u015bmy o tym przy okazji 40 Zjazdu ZHP w 2017 roku oraz rok temu, gdy przewodnicz\u0105cy ZHP hm. Dariusz Supe\u0142 na wniosek 6 komend chor\u0105gwi zwo\u0142a\u0142 41. Zjazd Nadzwyczajny ZHP. Tamten zjazd z pa\u017adziernika ubieg\u0142ego rok mia\u0142 zdecydowa\u0107 o odwo\u0142aniu G\u0142\u00f3wnej Kwatery ZHP. Ostatecznie wi\u0119kszo\u015b\u0107 delegat\u00f3w uzna\u0142a, \u017ce GK ZHP w obecnym sk\u0142adzie ma dzia\u0142a\u0107 dalej. Wi\u0119cej o powodach zwo\u0142ania tamtego zjazdu nadzwyczajnego pisali\u015bmy w artykule <em><a href=\"https:\/\/natropie.zhp.pl\/index.php\/co-przyniesie-zjazd\/\">Co przyniesie zjazd<\/a><\/em>, a p\u00f3\u017aniej opublikowali\u015bmy <a href=\"https:\/\/natropie.zhp.pl\/index.php\/co-wiemy-a-czego-nie\/\">felieton z subiektywnym jego podsumowaniem.<\/a><\/p>\n<blockquote><p>Zwi\u0105zek znajduje si\u0119 w niezwykle trudnej sytuacji<\/p><\/blockquote>\n<p>Teraz mamy powt\u00f3rk\u0119. Jednak tym razem to <a href=\"https:\/\/zhp.pl\/2020\/zwolanie-xlii-zjazdu-nadzwyczajnego-zhp\">G\u0142\u00f3wna Kwatera zwo\u0142uje 42. Zjazd Nadzwyczajny ZHP<\/a>. Ma si\u0119 on odby\u0107 online w weekend 23-24 stycznia 2021 roku. W uzasadnieniu czytamy, \u017ce Zwi\u0105zek znajduje si\u0119 <em>w niezwykle trudnej sytuacji, zwi\u0105zanej z epidemi\u0105 koronawirusa SARS-CoV-2, a sytuacj\u0119 t\u0119 pogarsza ponowny kryzys w\u0142adz naczelnych<\/em>.<\/p>\n<p>Jako argument ze strony GK ZHP pada to, \u017ce Centralna Komisja Rewizyjna ZHP w pa\u017adzierniku 2020 roku nie udzieli\u0142a absolutorium naczelniczce oraz skarbnikowi i z\u0142o\u017cy\u0142a wniosek o wygaszenie mandatu naczelniczki ZHP, mimo i\u017c w ubieg\u0142ym roku zjazd nadzwyczajny zdecydowa\u0142 o nieodwo\u0142ywaniu G\u0142\u00f3wnej Kwatery. W uzasadnieniu podnoszone jest to, \u017ce teraz Centralna Komisja Rewizyjna ZHP negatywnie oceni\u0142a dzia\u0142ania naczelniczki, kt\u00f3re w <em>ogromnej mierze<\/em>, by\u0142y analizowane przez ubieg\u0142oroczny zjazd nadzwyczajny.<\/p>\n<p>Tutaj warto zaznaczy\u0107 tylko, \u017ce formalnie zwo\u0142anie tamtego zjazdu by\u0142o motywowane negatywn\u0105 ocen\u0105 pracy G\u0142\u00f3wnej Kwatery w 2018 roku przez CKR. Jednak podczas samego zjazdu faktycznie dyskutowano r\u00f3wnie\u017c, a mo\u017ce nawet g\u0142\u00f3wnie o dzia\u0142aniach podejmowanych w 2019 roku.<\/p>\n<h3><strong>Przyczyna<\/strong><\/h3>\n<p>Przyczyn obecnej sytuacji w Zwi\u0105zku mo\u017cna doszukiwa\u0107 si\u0119 w wielu zdarzeniach. Skupmy si\u0119 jednak na tym, co wiemy na pewno. 16 pa\u017adziernika CKR nie udzieli\u0142a absolutorium naczelniczce ZHP i wnioskuje o wygaszenie jej mandatu.<\/p>\n<blockquote><p>W dost\u0119pnym uzasadnieniu nie znajdziemy przyk\u0142ad\u00f3w konkretnych dzia\u0142a\u0144, kt\u00f3re by\u0142y nieprawid\u0142owe<\/p><\/blockquote>\n<p>W przeciwie\u0144stwie do sytuacji z 2019 roku, do\u015b\u0107 szybko pojawia si\u0119 pi\u0119ciostronicowe uzasadnienie decyzji. A w nim czytamy, \u017ce cz\u0142onkowie CKR decyzj\u0119 opierali na rozmowach w swoich \u015brodowiskach (w tym z komendami chor\u0105gwi), instruktorami pracuj\u0105cymi na r\u00f3\u017cnych szczeblach organizacji, w\u0142asnych do\u015bwiadczeniach i po analizie dokument\u00f3w. W uzasadnieniu CKR podaje, \u017ce odby\u0142o si\u0119 te\u017c posiedzenie z cz\u0142onkami G\u0142\u00f3wnej Kwatery, na kt\u00f3rym om\u00f3wiono m.in. zmiany osobowe w GK ZHP, bie\u017c\u0105c\u0105 reprezentacj\u0119 i wsp\u00f3\u0142prac\u0119 z w\u0142adzami, dzia\u0142ania maj\u0105ce wdro\u017cy\u0107 now\u0105 ewidencj\u0119, prace nad reform\u0105 instrument\u00f3w metodycznych, przygotowania do Euro Jamboree 2020, sytuacj\u0119 Grupy ZHP (czyli m.in. sk\u0142adnicy 4 \u017bywio\u0142y czy schroniska g\u00f3rskiego G\u0142od\u00f3wka) i wiele, wiele innych. <a href=\"https:\/\/gkzhp.sharepoint.com\/:w:\/r\/sites\/dokumentyzhp\/_layouts\/15\/Doc.aspx?sourcedoc=%7BAE16878B-D284-4D9E-BF59-8C57081060F7%7D&amp;file=Uchwa%C5%82a_66_XL_2020-absolutorium.docx&amp;action=default&amp;mobileredirect=true\">Ca\u0142e uzasadnienie jest dost\u0119pne w Intranecie ZHP<\/a>, ale nie znajdziemy w nim przyk\u0142ad\u00f3w konkretnych dzia\u0142a\u0144, kt\u00f3re by\u0142y nieprawid\u0142owe. Dowiemy si\u0119 za to, \u017ce decyzja dotycz\u0105ca absolutorium zosta\u0142a podj\u0119ta <em>ch\u0142odnym okiem<\/em>. Pozostaje nam wierzy\u0107, \u017ce o konkretach wiedz\u0105 g\u0142\u00f3wni zainteresowani decyzj\u0105 CKR.<\/p>\n<h3><strong>Kolejny krok<\/strong><\/h3>\n<p>Wniosek CKR o wygaszenie mandatu naczelniczki trafi\u0142 do Rady Naczelnej ZHP. Jeszcze w pa\u017adzierniku instruktorzy b\u0119d\u0105cy na bie\u017c\u0105co z decyzjami w\u0142adz naczelnych spekulowali, co mo\u017ce si\u0119 sta\u0107. Teoretycznie Rada Naczelna mog\u0142a taki wniosek przyj\u0105\u0107 lub odrzuci\u0107. Mog\u0142a te\u017c maksymalnie zwleka\u0107 z zaj\u0119ciem si\u0119 wnioskiem.<\/p>\n<p>Tutaj pozwalamy sobie na odrobin\u0119 spekulacji, bo w kontek\u015bcie dalszych wydarze\u0144 to do\u015b\u0107 wa\u017cne. Pojawi\u0142y si\u0119 g\u0142osy, \u017ce Rada Naczelna wybra\u0142aby nowego naczelnika. Wed\u0142ug innych g\u0142os\u00f3w powinien odby\u0107 si\u0119 zjazd, na kt\u00f3rym dosz\u0142oby do wyboru nowej GK ZHP, a je\u015bli tak to najlepiej maksymalnie p\u00f3\u017ano. Dlaczego maksymalnie p\u00f3\u017ano? Bo kadencja obecnej GK ZHP i tak ko\u0144czy\u0142aby si\u0119 w 2021 roku, wi\u0119c pod koniec przysz\u0142ego roku, i tak odby\u0142by si\u0119 <em>zwyczajny<\/em> zjazd zwyk\u0142y ZHP, na kt\u00f3rym wybieraliby\u015bmy nowe w\u0142adze. O tym jednak b\u0119dzie troch\u0119 p\u00f3\u017aniej.<\/p>\n<blockquote><p>W 2017 roku w Radzie Naczelnej zasiad\u0142o 30 os\u00f3b, wywodz\u0105cych si\u0119 z r\u00f3\u017cnych \u015brodowisk, z r\u00f3\u017cnym do\u015bwiadczenie i pogl\u0105dami<\/p><\/blockquote>\n<p>Smaczku ca\u0142ej sprawie wygaszania mandatu naczelniczki dodaje fakt, \u017ce w Radzie Naczelnej od miesi\u0119cy nie s\u0105 uzupe\u0142niane wakaty (np. Chor\u0105giew Sto\u0142eczna od ponad roku nie ma w Radzie jednego ze swoich instruktor\u00f3w). Gwoli \u015bcis\u0142o\u015bci, po rezygnacji cz\u0142onka z danej chor\u0105gwi, Rada powinna takie miejsce uzupe\u0142ni\u0107 o osob\u0119 z tej samej chor\u0105gwi. Nieoficjalnie m\u00f3wi\u0142o si\u0119 jednak o tym, \u017ce wolne miejsca by\u0142yby zaj\u0119te przez osoby z chor\u0105gwi, kt\u00f3re raczej s\u0105 przychylne obecnej GK ZHP, a to mog\u0142oby wp\u0142yn\u0105\u0107 na podejmowane przez Rad\u0119 decyzje. Warto doda\u0107, \u017ce po Zje\u017adzie ZHP w 2017 roku w Radzie Naczelnej zasiad\u0142o 30 os\u00f3b, kt\u00f3re wywodzi\u0142y si\u0119 z r\u00f3\u017cnych \u015brodowisk, mia\u0142y r\u00f3\u017cne do\u015bwiadczenie i pogl\u0105dy. Wed\u0142ug naszych informacji w samej radzie mia\u0142o dochodzi\u0107 do r\u00f3\u017cnych tar\u0107 na tym tle.<\/p>\n<p>Poniek\u0105d potwierdza to G\u0142\u00f3wna Kwatera w swoim uzasadnieniu zwo\u0142ania 42. Nadzwyczajnego Zjazdu ZHP, w kt\u00f3rym pisze o <em>\u015bwiadomo\u015bci, \u017ce cz\u0119\u015b\u0107 rezygnacji jest spowodowana relacjami wewn\u0105trz Rady<\/em>. Przez 3 lata ze swoich funkcji w Radzie Naczelnej zrezygnowa\u0142o 8 z 30 os\u00f3b.<\/p>\n<p>Wracaj\u0105c jednak do wniosku o wygaszenie mandatu naczelniczki, 12 grudnia <a href=\"https:\/\/www.facebook.com\/wKreguRady\/posts\/3613227068723678\">Rada Naczelna uzupe\u0142ni\u0142a kilka wakat\u00f3w<\/a>, ale cz\u0119\u015b\u0107 miejsc zosta\u0142a nadal nieobsadzona. P\u00f3\u017aniej zacz\u0119to dyskusj\u0119 nad wygaszeniem mandatu naczelniczki, kt\u00f3r\u0105 przerwano oko\u0142o 1 w nocy i wr\u00f3cono do niej w niedziel\u0119 13 grudnia.<\/p>\n<p>Po przerwie mia\u0142a pojawi\u0107 si\u0119 propozycja <em>dealu<\/em> \u2013 w zamian za niewygaszanie mandatu naczelniczki, w kwietniu 2021 roku mia\u0142by odby\u0107 si\u0119 zjazd zwyk\u0142y, na kt\u00f3rym dosz\u0142oby do wyboru w\u0142adz naczelnych. De facto dosz\u0142oby do skr\u00f3cenia o ponad p\u00f3\u0142 roku kadencji w\u0142adz naczelnych.<\/p>\n<h3><strong>Rozstrzygni\u0119cie<\/strong><\/h3>\n<p>Co\u015b, co r\u00f3\u017cni dzisiejsz\u0105 sytuacj\u0119 od tej z 2019 roku, jest to, \u017ce tutaj raczej nikt nie ukrywa, \u017ce jest powa\u017cny konflikt mi\u0119dzy w\u0142adzami. Przyznaje to wprost G\u0142\u00f3wna Kwatera, kt\u00f3ra jednocze\u015bnie uprzedza bieg wydarze\u0144 i og\u0142asza zwo\u0142anie 42. Zjazdu Nadzwyczajnego ZHP, kt\u00f3ry ma oceni\u0107 dzia\u0142anie GK ZHP, Rady Naczelnej i CKR \u2013 oznacza to, \u017ce ze swojej pracy mia\u0142yby wyt\u0142umaczy\u0107 si\u0119 wszystkie wymienione w\u0142adze. Tym samym to G\u0142\u00f3wna Kwatera w sobot\u0119 przej\u0119\u0142a inicjatyw\u0119 i narzuci\u0142a narracj\u0119 na temat sytuacji we w\u0142adzach naczelnych ZHP.<\/p>\n<blockquote><p>Zgodnie z uchwa\u0142\u0105 RN Zjazd ZHP mia\u0142by odby\u0107 si\u0119 do 16 maja 2021 roku<\/p><\/blockquote>\n<p>Stan\u0119\u0142o na tym, \u017ce Rada Naczelna przyj\u0119\u0142a uchwa\u0142\u0119 z wnioskiem do przewodnicz\u0105cego ZHP o zwo\u0142aniu Zjazdu ZHP, kt\u00f3ry ma odby\u0107 si\u0119 do 16 maja 2021 roku. Wed\u0142ug naszych informacji na Radzie Naczelnej na tak\u0105 propozycj\u0119 przysta\u0142a naczelniczka i nie g\u0142osowano nad wygaszeniem jej mandatu. Zjazd zwyk\u0142y ma wy\u0142oni\u0107 nowe w\u0142adze naczelne, co w praktyce jest potwierdzeniem skr\u00f3cenia kadencji obecnych w\u0142adz.<\/p>\n<p>Gdy tylko dowiemy si\u0119, czy i jak formalnie zosta\u0142a rozwi\u0105zana kwestia wycofania si\u0119 ze zwo\u0142ania 42. Zjazdu Nadzwyczajnego ZHP lub zmian w porz\u0105dku obrad czy zwo\u0142ania zjazdu zwyk\u0142ego to zaktualizujemy ten artyku\u0142, lub napiszemy nowy tekst pr\u00f3buj\u0105cy wyja\u015bni\u0107 sytuacj\u0119.<\/p>\n<p>Na razie mo\u017cemy sobie \u017cyczy\u0107, \u017ceby do takich sytuacji, jak obecnie, nie dochodzi\u0142o w przysz\u0142o\u015bci, gdy ju\u017c b\u0119dziemy mieli w przysz\u0142ym roku nowe w\u0142adze naczelne wybrane przez najwy\u017csz\u0105 w\u0142adz\u0119 w ZHP, jak\u0105 jest zjazd ZHP.<\/p>\n<p>&nbsp;<\/p>\n<p><strong>AKTUALIZACJA &#8211; 14.12.2020, godz. 0.37<\/strong><\/p>\n<p>W poniedzia\u0142ek o godz. 0.05 na facebookowym profilu Rady Naczelnej ZHP <a href=\"https:\/\/www.facebook.com\/wKreguRady\/posts\/3616259945087057\">opublikowano uchwa\u0142\u0119 nr 62\/XL Rady Naczelnej ZHP<\/a> z dnia 13 grudnia 2020 roku w sprawie wniosku o zwo\u0142anie zjazdu zwyk\u0142ego ZHP. Tym samym nasze ustalenia o niewygaszaniu mandatu naczelniczki ZHP oraz wniosku o zwo\u0142anie zjazdu zwyk\u0142ego, kt\u00f3ry odb\u0119dzie si\u0119 do 16 maja 2021 roku, zosta\u0142y oficjalnie potwierdzone.<\/p>\n<p><strong>AKTUALIZACJA &#8211; 21.12.2020, godz. 23.11<\/strong><\/p>\n<p><a href=\"https:\/\/apps.powerapps.com\/play\/3aa72b2f-ee91-473f-833b-6f0085a13c18?tenantId=e1368d1e-3975-4ce6-893d-fc351fd44dcd&amp;source=portal&amp;screenColor=rgba(105%2C%20180%2C%2069%2C%201)&amp;ID=3206\">20 grudnia 2020 roku Naczelny S\u0105d Harcerski stwierdzi\u0142,<\/a> \u017ce zgodnie ze Statutem ZHP kadencja w\u0142adz naczelnych trwa 4 lata, wi\u0119c zjazd zwyk\u0142y ZHP powinien rozpocz\u0105\u0107 si\u0119 do 15 dni przed lub do 15 dni po identycznym dniu tego samego miesi\u0105ca, w kt\u00f3rym cztery lata wcze\u015bniej rozpocz\u0105\u0142 si\u0119 zjazd zwyk\u0142y. Oznacza to, \u017ce zjazd zwyk\u0142y powinien odby\u0107 si\u0119 w grudniu. NSH stwierdzi\u0142 te\u017c, \u017ce <a href=\"https:\/\/apps.powerapps.com\/play\/3aa72b2f-ee91-473f-833b-6f0085a13c18?tenantId=e1368d1e-3975-4ce6-893d-fc351fd44dcd&amp;source=portal&amp;screenColor=rgba(105%2C%20180%2C%2069%2C%201)&amp;ID=3207\">G\u0142\u00f3wna Kwatera mo\u017ce odwo\u0142a\u0107 uchwa\u0142\u0119 o 42. Zje\u017adzie Nadzwyczajnym ZHP.<\/a><\/p>\n","protected":false},"excerpt":{"rendered":"<p>W sobot\u0119 przed po\u0142udniem dowiedzieli\u015bmy si\u0119, \u017ce G\u0142\u00f3wna Kwatera zwo\u0142uje 42. Zjazd Nadzwyczajny ZHP. Zwi\u0105zek znalaz\u0142 si\u0119 w powa\u017cnym kryzysie. Wyja\u015bnijmy zatem, jak do tego dosz\u0142o i co wydarzy\u0142o si\u0119 przez weekend.<\/p>\n","protected":false},"author":152,"featured_media":0,"comment_status":"open","ping_status":"open","sticky":false,"template":"","format":"standard","meta":{"_acf_changed":false,"_exactmetrics_skip_tracking":false,"_exactmetrics_sitenote_active":false,"_exactmetrics_sitenote_note":"","_exactmetrics_sitenote_category":0,"footnotes":""},"categories":[201],"tags":[344,442,815],"class_list":["post-30615","post","type-post","status-publish","format-standard","hentry","category-wt","tag-glowna-kwatera","tag-rada-naczelna","tag-zjazd-zhp"],"acf":{"attached_posts":{"link_1":"https:\/\/natropie.zhp.pl\/index.php\/o-autorytetach\/","link_2":"https:\/\/natropie.zhp.pl\/index.php\/blask-zywicy\/","link_3":"https:\/\/natropie.zhp.pl\/index.php\/bedzie-glosno-i-barwnie\/"}},"_links":{"self":[{"href":"https:\/\/natropie.zhp.pl\/index.php\/wp-json\/wp\/v2\/posts\/30615","targetHints":{"allow":["GET"]}}],"collection":[{"href":"https:\/\/natropie.zhp.pl\/index.php\/wp-json\/wp\/v2\/posts"}],"about":[{"href":"https:\/\/natropie.zhp.pl\/index.php\/wp-json\/wp\/v2\/types\/post"}],"author":[{"embeddable":true,"href":"https:\/\/natropie.zhp.pl\/index.php\/wp-json\/wp\/v2\/users\/152"}],"replies":[{"embeddable":true,"href":"https:\/\/natropie.zhp.pl\/index.php\/wp-json\/wp\/v2\/comments?post=30615"}],"version-history":[{"count":10,"href":"https:\/\/natropie.zhp.pl\/index.php\/wp-json\/wp\/v2\/posts\/30615\/revisions"}],"predecessor-version":[{"id":30638,"href":"https:\/\/natropie.zhp.pl\/index.php\/wp-json\/wp\/v2\/posts\/30615\/revisions\/30638"}],"wp:attachment":[{"href":"https:\/\/natropie.zhp.pl\/index.php\/wp-json\/wp\/v2\/media?parent=30615"}],"wp:term":[{"taxonomy":"category","embeddable":true,"href":"https:\/\/natropie.zhp.pl\/index.php\/wp-json\/wp\/v2\/categories?post=30615"},{"taxonomy":"post_tag","embeddable":true,"href":"https:\/\/natropie.zhp.pl\/index.php\/wp-json\/wp\/v2\/tags?post=30615"}],"curies":[{"name":"wp","href":"https:\/\/api.w.org\/{rel}","templated":true}]}}