{"id":30836,"date":"2021-04-20T09:00:09","date_gmt":"2021-04-20T07:00:09","guid":{"rendered":"http:\/\/natropie.zhp.pl\/?p=30836"},"modified":"2021-04-19T22:37:08","modified_gmt":"2021-04-19T20:37:08","slug":"kurs-miejskiego-relaksu","status":"publish","type":"post","link":"https:\/\/natropie.zhp.pl\/index.php\/kurs-miejskiego-relaksu\/","title":{"rendered":"Kurs miejskiego relaksu\u00a0"},"content":{"rendered":"<p><b>Par\u0119 dni temu na skrzynk\u0119 mojej dru\u017cyny trafi\u0142o zaproszenie na Kurs Miejskiego Relaksu organizowany w ramach pozna\u0144skiego Festiwalu Malta. Okaza\u0142o si\u0119, \u017ce w sprawie maczali palce ludzie zwi\u0105zani z harcerstwem.\u00a0<\/b><\/p>\n<p><i>Cze\u015b\u0107,\u00a0 nazywam si\u0119 Zosia Ka\u0142u\u017cy\u0144ska. Tworz\u0119 i wyst\u0119puje pod pseudonimem wygibajtus. Na co dzie\u0144 chodz\u0119 do liceum plastycznego w Poznaniu. Robi\u0119 graffiti, kocham je\u017adzi\u0107 rowerem i przede wszystkim uwielbiam dzia\u0142a\u0107 spo\u0142ecznie. Aktualnie troch\u0119 porzuci\u0142am moje w\u0119drownicze \u017cycie, poniewa\u017c nat\u0142ok r\u00f3\u017cnych innych spraw skierowa\u0142 mnie w inne kierunki dzia\u0142a\u0144, mimo to \u015bmia\u0142o mog\u0119 powiedzie\u0107, \u017ce to w\u0142a\u015bnie harcerstwo mnie wychowa\u0142o &#8211; tam stawia\u0142am swoje pierwsze kroki jako dzia\u0142acz, organizator r\u00f3\u017cnych spo\u0142ecznych zada\u0144 oraz poznawa\u0142am uroki wsp\u00f3\u0142pracy w grupie, a tak\u017ce zawi\u0105za\u0142am \u015bwietne przyja\u017anie na lata. Razem z Paw\u0142em i Ani\u0105 z mojej dru\u017cyny pod skrzyd\u0142ami Festiwalu Malta stworzyli\u015bmy projekt zaanga\u017cowany spo\u0142ecznie. Dotyczy\u0142 wp\u0142ywu fast fashion na \u015bwiat, zmiany klimatu oraz jako\u015b\u0107 w\u00f3d na Ziemi. Od trzeciej gimnazjum stawia\u0142am swoje pierwsze kroki jako uczestnik\u00a0 w warsztatach <a href=\"https:\/\/malta-festival.pl\/pl?cal=2021-06\">Malta Festival Pozna\u0144<\/a>, dzi\u015b pisz\u0119 do ciebie jako koordynatorka jednego z projekt\u00f3w &#8211; <\/i>odpowiedzia\u0142a mi Zosia na pytanie, jaki jest jej udzia\u0142 w Kursie Miejskiego Relaksu i co \u0142\u0105czy j\u0105 z harcerstwem. To by\u0142 dopiero pocz\u0105tek naszej rozmowy.<\/p>\n<div id=\"attachment_30839\" style=\"width: 610px\" class=\"wp-caption alignnone\"><img loading=\"lazy\" decoding=\"async\" aria-describedby=\"caption-attachment-30839\" class=\"wp-image-30839 size-thumbnail\" src=\"https:\/\/natropie.zhp.pl\/wp-content\/uploads\/175067532_130367252350527_5095425550767862219_n-600x600.jpg\" alt=\"\" width=\"600\" height=\"600\" srcset=\"https:\/\/natropie.zhp.pl\/wp-content\/uploads\/175067532_130367252350527_5095425550767862219_n-600x600.jpg 600w, https:\/\/natropie.zhp.pl\/wp-content\/uploads\/175067532_130367252350527_5095425550767862219_n-300x300.jpg 300w, https:\/\/natropie.zhp.pl\/wp-content\/uploads\/175067532_130367252350527_5095425550767862219_n-1024x1024.jpg 1024w, https:\/\/natropie.zhp.pl\/wp-content\/uploads\/175067532_130367252350527_5095425550767862219_n-768x769.jpg 768w, https:\/\/natropie.zhp.pl\/wp-content\/uploads\/175067532_130367252350527_5095425550767862219_n.jpg 1200w\" sizes=\"auto, (max-width: 600px) 100vw, 600px\" \/><p id=\"caption-attachment-30839\" class=\"wp-caption-text\"><em>materia\u0142y prasowe, Malta Festival 2021<br \/><\/em><\/p><\/div>\n<p>&nbsp;<\/p>\n<p><b>Poznaniacy na pewno kojarz\u0105 Festiwal Malta, ale jak wyja\u015bni\u0142aby\u015b laikowi na czym on polega?<\/b><\/p>\n<p>Festiwal Malta to coroczne wydarzenie, kt\u00f3re odbywa si\u0119 na prze\u0142omie czerwca i lipca. Prezentowane s\u0105 na nim rozmaite formy sztuki, zaczynaj\u0105c od teatr\u00f3w plenerowych, przez spektakle filmowe i\u00a0 taneczne oraz warsztaty dla m\u0142odzie\u017cy, na formach eksperymentalnych ko\u0144cz\u0105c.<\/p>\n<p><b>Jak to si\u0119 sta\u0142o, \u017ce twoja droga skrzy\u017cowa\u0142a si\u0119 z Malta Festivalem?<\/b><\/p>\n<p>W trzeciej klasie gimnazjum us\u0142ysza\u0142am, \u017ce trwa nab\u00f3r do projektu o <i>piosenkopisaniu <\/i>z Karolin\u0105 Czarneck\u0105, aktork\u0105 i piosenkark\u0105. Razem z grup\u0105 projektow\u0105 rozpocz\u0119li\u015bmy prace nad stworzeniem repertuaru na koncert, odkrywali\u015bmy wsp\u00f3lnie muzyczne tajniki i na sam koniec zagrali\u015bmy koncert na pomniku Armii Pozna\u0144.<\/p>\n<blockquote><p>W tym roku wsp\u00f3\u0142tworz\u0119 Kurs Miejskiego Relaksu<\/p><\/blockquote>\n<p>To w\u0142a\u015bnie tam pozna\u0142am Agnieszk\u0119 R\u00f3\u017cy\u0144sk\u0105, z kt\u00f3r\u0105 w tym roku wsp\u00f3\u0142tworz\u0119 Kurs Miejskiego Relaksu. Rok po wspomnianym koncercie Agnieszka zadzwoni\u0142a do mnie z propozycj\u0105 wzi\u0119cia udzia\u0142u w kolejnym projekcie. Wtedy, dwa lata temu,\u00a0 razem przez ponad miesi\u0105c szyli\u015bmy str\u00f3j z u\u017cywanych jeans\u00f3w. Nasze dzia\u0142ania by\u0142y znakiem protestu wobec nieetycznej mody fast fashion. W przygotowanym stroju przeszli\u015bmy ulicami Poznania w formie taneczno-d\u017awi\u0119kowego performansu. Przy okazji opowiadali\u015bmy o tym, czym jest fast fashion i jaki jest jej wp\u0142yw na \u015brodowisko, ile wody potrzeba do produkcji takich ubra\u0144 oraz gdzie trafi\u0105 p\u00f3\u017aniej.<\/p>\n<p><b>Na czym polega wasz tegoroczny projekt?<\/b><\/p>\n<p>Nasz projekt to aktywizuj\u0105ce dzia\u0142ania dla m\u0142odych os\u00f3b &#8211; zapalonych aktywist\u00f3w, rysownik\u00f3w, tw\u00f3rc\u00f3w, poet\u00f3w, filmowc\u00f3w, kt\u00f3rzy maj\u0105 ju\u017c do\u015b\u0107 \u017cycia online i chc\u0105 dzia\u0142a\u0107 aktywnie. Przygotowali\u015bmy seri\u0119 spotka\u0144, zaplanowan\u0105 na maj i czerwiec, podczas kt\u00f3rych b\u0119dzie mo\u017cna uczestniczy\u0107 w warsztatach m.in. z hodowli ro\u015blin, pisania reporta\u017cy, kr\u0119cenia dokument\u00f3w. Dodatkowo chcemy pozna\u0107 spo\u0142eczno\u015b\u0107 pozna\u0144skiego ROD-os, czyli rodzinnych ogr\u00f3dk\u00f3w dzia\u0142owych, gdzie b\u0119d\u0105 odbywa\u0107 si\u0119 spotkania.<\/p>\n<p><b>Czego mo\u017cna si\u0119 spodziewa\u0107 po warsztatach?\u00a0<\/b><\/p>\n<p>Przede wszystkim kierujemy nasze dzia\u0142ania do m\u0142odych os\u00f3b, kt\u00f3re prze\u017cywaj\u0105 teraz rok szkolny online, brakuje im wi\u0119c ludzi wok\u00f3\u0142 siebie, brakuje im rzeczy, kt\u00f3re mog\u0105 zbada\u0107 i dotkn\u0105\u0107 w realu. Dlatego chcieliby\u015bmy osadzi\u0107 nasze dzia\u0142ania na ROD-os i spotka\u0107 si\u0119 twarz\u0105 w twarz, dbaj\u0105c przy tym o bezpiecze\u0144stwo i dostosowuj\u0105c form\u0119 spotka\u0144 do tego, jaka b\u0119dzie sytuacja epidemiczna w kraju. Zale\u017cy nam na budowaniu relacji mi\u0119dzy uczestnikami, kt\u00f3re utrzymaj\u0105 si\u0119 tak\u017ce po warsztatach i pomog\u0105 wzajemnie rozwin\u0105\u0107 skrzyd\u0142a. Zorganizujemy przestrze\u0144 warsztatow\u0105 z wielu zagadnie\u0144 kultury. Planujemy prze\u017cy\u0107 warsztaty filmowe i reporterskie, o kt\u00f3rych wspomnia\u0142am, ale te\u017c zaj\u0119cia z tworzenia reklam spo\u0142ecznych i zacie\u015bniania wi\u0119zi z natur\u0105. Wszystko b\u0119dzie przebiega\u0107 wed\u0142ug zasady zero waste i permakultury. Chcemy szerzy\u0107 wiedz\u0119 dotycz\u0105c\u0105 tych temat\u00f3w w\u015br\u00f3d uczestnik\u00f3w, ale tak\u017ce spo\u0142eczno\u015bci Rod-osu. Stworzymy miejsce do rozwoju zar\u00f3wno spo\u0142ecznego, jak i tw\u00f3rczo-artystycznego. Na koniec naszych dzia\u0142a\u0144 planujemy napisa\u0107 i z\u0142o\u017cy\u0107 tzw. zina artystycznego, czyli gazetk\u0119, w kt\u00f3rej opowiemy o tym, co stworzyli\u015bmy, czego si\u0119 nauczyli\u015bmy i co nam to da\u0142o. Damy tam upust naszym tw\u00f3rczym kreacj\u0105 i wizjom na miejski relaks.<\/p>\n<p><b>Czy to, co b\u0119dziecie robi\u0107 na Rod-os nie jest troch\u0119 s\u0142u\u017cb\u0105 na rzecz lokalnej spo\u0142eczno\u015bci? W harcerstwie tak by\u015bmy pewnie to nazwali.\u00a0<\/b><\/p>\n<p>Wydaje mi si\u0119, \u017ce je\u015bli spojrze\u0107 na to z harcerskiego punktu widzenia, to rzeczywi\u015bcie tak w\u0142a\u015bnie mo\u017cna to okre\u015bli\u0107. Nie ukrywam, \u017ce samo s\u0142owo s\u0142u\u017cba od zawsze kojarzy\u0142o mi si\u0119 z pewnego rodzaju obowi\u0105zkiem. Pod\u015bwiadomie czu\u0142am, \u017ce s\u0142u\u017cenie komu\u015b podnosi jedynie mnie na piedesta\u0142 chwa\u0142y, \u017ce tej drugiej osobie pomagam, bo ona nie ma czego\u015b, co mam ja. Wola\u0142abym to okre\u015bli\u0107 mianem dzielenia si\u0119 sob\u0105. Gdy dzia\u0142am, czuj\u0119 ochot\u0119 do podzielenia si\u0119 tym, co mam z ca\u0142ym \u015bwiatem, z drug\u0105 osob\u0105. Uwa\u017cam, \u017ce najwa\u017cniejsze jest to, aby obie strony wzajemnie od siebie czego\u015b si\u0119 uczy\u0142y, zacie\u015bni\u0142y wi\u0119zy w tym wyobcowanym z wra\u017cliwo\u015bci \u015bwiecie, poznawa\u0142y siebie nawzajem poprzez dzia\u0142anie. Na pewnych p\u0142aszczyznach mo\u017cna okre\u015bli\u0107 to bardziej mianem przys\u0142u\u017cenia si\u0119 lub inwestycji. Dzia\u0142aj\u0105c na Rod-os zainwestujemy w samych siebie, do\u015bwiadczymy drugiego cz\u0142owieka, prze\u017cyjemy nowe wspania\u0142e przygody i to w\u0142a\u015bnie\u00a0 przys\u0142u\u017cy si\u0119 nam, spo\u0142eczno\u015bci ROD-os oraz matce Ziemi.<\/p>\n<blockquote><p>Nie wk\u0142adam ju\u017c munduru, ale jest on dla mnie symbolem wspomnie\u0144, przebytych podr\u00f3\u017cy i do\u015bwiadcze\u0144 z minionych lat<\/p><\/blockquote>\n<p><b>Wspomina\u0142a\u015b, \u017ce twoje drogi z harcerstwem si\u0119 ju\u017c powoli rozchodz\u0105. To co robisz ju\u017c poza organizacj\u0105, ma jednak wiele wsp\u00f3lnych mianownik\u00f3w z w\u0119drownictwem. Tak o tym my\u015bl\u0119, patrz\u0105c na ciebie z boku. Zgadzasz si\u0119 z takim punktem widzenia?<\/b><\/p>\n<p>Tak, oczywi\u015bcie, \u017ce si\u0119 zgadzam! Mimo tego, \u017ce moje drogi z organizacj\u0105 si\u0119 troch\u0119 rozesz\u0142y, to ja ani przez moment nie przesta\u0142am czu\u0107 si\u0119 harcerk\u0105, tak jak wspomnia\u0142am wcze\u015bniej &#8211; harcerstwo mnie wychowa\u0142o. Nie wk\u0142adam ju\u017c munduru jako ubrania, jako przynale\u017cno\u015bci do pewnej spo\u0142eczno\u015bci, ale mundur jest dla mnie postaw\u0105, jak\u0105 przyjmuj\u0119, symbolem wspomnie\u0144, przebytych podr\u00f3\u017cy i do\u015bwiadcze\u0144 z minionych lat, kt\u00f3re da\u0142y mi narz\u0119dzia i mo\u017cliwo\u015bci do dzia\u0142a\u0144, kt\u00f3re prowadz\u0119 dzi\u015b. Brak mi sznura czy krzy\u017ca na piersi, jednak nosz\u0119 go nadal w sercu i kieruj\u0119 si\u0119 tymi warto\u015bciami, kt\u00f3rymi kierowa\u0142am si\u0119, gdy go nosi\u0142am. Ka\u017cdy dzie\u0144 w dzia\u0142aniu staje si\u0119 dla mnie nowym wyzwaniem pe\u0142nym rozwoju i rozmaitych pr\u00f3b. Dokonane czyny s\u0105 dla mnie, jak zdobyte stopnie. Cz\u0142owiek, kt\u00f3ry by\u0142 harcerzem, pozostanie harcerzem, bo harcerstwo to niesamowita przygoda kt\u00f3ra trwa nieprzerwanie w sercu ka\u017cdego z nas nawet je\u015bli nasze drogi kiedy\u015b si\u0119 rozejd\u0105.<\/p>\n<p><iframe loading=\"lazy\" style=\"border: none; overflow: hidden;\" src=\"https:\/\/www.facebook.com\/plugins\/post.php?href=https%3A%2F%2Fwww.facebook.com%2Fmaltafestivalpoznan%2Fposts%2F4379873212042475&amp;width=500&amp;show_text=true&amp;height=596&amp;appId\" width=\"500\" height=\"596\" frameborder=\"0\" scrolling=\"no\" allowfullscreen=\"allowfullscreen\"><\/iframe><\/p>\n","protected":false},"excerpt":{"rendered":"<p>Par\u0119 dni temu na skrzynk\u0119 mojej dru\u017cyny trafi\u0142o zaproszenie na Kurs Miejskiego Relaksu organizowany w ramach pozna\u0144skiego Festiwalu Malta. Okaza\u0142o si\u0119, \u017ce w sprawie maczali palce ludzie zwi\u0105zani z harcerstwem.\u00a0<\/p>\n","protected":false},"author":152,"featured_media":0,"comment_status":"open","ping_status":"open","sticky":false,"template":"","format":"standard","meta":{"_acf_changed":false,"_exactmetrics_skip_tracking":false,"_exactmetrics_sitenote_active":false,"_exactmetrics_sitenote_note":"","_exactmetrics_sitenote_category":0,"footnotes":""},"categories":[199],"tags":[],"class_list":["post-30836","post","type-post","status-publish","format-standard","hentry","category-ntk"],"acf":{"attached_posts":{"link_1":"https:\/\/natropie.zhp.pl\/index.php\/sim-wiadomo-co-dalej\/","link_2":"https:\/\/natropie.zhp.pl\/index.php\/rywalizacja-w-umysle\/","link_3":"https:\/\/natropie.zhp.pl\/index.php\/pobierz-aplikacje-na-tropie\/"}},"_links":{"self":[{"href":"https:\/\/natropie.zhp.pl\/index.php\/wp-json\/wp\/v2\/posts\/30836","targetHints":{"allow":["GET"]}}],"collection":[{"href":"https:\/\/natropie.zhp.pl\/index.php\/wp-json\/wp\/v2\/posts"}],"about":[{"href":"https:\/\/natropie.zhp.pl\/index.php\/wp-json\/wp\/v2\/types\/post"}],"author":[{"embeddable":true,"href":"https:\/\/natropie.zhp.pl\/index.php\/wp-json\/wp\/v2\/users\/152"}],"replies":[{"embeddable":true,"href":"https:\/\/natropie.zhp.pl\/index.php\/wp-json\/wp\/v2\/comments?post=30836"}],"version-history":[{"count":4,"href":"https:\/\/natropie.zhp.pl\/index.php\/wp-json\/wp\/v2\/posts\/30836\/revisions"}],"predecessor-version":[{"id":30841,"href":"https:\/\/natropie.zhp.pl\/index.php\/wp-json\/wp\/v2\/posts\/30836\/revisions\/30841"}],"wp:attachment":[{"href":"https:\/\/natropie.zhp.pl\/index.php\/wp-json\/wp\/v2\/media?parent=30836"}],"wp:term":[{"taxonomy":"category","embeddable":true,"href":"https:\/\/natropie.zhp.pl\/index.php\/wp-json\/wp\/v2\/categories?post=30836"},{"taxonomy":"post_tag","embeddable":true,"href":"https:\/\/natropie.zhp.pl\/index.php\/wp-json\/wp\/v2\/tags?post=30836"}],"curies":[{"name":"wp","href":"https:\/\/api.w.org\/{rel}","templated":true}]}}