{"id":31467,"date":"2022-06-11T16:01:38","date_gmt":"2022-06-11T14:01:38","guid":{"rendered":"http:\/\/natropie.zhp.pl\/?p=31467"},"modified":"2022-06-10T22:14:40","modified_gmt":"2022-06-10T20:14:40","slug":"powrot-do-korzeni-2","status":"publish","type":"post","link":"https:\/\/natropie.zhp.pl\/index.php\/powrot-do-korzeni-2\/","title":{"rendered":"Powr\u00f3t do korzeni"},"content":{"rendered":"<p><b>Zawsze, gdy mamy w ZHP w\u0105tpliwo\u015bci, m\u00f3wimy o powrocie do korzeni, bo tam jest ta czysta IDEA, na kt\u00f3rej si\u0119 opieramy. Tak by\u0142o i w moim przypadku, gdy nam\u00f3wi\u0142am ich na podr\u00f3\u017c \u015bladami Olgi Ma\u0142kowskiej.<\/b><\/p>\n<p>Wszyscy, kt\u00f3rzy znaj\u0105 mnie bli\u017cej, wiedz\u0105, \u017ce jestem psychofank\u0105 Olgi Ma\u0142kowskiej. Przez wiele lat dzia\u0142a\u0142am w dru\u017cynie jej imienia &#8211; w\u0142\u0105czy\u0142am si\u0119 we wznowienie sprawno\u015bci z ni\u0105 zwi\u0105zanej, na swoim Zobowi\u0105zaniu Instruktorskim otrzyma\u0142am pami\u0105tkowe czerwone korale (tak jak ona w dniu \u015blubu) czy jej cytaty, a nawet w tatua\u017cu mam symbol ni\u0105 inspirowany! Raz uda\u0142o mi si\u0119 odwiedzi\u0107 Zakopane i jej gr\u00f3b &#8211; w ramach K\u0105pieli Metodycznej, organizowanej przez Ruch Programowo-Metodyczny <em>R\u0119ka Metody<\/em>. Wtedy postanowi\u0142am sobie jedno &#8211; wr\u00f3c\u0119 i zrobi\u0119 to lepiej.<\/p>\n<h3><em><b>Przed wyruszeniem w drog\u0119 nale\u017cy zebra\u0107 dru\u017cyn\u0119<\/b><\/em><\/h3>\n<p>Nasza wyprawa by\u0142a jednym z zada\u0144 w ramach realizacji Znaku s\u0142u\u017cby pami\u0119ci, kt\u00f3ry planowali\u015bmy i realizowali\u015bmy jeszcze przed oficjalnym pojawieniem si\u0119 trop\u00f3w. Zesp\u00f3\u0142, kt\u00f3ry wraz ze mn\u0105 go realizowa\u0142, pochodzi z jednego hufca, ale r\u00f3\u017cnych szczep\u00f3w. M\u00f3j przyjaciel Jaromir \u2013 jest by\u0142ym dru\u017cynowym 74 PDH <em>Eskapada<\/em> im. Janusza Korczaka w II SzDHiZ, jego mama \u2013 druhna Gosia, dzia\u0142a w hufcowej Komisji Stopni Instruktorskich. Do tego dochodz\u0119 ja \u2013 przewodnicz\u0105ca Komisji Historycznej Hufca i cz\u0142onek V SzDHiZ. W naszej pr\u00f3bie by\u0142y wi\u0119c punkty dotycz\u0105ce 74 PDH, poniewa\u017c w tym roku obchodzi ona swoje urodziny, pojawi\u0142a si\u0119 propozycja stworzenia poradnik\u00f3w dla dru\u017cynowych o pracy z histori\u0105 i bohaterem jednostki. W ko\u0144cu jest te\u017c propozycja wyprawy \u015bladami Olgi Ma\u0142kowskiej i\u2026 Jana Kasprowicza, patrona naszego hufca. Co ich \u0142\u0105czy? Jedno konkretne miejsce, a jest nim Zakopane i okolice. Z naszych napi\u0119tych kalendarzy wywnioskowali\u015bmy, \u017ce jedyny pasuj\u0105cy nam termin to d\u0142ugi weekend majowy. Maj\u00f3wka po harcersku? Ale\u017c owszem, czemu nie!<\/p>\n<p><img loading=\"lazy\" decoding=\"async\" class=\"alignnone size-large wp-image-31470\" src=\"https:\/\/natropie.zhp.pl\/wp-content\/uploads\/Przy-ul.-Olgi-Malkowskiej-w-Sromowcach-Wyznych-769x1024.jpg\" alt=\"\" width=\"769\" height=\"1024\" srcset=\"https:\/\/natropie.zhp.pl\/wp-content\/uploads\/Przy-ul.-Olgi-Malkowskiej-w-Sromowcach-Wyznych-769x1024.jpg 769w, https:\/\/natropie.zhp.pl\/wp-content\/uploads\/Przy-ul.-Olgi-Malkowskiej-w-Sromowcach-Wyznych-225x300.jpg 225w, https:\/\/natropie.zhp.pl\/wp-content\/uploads\/Przy-ul.-Olgi-Malkowskiej-w-Sromowcach-Wyznych-451x600.jpg 451w, https:\/\/natropie.zhp.pl\/wp-content\/uploads\/Przy-ul.-Olgi-Malkowskiej-w-Sromowcach-Wyznych-768x1023.jpg 768w, https:\/\/natropie.zhp.pl\/wp-content\/uploads\/Przy-ul.-Olgi-Malkowskiej-w-Sromowcach-Wyznych-1154x1536.jpg 1154w, https:\/\/natropie.zhp.pl\/wp-content\/uploads\/Przy-ul.-Olgi-Malkowskiej-w-Sromowcach-Wyznych.jpg 1538w\" sizes=\"auto, (max-width: 769px) 100vw, 769px\" \/><\/p>\n<h3><b>Dlaczego Zakopane?<\/b><\/h3>\n<p>Mo\u017cna sobie zada\u0107 pytanie, dlaczego to akurat Zakopane sta\u0142o si\u0119 miejscem tak mocno zwi\u0105zanym z Ma\u0142kowskimi, a w szczeg\u00f3lno\u015bci z Olg\u0105 Ma\u0142kowsk\u0105. W pierwszej kolejno\u015bci Olga pojawi\u0142a si\u0119 w Zakopanem jeszcze jako narzeczona Andrzeja, w 1913 roku. Miasto to znane by\u0142o ze swoich leczniczych w\u0142a\u015bciwo\u015bci, a Olga dosy\u0107 mocno chorowa\u0142a. Szybko jednak okaza\u0142o si\u0119, \u017ce miejsce to stanie si\u0119 dla niej wyj\u0105tkowe. To w\u0142a\u015bnie tutaj po\u015blubi\u0142a Andrzeja \u2013 oboje do \u015blubu poszli w mundurach, za\u015b ona za\u0142o\u017cy\u0142a dodatkowo czerwone korale, kt\u00f3re otrzyma\u0142a w prezencie od krewnej narzeczonego. \u015alubu udzieli\u0142 im sam ks. Kazimierz Lutos\u0142awski &#8211; ten sam, kt\u00f3ry zaprojektowa\u0142 Krzy\u017c Harcerski. Olga maj\u0105c ju\u017c do\u015bwiadczenie jako dru\u017cynowa z lat, kt\u00f3re sp\u0119dzi\u0142a we Lwowie, za\u0142o\u017cy\u0142a w tym miejscu dru\u017cyn\u0119 harcerek, za\u015b kiedy Andrzej wyjecha\u0142 na front I wojny \u015bwiatowej, pokierowa\u0142a r\u00f3wnie\u017c dru\u017cyn\u0105 m\u0119sk\u0105. Momentalnie w\u0142\u0105czy\u0142a si\u0119 r\u00f3wnie\u017c w prac\u0119 spo\u0142eczn\u0105 &#8211; wraz ze skautami polskimi prowadzi\u0142a sk\u0142ady broni, ochronk\u0119 dla dzieci, tani\u0105 jad\u0142odajnie. Po wykryciu tych magazyn\u00f3w, wraz z Andrzejem uciek\u0142a za granic\u0119. Z tego okresu ich \u017cycia, nie zachowa\u0142o si\u0119 zbyt du\u017co pami\u0105tek. Jednym z nich jest znane powszechnie zdj\u0119cie \u015blubne.<\/p>\n<h3><b>Nowy pocz\u0105tek&#8230; w Pieninach<\/b><\/h3>\n<blockquote><p>O\u015brodek <em>Orle Gniazdo <\/em>mo\u017cna zwiedzi\u0107 po uprzedniej pro\u015bbie<\/p><\/blockquote>\n<p>Gdy Olga powr\u00f3ci\u0142a z przymusowej emigracji wraz z synem do Polski, jej m\u0105\u017c od 2 lat nie \u017cy\u0142. Zgin\u0105\u0142 w katastrofie morskiej wracaj\u0105c do niepodleg\u0142ej ojczyzny. Pocz\u0105tkowo osiad\u0142a ponownie w Zakopanem, jednak zdawa\u0142o jej si\u0119 jakie\u015b obce. W 1925 roku podj\u0119\u0142a decyzj\u0119 o przeprowadzce w Pieniny, do ma\u0142ej wsi Sromowce Wy\u017cne. To w\u0142a\u015bnie tam za\u0142o\u017cy\u0142a znan\u0105 Szko\u0142\u0119 Pracy Instruktorskiej i Pracy Harcerskiej, znan\u0105 jako <em>Cisowy dworek<\/em>, kszta\u0142c\u0105c tam, a\u017c do wybuchu II wojny \u015bwiatowej, kolejne pokolenia instruktorek. Ponadto rozbudowywa\u0142a o\u015brodek. Obecnie znajduje si\u0119 tam O\u015brodek Wypoczynkowy <em>Orle Gniazdo<\/em>, kt\u00f3ry mo\u017cna zwiedzi\u0107, po uprzedniej pro\u015bbie. Mie\u015bci si\u0119 on m.in. przy&#8230; ul. Olgi Ma\u0142kowskiej.<\/p>\n<h3><b>Spokojna emerytura<\/b><\/h3>\n<p>W czasie II wojny \u015bwiatowej i wiele lat po niej, Olga za namow\u0105 syna, przebywa\u0142a na emigracji w Anglii. Oczywi\u015bcie i tam nie pr\u00f3\u017cnowa\u0142a, udzielaj\u0105c si\u0119 spo\u0142ecznie i wspomagaj\u0105c w rozwoju polonijne dru\u017cyny skautowe. Do Polski wr\u00f3ci\u0142a w 1961 roku, a 3 lata p\u00f3\u017aniej osiad\u0142a ostatecznie w Zakopanem, przy ul. Ma\u0142e \u017bywcza\u0144skie 17a. Niestety, jej dom nie zachowa\u0142 si\u0119 do czas\u00f3w wsp\u00f3\u0142czesnych, jednak my postanowili\u015bmy odwiedzi\u0107 ten adres. Tam Olga pozosta\u0142a, a\u017c do swojej \u015bmierci, przyjmuj\u0105c harcerki, opowiadaj\u0105c histori\u0119 swojego \u017cycia i spotykaj\u0105c si\u0119 z synem i wnuczk\u0105, je\u017celi ci akurat byli w kraju. Olga Ma\u0142kowska zmar\u0142a 15 stycznia 1979 roku, dok\u0142adnie w 60 rocznic\u0119 \u015bmierci Andrzeja. Jej cia\u0142o spocz\u0119\u0142o na Nowym Cmentarzu w Zakopanem. Zgodnie z ostatni\u0105 wol\u0105, zosta\u0142a pochowana w mundurze harcerskim. Miejsce jej poch\u00f3wku sta\u0142o si\u0119 r\u00f3wnie\u017c symbolicznym grobem Andrzeja.<\/p>\n<p><img loading=\"lazy\" decoding=\"async\" class=\"alignnone size-large wp-image-31468\" src=\"https:\/\/natropie.zhp.pl\/wp-content\/uploads\/Grob-Olgi-i-Andrzeja-Malkowskich-w-Zakopanem-768x1024.jpg\" alt=\"\" width=\"768\" height=\"1024\" srcset=\"https:\/\/natropie.zhp.pl\/wp-content\/uploads\/Grob-Olgi-i-Andrzeja-Malkowskich-w-Zakopanem-768x1024.jpg 768w, https:\/\/natropie.zhp.pl\/wp-content\/uploads\/Grob-Olgi-i-Andrzeja-Malkowskich-w-Zakopanem-225x300.jpg 225w, https:\/\/natropie.zhp.pl\/wp-content\/uploads\/Grob-Olgi-i-Andrzeja-Malkowskich-w-Zakopanem-450x600.jpg 450w, https:\/\/natropie.zhp.pl\/wp-content\/uploads\/Grob-Olgi-i-Andrzeja-Malkowskich-w-Zakopanem-1152x1536.jpg 1152w, https:\/\/natropie.zhp.pl\/wp-content\/uploads\/Grob-Olgi-i-Andrzeja-Malkowskich-w-Zakopanem.jpg 1536w\" sizes=\"auto, (max-width: 768px) 100vw, 768px\" \/><\/p>\n<p>W Zakopanem dzia\u0142a ponadto Muzeum im. Olgi i Andrzeja Ma\u0142kowskich. Jest to ma\u0142e, dwuizbowe pomieszczenie w Centrum Kultury <em>Czerwony Dw\u00f3r<\/em>. Ilo\u015b\u0107 pami\u0105tek osobistych Olgi jest niesamowita, a druh, kt\u00f3ry si\u0119 miejscem opiekuje, w przeci\u0105gu godziny zabierze was w podr\u00f3\u017c w czasie. Gwarantuje. Szczeg\u00f3lnie warto zwr\u00f3ci\u0107 uwag\u0119 na kubrak podhala\u0144ski, kt\u00f3ry Olga otrzyma\u0142a w prezencie, i w kt\u00f3rym urz\u0119dowa\u0142a w Sromowcach Wy\u017cnych. Jest czerwony, a taki mogli mie\u0107 tylko przyw\u00f3dcy. Niew\u0105tpliwie, mo\u017cna si\u0119 zgodzi\u0107 z tym, \u017ce Olga przewodzi\u0142a i nadal przewodzi wieloma pokoleniami harcerzy.<\/p>\n<p><img loading=\"lazy\" decoding=\"async\" class=\"alignnone size-large wp-image-31469\" src=\"https:\/\/natropie.zhp.pl\/wp-content\/uploads\/Pamiatki-w-Muzuem-Olgi-i-Andrzeja-Malkowskich-w-Zakopanem-768x1024.jpg\" alt=\"\" width=\"768\" height=\"1024\" srcset=\"https:\/\/natropie.zhp.pl\/wp-content\/uploads\/Pamiatki-w-Muzuem-Olgi-i-Andrzeja-Malkowskich-w-Zakopanem-768x1024.jpg 768w, https:\/\/natropie.zhp.pl\/wp-content\/uploads\/Pamiatki-w-Muzuem-Olgi-i-Andrzeja-Malkowskich-w-Zakopanem-225x300.jpg 225w, https:\/\/natropie.zhp.pl\/wp-content\/uploads\/Pamiatki-w-Muzuem-Olgi-i-Andrzeja-Malkowskich-w-Zakopanem-450x600.jpg 450w, https:\/\/natropie.zhp.pl\/wp-content\/uploads\/Pamiatki-w-Muzuem-Olgi-i-Andrzeja-Malkowskich-w-Zakopanem-1152x1536.jpg 1152w, https:\/\/natropie.zhp.pl\/wp-content\/uploads\/Pamiatki-w-Muzuem-Olgi-i-Andrzeja-Malkowskich-w-Zakopanem.jpg 1536w\" sizes=\"auto, (max-width: 768px) 100vw, 768px\" \/><\/p>\n<h3><b>No dobrze, ale co z tego wynie\u015bli\u015bmy?<\/b><\/h3>\n<blockquote><p>Jest to o wiele g\u0142\u0119bsze doznanie ni\u017c czytanie pism Olgi Ma\u0142kowskiej czy jej biografii<\/p><\/blockquote>\n<p>Tak jak wspomnia\u0142am &#8211; jestem psychofank\u0105 Olgi Ma\u0142kowskiej. Osobi\u015bcie mam w planach odwiedzi\u0107 te\u017c inne miejsca z ni\u0105 zwi\u0105zane. Jednak moi towarzysze, kt\u00f3rzy a\u017c tak\u0105 mi\u0142o\u015bci\u0105 jej nie darz\u0105, przyznaj\u0105, \u017ce by\u0142a to pouczaj\u0105ca podr\u00f3\u017c. Inaczej prze\u017cywa si\u0119 \u017cyciorys danej osoby, mog\u0105c dotkn\u0105\u0107 jej pami\u0105tek czy zobaczy\u0107 na \u017cywo miejsca, w kt\u00f3rych przebywa\u0142a. Jest to o wiele g\u0142\u0119bsze doznanie ni\u017c czytanie jej pism czy biografii. \u015awiadomo\u015b\u0107 tego, \u017ce znajdowali\u015bmy si\u0119 w miejscach, w kt\u00f3rych na przestrzeni ostatnich stu lat przebywa\u0142a co jaki\u015b czas krzewicielka skautingu na ziemiach polskich, da\u0142o nam poczucie, \u017ce w gruncie rzeczy nasza IDEA jest czym\u015b sta\u0142ym. Czym\u015b co warto jest piel\u0119gnowa\u0107.<\/p>\n<p>&nbsp;<\/p>\n","protected":false},"excerpt":{"rendered":"<p>Zawsze, gdy mamy w ZHP w\u0105tpliwo\u015bci, m\u00f3wimy o powrocie do korzeni, bo tam jest ta czysta IDEA, na kt\u00f3rej si\u0119 opieramy. Tak by\u0142o i w moim przypadku, gdy nam\u00f3wi\u0142am ich na podr\u00f3\u017c \u015bladami Olgi Ma\u0142kowskiej.<\/p>\n","protected":false},"author":152,"featured_media":0,"comment_status":"open","ping_status":"open","sticky":false,"template":"","format":"standard","meta":{"_acf_changed":false,"_exactmetrics_skip_tracking":false,"_exactmetrics_sitenote_active":false,"_exactmetrics_sitenote_note":"","_exactmetrics_sitenote_category":0,"footnotes":""},"categories":[320],"tags":[1134],"class_list":["post-31467","post","type-post","status-publish","format-standard","hentry","category-wws","tag-olga-drahonowska-malkowska"],"acf":{"attached_posts":{"link_1":"https:\/\/natropie.zhp.pl\/index.php\/mundur-z-lumpa\/","link_2":"https:\/\/natropie.zhp.pl\/index.php\/jak-uczy-sie-mozg\/","link_3":"https:\/\/natropie.zhp.pl\/index.php\/pobierz-aplikacje-na-tropie\/"}},"_links":{"self":[{"href":"https:\/\/natropie.zhp.pl\/index.php\/wp-json\/wp\/v2\/posts\/31467","targetHints":{"allow":["GET"]}}],"collection":[{"href":"https:\/\/natropie.zhp.pl\/index.php\/wp-json\/wp\/v2\/posts"}],"about":[{"href":"https:\/\/natropie.zhp.pl\/index.php\/wp-json\/wp\/v2\/types\/post"}],"author":[{"embeddable":true,"href":"https:\/\/natropie.zhp.pl\/index.php\/wp-json\/wp\/v2\/users\/152"}],"replies":[{"embeddable":true,"href":"https:\/\/natropie.zhp.pl\/index.php\/wp-json\/wp\/v2\/comments?post=31467"}],"version-history":[{"count":2,"href":"https:\/\/natropie.zhp.pl\/index.php\/wp-json\/wp\/v2\/posts\/31467\/revisions"}],"predecessor-version":[{"id":31473,"href":"https:\/\/natropie.zhp.pl\/index.php\/wp-json\/wp\/v2\/posts\/31467\/revisions\/31473"}],"wp:attachment":[{"href":"https:\/\/natropie.zhp.pl\/index.php\/wp-json\/wp\/v2\/media?parent=31467"}],"wp:term":[{"taxonomy":"category","embeddable":true,"href":"https:\/\/natropie.zhp.pl\/index.php\/wp-json\/wp\/v2\/categories?post=31467"},{"taxonomy":"post_tag","embeddable":true,"href":"https:\/\/natropie.zhp.pl\/index.php\/wp-json\/wp\/v2\/tags?post=31467"}],"curies":[{"name":"wp","href":"https:\/\/api.w.org\/{rel}","templated":true}]}}