{"id":31582,"date":"2022-09-18T12:13:05","date_gmt":"2022-09-18T10:13:05","guid":{"rendered":"http:\/\/natropie.zhp.pl\/?p=31582"},"modified":"2022-09-21T21:54:13","modified_gmt":"2022-09-21T19:54:13","slug":"wedrownicza-watra-na-wodzie","status":"publish","type":"post","link":"https:\/\/natropie.zhp.pl\/index.php\/wedrownicza-watra-na-wodzie\/","title":{"rendered":"W\u0119drownicza Watra na wodzie"},"content":{"rendered":"<p><strong>W\u0119drownicza Watra 2023 odb\u0119dzie si\u0119 w Chor\u0105gwi Gda\u0144skiej, a du\u017ca cz\u0119\u015b\u0107 programu b\u0119dzie na wodzie. To j\u0105 ma wyr\u00f3\u017cni\u0107. Poznajcie pomys\u0142 na nast\u0119pn\u0105 Watr\u0119 i dowiedzcie si\u0119, kiedy trzeba si\u0119 zg\u0142osi\u0107.<\/strong><\/p>\n<p>Podczas zako\u0144czenia najwi\u0119kszego zlotu w\u0119drowniczego w tym roku poznali\u015bmy komendantk\u0119 W\u0119drowniczej Watry 2023 phm. Roksan\u0119 Szpar\u0119, kt\u00f3ra jest jednocze\u015bnie kierownicz\u0105 Referatu W\u0119drowniczego Chor\u0105gwi Gda\u0144skiej. Z metodyk\u0105 w\u0119drownicz\u0105 jest zwi\u0105zana od pi\u0119ciu lat, a organizacja Watry to jedno z zada\u0144 jej pr\u00f3by harcmistrzowskiej. Jak sama nam powiedzia\u0142a \u2013 zawsze chcia\u0142a czego\u015b wi\u0119cej.<\/p>\n<p><img loading=\"lazy\" decoding=\"async\" class=\"alignnone wp-image-31583 size-thumbnail\" src=\"https:\/\/natropie.zhp.pl\/wp-content\/uploads\/roksana-ww23-600x600.jpeg\" alt=\"\" width=\"600\" height=\"600\" srcset=\"https:\/\/natropie.zhp.pl\/wp-content\/uploads\/roksana-ww23-600x600.jpeg 600w, https:\/\/natropie.zhp.pl\/wp-content\/uploads\/roksana-ww23-300x300.jpeg 300w, https:\/\/natropie.zhp.pl\/wp-content\/uploads\/roksana-ww23-1024x1024.jpeg 1024w, https:\/\/natropie.zhp.pl\/wp-content\/uploads\/roksana-ww23-768x768.jpeg 768w, https:\/\/natropie.zhp.pl\/wp-content\/uploads\/roksana-ww23-1536x1536.jpeg 1536w, https:\/\/natropie.zhp.pl\/wp-content\/uploads\/roksana-ww23-2048x2048.jpeg 2048w\" sizes=\"auto, (max-width: 600px) 100vw, 600px\" \/><\/p>\n<p><strong>Rozmawiamy oko\u0142o dwa tygodnie po rozpocz\u0119ciu roku harcerskiego. Jak wygl\u0105daj\u0105 Twoje plany na ten rok?<\/strong><\/p>\n<p>Moje plany na ten rok to przede wszystkim dzia\u0142anie w Referacie W\u0119drowniczym Chor\u0105gwi Gda\u0144skiej oraz &#8211; oczywi\u015bcie &#8211; organizacja W\u0119drowniczej Watry 2023. Aktualnie nie mam wi\u0119cej funkcji, co nie znaczy, \u017ce harmonogram pracy i spotka\u0144 nie jest napi\u0119ty. Jest tego sporo, ale odnajduj\u0119 si\u0119 w tym.<\/p>\n<p>Ka\u017cdy z cz\u0142onk\u00f3w referatu jest zaanga\u017cowany w W\u0119drownicz\u0105 Watr\u0119, wi\u0119c bardzo si\u0119 ciesz\u0119, \u017ce podczas pisania planu pracy zdecydowali\u015bmy si\u0119, mimo wszystko, na organizacj\u0119 naszych obrz\u0119dowych wydarze\u0144, czyli JOTT (Zlot W\u0119drownik\u00f3w Chor\u0105gwi Gda\u0144skiej) czy te\u017c noworoczna w\u0119dr\u00f3wka lider\u00f3w w\u0119drowniczych. Z niczego nie rezygnujemy, ale przede wszystkim skupiamy si\u0119 na Watrze, \u017ceby ona nam fajnie wysz\u0142a. Czeka nas troch\u0119 pracy.<\/p>\n<p><strong>Czyli wszyscy z referatu organizuj\u0105 W\u0119drownicz\u0105 Watr\u0119 2023?<\/strong><\/p>\n<p>Tak, jak najbardziej. Wszyscy poza jedn\u0105 osob\u0105 s\u0105 w oficjalnej komendzie Watry. To nie znaczy, \u017ce ta jedna osoba nie b\u0119dzie pracowa\u0107 przy Watrze, poniewa\u017c wprowadzili\u015bmy ciekaw\u0105 struktur\u0119 zespo\u0142u.<\/p>\n<p>Ka\u017cdy w komendzie ma swojego zast\u0119pc\u0119 \u2013 <em>doppelgangera<\/em>. To jest osoba, kt\u00f3ra zajmuje si\u0119 dok\u0142adnie tym samym i jest na r\u00f3wni swojego szefa, cz\u0142onka komendy Watry. Mo\u017cna powiedzie\u0107, \u017ce pracujemy w parach. Na przyk\u0142ad szef programu ma swojego <em>doppelgangera<\/em>, kt\u00f3ry wie tyle samo, co szef i mo\u017ce podejmowa\u0107 tak samo wi\u0105\u017c\u0105ce decyzje.<\/p>\n<p>Dzi\u0119ki temu mog\u0119 powiedzie\u0107, \u017ce ca\u0142y referat pracuje przy Watrze.<\/p>\n<p><strong>Ile jest os\u00f3b w komendzie?<\/strong><\/p>\n<blockquote><p>Ka\u017cda osoba ma swojego zast\u0119pc\u0119 \u2013 <em>doppelgangera<\/em> \u2013 maj\u0105cego tyle samo zaufania i obowi\u0105zk\u00f3w<\/p><\/blockquote>\n<p>W sk\u0142ad komendy wchodz\u0105 cz\u0142onkowie referatu i instruktorzy chor\u0105gwi gda\u0144skiej \u2013 w sumie 10 os\u00f3b. To jest sporo, a do tego ka\u017cda z tych dziesi\u0119ciu os\u00f3b ma swojego zast\u0119pc\u0119 \u2013 <em>doppelgangera<\/em> \u2013 maj\u0105cego tyle samo zaufania i obowi\u0105zk\u00f3w. Nie mogli\u015bmy uwzgl\u0119dni\u0107 w rozkazie, \u017ce to s\u0105 nasi zast\u0119pcy. Natomiast traktujemy ich jak komend\u0119. To ma plus, bo na spotkaniach zawsze kto\u015b jest i zawsze mo\u017ce podj\u0105\u0107 decyzj\u0119. Ju\u017c widz\u0119 po kilku miesi\u0105cach pracy, \u017ce to jest super.<\/p>\n<p><strong>To ja jeszcze podr\u0105\u017c\u0119 ten temat. Czy Ty masz swojego <em>doppelgangera<\/em> i czy nie boisz si\u0119 jakich\u015b\u00a0nieporozumie\u0144 w zespole, gdy zast\u0119pca podejmie decyzj\u0119, kt\u00f3ra nie spodoba si\u0119 szefowi?<\/strong><\/p>\n<p>Odpowiadaj\u0105c na pierwsze pytanie \u2013 tak, jest nim Korek (Karolina Kornas-Bojaronus &#8211; przyp. red.). To akurat sformalizowali\u015bmy, wpisuj\u0105c j\u0105 jako zast\u0119pczyni\u0119 komendantki. Mamy taki podzia\u0142, \u017ce teraz gdy ja mam wi\u0119cej czasu, bior\u0119 na siebie wi\u0119cej zada\u0144, a gdy b\u0119d\u0119 ko\u0144czy\u0107 studia, to Karolina b\u0119dzie mnie bardziej wspiera\u0107 i podejmowa\u0107 decyzje.<\/p>\n<p>Je\u015bli chodzi o k\u0142\u00f3tnie i nieporozumienia, to wiem, \u017ce pierwszy raz pracujemy takim systemem. Jednak na razie mog\u0119 powiedzie\u0107, \u017ce on si\u0119 sprawdza i nie ma nieporozumie\u0144. Gdy zak\u0142adali\u015bmy sobie, \u017ce tak b\u0119dziemy pracowa\u0107, dobrali\u015bmy zaufane osoby \u2013 przyjaci\u00f3\u0142. Nie wszyscy zast\u0119pcy s\u0105 metodykami w\u0119drowniczymi, ale s\u0105 naprawd\u0119 blisko szefa. Dlatego ryzyko nieporozumie\u0144 jest do\u015b\u0107 niskie.<\/p>\n<p>Sama nigdy wcze\u015bniej tak nie pracowa\u0142am i my\u015bl\u0119, \u017ce po zako\u0144czeniu W\u0119drowniczej Watry 2023 b\u0119d\u0119 mog\u0142a zdradzi\u0107, czy to si\u0119 sprawdzi\u0142o. Ch\u0119tnie opowiem, bo to jest bardzo ciekawa koncepcja i ju\u017c kilku metodyk\u00f3w w\u0119drowniczych pyta\u0142o mnie o ten system.<\/p>\n<p><strong>Jak b\u0119dzie wygl\u0105da\u0107 Watra? I mam na my\u015bli nie tylko zlot w sierpniu, ale te\u017c ca\u0142oroczn\u0105 propozycj\u0119 dla dru\u017cyn, jak\u0105 jest W\u0119drownicza Watra. <\/strong><\/p>\n<p>Faktycznie to si\u0119 ju\u017c dzieje.<\/p>\n<p>Je\u015bli chodzi o prac\u0119 \u015br\u00f3droczn\u0105, to naszym asem w r\u0119kawie jest Czekoladowa Propozycja Programowa, kt\u00f3r\u0105 dru\u017cyny b\u0119d\u0105 mog\u0142y realizowa\u0107 w ramach pracy \u015br\u00f3drocznej i przygotowa\u0144 do W\u0119drowniczej Watry. Jest to niezwyk\u0142y zbi\u00f3r sze\u015bciu konspekt\u00f3w sk\u0142adaj\u0105cych si\u0119 w histori\u0119 przenosz\u0105c\u0105 nas do 1755 roku do Gda\u0144ska, kt\u00f3ry jak wszyscy wiemy le\u017cy nad Morzem Ba\u0142tyckim, a to umo\u017cliwia poczucie morskiego klimatu.\u00a0 To nie jest nowa propozycja, bo ma ju\u017c dwa lata, ale pierwszy raz wychodzimy z ni\u0105 w Polsk\u0119 w troch\u0119 od\u015bwie\u017conej formie. Ona \u015bwietnie odpowiada na nasze potrzeby i zach\u0119camy do jej realizacji. Ka\u017cdy b\u0119dzie m\u00f3g\u0142 zdoby\u0107 odznak\u0119 tej propozycji programowej i \u2013 co wa\u017cne \u2013 one p\u00f3\u017aniej nie b\u0119d\u0105 ju\u017c dost\u0119pne.<\/p>\n<p>W tym roku chcemy te\u017c skupi\u0107 si\u0119 na s\u0142u\u017cbie, wi\u0119c b\u0119dziemy zbiera\u0107 po\u0142owinkowe raporty ze s\u0142u\u017cby i jak sama nazwa wskazuje, b\u0119dziemy to robi\u0107 w po\u0142owie roku harcerskiego.<\/p>\n<blockquote><p>Planujemy, \u017ce cz\u0119\u015b\u0107 programu odb\u0119dzie si\u0119 na wodzie<\/p><\/blockquote>\n<p>Je\u015bli chodzi o konspekty zaj\u0119\u0107 na zlocie, to b\u0119dziemy je zbiera\u0107 bli\u017cej samego zlotu, bo uwa\u017camy, \u017ce przygotowywanie ich na wiele miesi\u0119cy przed zlotem nie ma sensu.<\/p>\n<p>Chc\u0119 jeszcze podkre\u015bli\u0107, \u017ce du\u017ce nadzieje pok\u0142adamy w programie specjalno\u015bciowym &#8211; wodnym. Planujemy, \u017ce cz\u0119\u015b\u0107 programu odb\u0119dzie si\u0119 na wodzie. Nasza baza jest po\u0142o\u017cona nad jeziorem i chcemy to wykorzysta\u0107, \u017ceby wyr\u00f3\u017cni\u0107 tym W\u0119drownicz\u0105 Watr\u0119 2023. Musz\u0119 zaznaczy\u0107, \u017ce finalna realizacja pomys\u0142u zale\u017cy od kwestii bezpiecze\u0144stwa, ale ju\u017c pracujemy nad tym, jak je wszystkie rozwi\u0105za\u0107.<\/p>\n<p><strong>Co\u015b jeszcze b\u0119dzie wyr\u00f3\u017cnia\u0107 przysz\u0142oroczn\u0105 Watr\u0119?<\/strong><\/p>\n<p>Aby mocniej podkre\u015bli\u0107 cel W\u0119drowniczej Watry zwi\u0105zany z realizacj\u0105 <em>Polityki \u015brodowiskowej ZHP<\/em>, wprowadzili\u015bmy now\u0105 funkcj\u0119 w komendzie &#8211; cz\u0142onka ds. etyki \u015brodowiskowej, eksperta w tej dziedzinie. Mam nadziej\u0119, \u017ce zapocz\u0105tkujemy proces wyznaczania takiej osoby w komendzie w wydarzeniach na poziomie centralnym oraz chor\u0105gwianym.<\/p>\n<p>Planujemy r\u00f3wnie\u017c przygotowa\u0107 centrum etyki \u015brodowiskowej dla uczestnik\u00f3w zlotu oferuj\u0105ce tematyczny program fakultatywny, prowadzony we wsp\u00f3\u0142pracy z chor\u0105gwianym zespo\u0142em ds. etyki \u015brodowiskowej <em>Nadzieja<\/em>.<\/p>\n<p><strong>To b\u0119dzie kto\u015b, kto b\u0119dzie was pilnowa\u0107 i m\u00f3wi\u0107, \u017ce mo\u017cna co\u015b zrobi\u0107 lepiej?<\/strong><\/p>\n<p>Tak to ma wygl\u0105da\u0107. Taka osoba ma bardzo dok\u0142adnie obserwowa\u0107 nasze dzia\u0142ania i zwraca\u0107 uwag\u0119 na rzeczy, o kt\u00f3rych nie pomy\u015bleli\u015bmy przy organizacji. Dodatkowo jej zadaniem, b\u0119dzie promowanie i realizacja za\u0142o\u017ce\u0144 <em>Polityki \u015arodowiskowej ZHP<\/em> zar\u00f3wno w\u015br\u00f3d uczestnik\u00f3w, jak i organizator\u00f3w, podczas organizacji i trwania W\u0119drowniczej Watry 2023.<\/p>\n<p><strong>Do kiedy trzeba zg\u0142osi\u0107 si\u0119 na W\u0119drownicz\u0105 Watr\u0119 2023?<\/strong><\/p>\n<p>Zg\u0142oszenia rozpoczynamy 23 pa\u017adziernika. Potrwaj\u0105 one do 20 listopada i my\u015bl\u0119, \u017ce to jest bardzo du\u017co czasu na zg\u0142oszenie. Tak\u017ce mo\u017cna ju\u017c sobie zapisa\u0107, kiedy si\u0119 zg\u0142osi\u0107.<\/p>\n<p>Przy okazji chc\u0119 zdradzi\u0107, \u017ce przewidujemy drug\u0105 tur\u0119 na zapisy. Zdajemy sobie spraw\u0119, \u017ce niekt\u00f3rzy potrzebuj\u0105 wi\u0119cej czasu na podj\u0119cie decyzji. Jednak nie zwlekajcie ze zg\u0142oszeniami, bo uruchomienie tury dope\u0142niaj\u0105cej zale\u017cy od ilo\u015bci zg\u0142osze\u0144 w pierwszej turze, a dodatkowo ilo\u015b\u0107 miejsc mo\u017ce by\u0107 ograniczona.<\/p>\n<p>Reszt\u0119 termin\u00f3w poznacie w regulaminie, kt\u00f3ry b\u0119dzie dost\u0119pny od chwili otwarcia zg\u0142osze\u0144. I mog\u0119 zapewni\u0107, \u017ce te terminy b\u0119d\u0105 niezmienne.<\/p>\n<p><strong>Porozmawiajmy jeszcze o obozach. <\/strong><\/p>\n<blockquote><p>Obozy w\u0119drowne nie musz\u0105 trwa\u0107 dw\u00f3ch tygodni, jak obozy stacjonarne<strong><br \/>\n<\/strong><\/p><\/blockquote>\n<p>I s\u0142usznie, bo to jest obowi\u0105zkowy punkt zakwalifikowania dru\u017cyny na W\u0119drownicz\u0105 Watr\u0119. W ramach pracy \u015br\u00f3drocznej chcemy zorganizowa\u0107 spotkanie online o tym, jak zrobi\u0107 ob\u00f3z w\u0119drowny. S\u0105 to niesamowite wyjazdy \u2013 mo\u017cna wiele nauczy\u0107 si\u0119 o sobie, dru\u017cynie i metodyce w\u0119drowniczej. One przecie\u017c nie musz\u0105 trwa\u0107 dw\u00f3ch tygodni, jak obozy stacjonarne! W tym roku zale\u017cy nam na u\u015bwiadomieniu dru\u017cyn, \u017ce mo\u017cna z tym obozem pracowa\u0107 elastycznie. Najwa\u017cniejsze jest to, \u017ceby zrealizowa\u0107 cele obozu w\u0119drownego i podsumowa\u0107 rok harcerski.<\/p>\n<p>Jak ju\u017c jeste\u015bmy przy obozach stacjonarnych, to je\u015bli kto\u015b b\u0119dzie mia\u0142 mo\u017cliwo\u015b\u0107 zorganizowa\u0107 ob\u00f3z stacjonarny, ale z programem w\u0119drowniczym, to ja wol\u0119, \u017ceby mia\u0142 taki ob\u00f3z i pojawi\u0142 si\u0119 na sierpniowym zlocie, ni\u017c nie mia\u0142 \u017cadnego obozu i nie m\u00f3g\u0142 skorzysta\u0107 z Watry. Jest wiele opcji na obozy.<\/p>\n<p><strong>Cz\u0119stym problem przy organizacji obozu przez dru\u017cyn\u0119 w\u0119drownicz\u0105 jest brak kadry. Czy mo\u017cna \u0142\u0105czy\u0107 si\u0142y?<\/strong><\/p>\n<p>Tak, jak najbardziej. Jest plan, \u017ceby \u0142\u0105czy\u0107 dru\u017cyny, je\u015bli w jednej jest komendant, a w drugiej znajdzie si\u0119 kwatermistrz. Nawet je\u015bli to b\u0119d\u0105 dru\u017cyny z Krakowa i Gda\u0144ska to mo\u017cna spr\u00f3bowa\u0107 zorganizowa\u0107 wsp\u00f3lny ob\u00f3z. To jest ogromny problem, kt\u00f3ry jest z nami od lat.<\/p>\n<blockquote><p>Przyda nam si\u0119 narz\u0119dzie \u0142\u0105cz\u0105ce dru\u017cyny w\u0119drownicze we wsp\u00f3lnej organizacji obozu<\/p><\/blockquote>\n<p>Zale\u017cy mi, \u017ceby znale\u017a\u0107 rozwi\u0105zanie, poniewa\u017c widzimy potrzeb\u0119. Teraz przyda nam si\u0119 narz\u0119dzie \u0142\u0105cz\u0105ce dru\u017cyny w\u0119drownicze we wsp\u00f3lnej organizacji obozu. W przypadku oboz\u00f3w stacjonarnych s\u0105 obozy ca\u0142ych hufc\u00f3w, wi\u0119c czemu nie zorganizowa\u0107 wsp\u00f3lnego obozu w\u0119drownego z zaprzyja\u017anion\u0105 dru\u017cyn\u0105?<\/p>\n<p><strong>Wr\u00f3\u0107my do ciebie. W maju zosta\u0142a\u015b kierowniczk\u0105 Referatu W\u0119drowniczego Chor\u0105gwi Gda\u0144skiej. Jeste\u015b te\u017c komendantk\u0105 W\u0119drowniczej Watry 2023. Nie boisz si\u0119 tego po\u0142\u0105czenia? <\/strong><\/p>\n<p>Nie i nawet nie wiem dlaczego, mia\u0142abym si\u0119 ba\u0107. Bardzo \u0142atwo mi rozdzieli\u0107 referat i W\u0119drownicz\u0105 Watr\u0119. Faktycznie na spotkaniach referatu potrafimy zej\u015b\u0107 na temat Watry, ale szybko wracamy na w\u0142a\u015bciwe tory. Mamy zaplanowane rzeczy jako referat i jako komenda. Nie czuj\u0119, \u017ceby to przeszkadza\u0142o.<\/p>\n<p>Pami\u0119tam, \u017ce na pierwszym spotkaniu referatu w tym roku harcerskim pad\u0142o pytanie, kto zajmie si\u0119 naszymi patrolami na Watrze. Wydawa\u0142o mi si\u0119, \u017ce nie b\u0119dzie ch\u0119tnych, \u017ceby si\u0119 tym zaj\u0105\u0107, bo ka\u017cdy ma du\u017co obowi\u0105zk\u00f3w, ale Pawe\u0142 \u2013 zajmuj\u0105cy si\u0119 programem Watry \u2013 wzi\u0105\u0142 to zadanie, twierdz\u0105c \u017ce tak b\u0119dzie naj\u0142atwiej. Od razu b\u0119dzie m\u00f3g\u0142 przekaza\u0107 dru\u017cynom z naszej chor\u0105gwi informacje o ustaleniach dotycz\u0105cych programu. On i tak b\u0119dzie wszystko wiedzia\u0142 na bie\u017c\u0105co, wi\u0119c po co dodawa\u0107 jakich\u015b po\u015brednik\u00f3w.<\/p>\n<p><iframe loading=\"lazy\" style=\"border: none; overflow: hidden;\" src=\"https:\/\/www.facebook.com\/plugins\/post.php?href=https%3A%2F%2Fwww.facebook.com%2FWedrowniczaWatra%2Fphotos%2Fa.294549277336871%2F4276610615797364%2F%3Ftype%3D3&amp;show_text=true&amp;width=500\" width=\"500\" height=\"333\" frameborder=\"0\" scrolling=\"no\" allowfullscreen=\"allowfullscreen\"><\/iframe><\/p>\n<p><strong>Dlaczego podj\u0119\u0142a\u015b si\u0119 tych zada\u0144?<\/strong><\/p>\n<p>To moje ulubione pytanie. Patrz\u0105c z boku, mo\u017ce wygl\u0105da\u0107, jakbym wzi\u0119\u0142a na siebie bardzo du\u017co zada\u0144. To prawda, ale dzia\u0142aj\u0105c w harcerstwie, czuje si\u0119 bardzo dobrze i mam takie poczucie, \u017ce pomaga mi ono w rozwoju i samorealizacji.<\/p>\n<p>Kiedy\u015b, gdy by\u0142am zast\u0119pow\u0105, chcia\u0142am by\u0107 przyboczn\u0105. Gdy zosta\u0142am przyboczn\u0105, marzy\u0142am aby by\u0107 dru\u017cynow\u0105. Zawsze szuka\u0142am miejsca dla siebie i chcia\u0142am czego\u015b wi\u0119cej &#8211; pola do rozwoju, a odk\u0105d jestem w referacie, nie szukam dalej. Gdy zaproponowano mi obj\u0119cie referatu, by\u0142am zaskoczona, ale okaza\u0142o si\u0119, \u017ce by\u0142a to tylko formalno\u015b\u0107, bo wcze\u015bniej anga\u017cowa\u0142am si\u0119 ju\u017c dosy\u0107 sporo w dzia\u0142ania referatu. Mamy ten sam fantastyczny sk\u0142ad, w naszej pracy nic si\u0119 nie zmieni\u0142o. Jedyne wyzwanie w kierowaniu referatem to formalna komunikacja z chor\u0105gwi\u0105. By\u0107 mo\u017ce dlatego, \u017ce aktualnie mieszkam we Wroc\u0142awiu.<\/p>\n<blockquote><p>Gdy ca\u0142y zesp\u00f3\u0142 zacz\u0105\u0142 m\u00f3wi\u0107 o Watrze to i mi udzieli\u0142 si\u0119 ten entuzjazm<\/p><\/blockquote>\n<p>Szczerze, to w przypadku organizacji W\u0119drowniczej Watry na pocz\u0105tku nie by\u0142am do tego przekonana. Obj\u0119\u0142am now\u0105 funkcj\u0119, mam troch\u0119 plan\u00f3w prywatnych na najbli\u017csze kilka miesi\u0119cy. Mimo \u017ce organizacja W\u0119drowniczej Watry jest moim wielkim marzeniem, nie planowa\u0142am tego na ten rok. Gdy ca\u0142y zesp\u00f3\u0142 zacz\u0105\u0142 o tym m\u00f3wi\u0107 oraz wymienia\u0107 si\u0119 pomys\u0142ami to i mi udzieli\u0142 si\u0119 ten entuzjazm. Teraz, to ja innych motywuj\u0119 do dzia\u0142ania. Dla mnie wsp\u00f3\u0142praca jest czym\u015b magicznym, bo cz\u0119sto jedna osoba przekazuj\u0119 swoj\u0105 energi\u0119 innym i jedna ma\u0142a iskra mo\u017ce rozpali\u0107 wiele du\u017cych ognisk.<\/p>\n<p>&nbsp;<\/p>\n","protected":false},"excerpt":{"rendered":"<p>W\u0119drownicza Watra 2023 odb\u0119dzie si\u0119 w Chor\u0105gwi Gda\u0144skiej, a du\u017ca cz\u0119\u015b\u0107 programu b\u0119dzie na wodzie. To j\u0105 ma wyr\u00f3\u017cni\u0107. Poznajcie pomys\u0142 na nast\u0119pn\u0105 Watr\u0119 i dowiedzcie si\u0119, kiedy trzeba si\u0119 zg\u0142osi\u0107.<\/p>\n","protected":false},"author":152,"featured_media":0,"comment_status":"open","ping_status":"open","sticky":false,"template":"","format":"standard","meta":{"_acf_changed":false,"_exactmetrics_skip_tracking":false,"_exactmetrics_sitenote_active":false,"_exactmetrics_sitenote_note":"","_exactmetrics_sitenote_category":0,"footnotes":""},"categories":[197],"tags":[336,1199],"class_list":["post-31582","post","type-post","status-publish","format-standard","hentry","category-jwz","tag-wedrownicza-watra","tag-wedrownicza-watra-2023"],"acf":{"attached_posts":{"link_1":"https:\/\/natropie.zhp.pl\/index.php\/chce-byc-zmiana\/","link_2":"https:\/\/natropie.zhp.pl\/index.php\/dlaczego-warto-robic-plan-pracy\/","link_3":"https:\/\/natropie.zhp.pl\/index.php\/pobierz-aplikacje-na-tropie\/"}},"_links":{"self":[{"href":"https:\/\/natropie.zhp.pl\/index.php\/wp-json\/wp\/v2\/posts\/31582","targetHints":{"allow":["GET"]}}],"collection":[{"href":"https:\/\/natropie.zhp.pl\/index.php\/wp-json\/wp\/v2\/posts"}],"about":[{"href":"https:\/\/natropie.zhp.pl\/index.php\/wp-json\/wp\/v2\/types\/post"}],"author":[{"embeddable":true,"href":"https:\/\/natropie.zhp.pl\/index.php\/wp-json\/wp\/v2\/users\/152"}],"replies":[{"embeddable":true,"href":"https:\/\/natropie.zhp.pl\/index.php\/wp-json\/wp\/v2\/comments?post=31582"}],"version-history":[{"count":6,"href":"https:\/\/natropie.zhp.pl\/index.php\/wp-json\/wp\/v2\/posts\/31582\/revisions"}],"predecessor-version":[{"id":31589,"href":"https:\/\/natropie.zhp.pl\/index.php\/wp-json\/wp\/v2\/posts\/31582\/revisions\/31589"}],"wp:attachment":[{"href":"https:\/\/natropie.zhp.pl\/index.php\/wp-json\/wp\/v2\/media?parent=31582"}],"wp:term":[{"taxonomy":"category","embeddable":true,"href":"https:\/\/natropie.zhp.pl\/index.php\/wp-json\/wp\/v2\/categories?post=31582"},{"taxonomy":"post_tag","embeddable":true,"href":"https:\/\/natropie.zhp.pl\/index.php\/wp-json\/wp\/v2\/tags?post=31582"}],"curies":[{"name":"wp","href":"https:\/\/api.w.org\/{rel}","templated":true}]}}