{"id":31768,"date":"2023-01-19T06:38:22","date_gmt":"2023-01-19T05:38:22","guid":{"rendered":"http:\/\/natropie.zhp.pl\/?p=31768"},"modified":"2023-01-18T21:44:40","modified_gmt":"2023-01-18T20:44:40","slug":"czy-w-zhp-slychac-glos-mlodych","status":"publish","type":"post","link":"https:\/\/natropie.zhp.pl\/index.php\/czy-w-zhp-slychac-glos-mlodych\/","title":{"rendered":"Czy w ZHP s\u0142ycha\u0107 g\u0142os m\u0142odych?"},"content":{"rendered":"<p><strong>Dyskusje na ten temat tocz\u0105 si\u0119 od lat! Czy ZHP jest organizacj\u0105 m\u0142odych, czy \u201ejedynie\u201d dla m\u0142odych? Czy w GK s\u0142ycha\u0107 g\u0142os harcerzy? Na pewno b\u0119dzie go s\u0142ycha\u0107 po 28 lutego, gdy zostanie powo\u0142ana Rada M\u0142odych, do kt\u00f3rej mo\u017cesz zg\u0142osi\u0107 si\u0119 ju\u017c dzi\u015b!<\/strong><\/p>\n<p>Chc\u0105c us\u0142ysze\u0107 g\u0142os w\u0119drownik\u00f3w i m\u0142odych instruktor\u00f3w G\u0142\u00f3wna Kwatera ZHP postanowi\u0142a stworzy\u0107 Rad\u0119 M\u0142odych. Rada b\u0119dzie konsultowa\u0107 i wypracowywa\u0107 dokumenty oraz rozwi\u0105zania, kt\u00f3re bezpo\u015brednio b\u0119d\u0105 dotyczy\u0107 m\u0142odych cz\u0142onk\u00f3w organizacji i wyp\u0142ywa\u0107 na ich poziom zaanga\u017cowania w ZHP.<\/p>\n<p>Rada ma r\u00f3wnie\u017c wspiera\u0107 realizacj\u0119 <a href=\"https:\/\/gkzhp.sharepoint.com\/:w:\/g\/EbJmIPvymFFPi2lBqKmQREwB0ulDhRJCWXWwt77mL-kC-w?e=WNAjm3\">uchwa\u0142y nr 15 XLII Zjazdu ZHP z dnia 22 maja 2022 r.<\/a> w sprawie dialogu mi\u0119dzypokoleniowego i zaanga\u017cowania m\u0142odych. W jej uzasadnieniu zauwa\u017cono, \u017ce na ostatnim zje\u017adzie ZHP delegaci i delegatki, kt\u00f3rzy mieli poni\u017cej 30 lat stanowili tylko 30,9% wszystkich uczestnik\u00f3w z g\u0142osem decyduj\u0105cym. \u015arednia wieku w komendach chor\u0105gwi r\u00f3wnie\u017c nie \u015bwiadczy\u0142a wtedy o tym, \u017ce w wi\u0119kszo\u015bci z nich s\u0105 m\u0142ode osoby.<\/p>\n<blockquote><p>Ka\u017cdy g\u0142os \u2013 nawet kogo\u015b bardzo m\u0142odego &#8211; ma znaczenie!<\/p><\/blockquote>\n<p>Rada najprawdopodobniej b\u0119dzie si\u0119 spotyka\u0107 raz na kwarta\u0142 &#8211; w tym przynajmniej raz w roku na \u017cywo. Co wi\u0119cej, w razie potrzeb, pomi\u0119dzy spotkaniami cz\u0142onkinie i cz\u0142onkowie Rady mog\u0105 zosta\u0107 poproszeni o dodatkowe zaanga\u017cowanie np. recenzj\u0119 dokumentu.<\/p>\n<p>Rada M\u0142odych to doskona\u0142a okazja, aby spr\u00f3bowa\u0107 swoich si\u0142 w strukturach zarz\u0105dczych i zobaczy\u0107 na w\u0142asne oczy, \u017ce ka\u017cdy g\u0142os \u2013 nawet kogo\u015b bardzo m\u0142odego &#8211; ma znaczenie! To tak\u017ce dobre przygotowanie do pe\u0142nienia innych r\u00f3l w przysz\u0142o\u015bci \u2013 czy to w organizacji, czy ju\u017c poza ni\u0105.<\/p>\n<h3><strong>Jak zosta\u0107 cz\u0142onkiem Rady M\u0142odych?<\/strong><\/h3>\n<p>Jest to bardzo proste! Osoba chc\u0105ca zosta\u0107 cz\u0142onkini\u0105\/cz\u0142onkiem Rady musi:<\/p>\n<ul>\n<li>by\u0107 czynnym cz\u0142onkiem\/cz\u0142onkini\u0105 ZHP w wieku od 16 do 26 lat (rocznikowo),<\/li>\n<li>posiada\u0107 pe\u0142ny wpis do systemu ewidencyjnego Tipi,<\/li>\n<li>mie\u0107 op\u0142acone sk\u0142adki cz\u0142onkowskie minimum za I kwarta\u0142 2023 roku,<\/li>\n<li>przedstawi\u0107 opini\u0119 w\u0142a\u015bciwego komendanta chor\u0105gwi \u2013 zgodnie z przydzia\u0142em s\u0142u\u017cbowym (mo\u017cliwo\u015b\u0107 za\u0142\u0105czenia w formularzu),<\/li>\n<li>mie\u0107 mo\u017cliwo\u015b\u0107 wzi\u0119cia udzia\u0142u w spotkaniu w Warszawie w terminie 17-19 marca 2023 r.<\/li>\n<\/ul>\n<p><strong>Zg\u0142oszenie nale\u017cy przes\u0142a\u0107 za po\u015brednictwem <a href=\"https:\/\/forms.office.com\/e\/pp6TTguDwZ\">ankiety<\/a> do 5 lutego 2023 roku (godz. 23:59).\u00a0<\/strong><\/p>\n<p>Proces rekrutacji sk\u0142ada\u0107 si\u0119 b\u0119dzie z nast\u0119puj\u0105cych etap\u00f3w:<\/p>\n<ul>\n<li>przes\u0142anie ankiety zg\u0142oszeniowej;<\/li>\n<li>wykonanie zadania;<\/li>\n<li>udzia\u0142 w rozmowie w formie zdalnej.<\/li>\n<\/ul>\n<p>Termin rozstrzygni\u0119cia konkursu G\u0142\u00f3wna Kwatera ZHP przewiduje do 28 lutego 2023 r.<\/p>\n<h3><strong>A po co im m\u00f3j g\u0142os?<\/strong><\/h3>\n<p>Harcerstwo jest cz\u0119\u015bci\u0105 ruchu skautowego, kt\u00f3ry swoim zasi\u0119giem obejmuje miliony dzieci i m\u0142odych doros\u0142ych na ca\u0142ym \u015bwiecie. W \u015awiatowej Skautowej Polityce Anga\u017cowania M\u0142odych WOSM oraz w czasie 37. \u015awiatowej Konferencji WAGGGS i 42. \u015awiatowej Konferencji WOSM postanowiono, \u017ce skauting, a co za tym idzie harcerstwo, powinien by\u0107 organizacj\u0105 ludzi m\u0142odych wspieranych przez doros\u0142ych.<\/p>\n<blockquote><p>\u017beby odpowiada\u0107 na wyzwania wsp\u00f3\u0142czesnego \u015bwiata, trzeba us\u0142ysze\u0107 g\u0142os m\u0142odych<\/p><\/blockquote>\n<p>Aby rozwija\u0107 organizacj\u0119 i zapewnia\u0107 stale aktualny program, odpowiadaj\u0105cy na wyzwania wsp\u00f3\u0142czesnego \u015bwiata, trzeba us\u0142ysze\u0107 g\u0142os m\u0142odych i aktywnie zaanga\u017cowa\u0107 ich w procesy decyzyjne. Natomiast, aby harmonijnie budowa\u0107 organizacj\u0119, realizuj\u0105c misj\u0119 i cele ZHP nale\u017cy korzysta\u0107 z pami\u0119ci organizacyjnej starszych, bardziej do\u015bwiadczonych instruktor\u00f3w. Tylko wzmacniaj\u0105c dialog mi\u0119dzypokoleniowy, b\u0119dziemy mogli w pe\u0142ni wykorzysta\u0107 potencja\u0142 instruktorski drzemi\u0105cy w naszej organizacji.<\/p>\n<p>Dlatego tak niezmiernie wa\u017cny jest tw\u00f3j g\u0142os \u2013 g\u0142os w\u0119drownika, \u015bwie\u017co upieczonego instruktora, akademika. To wy wiecie najlepiej, jakie sprawy s\u0105 najbli\u017csze waszym sercom, czujecie czego brakuje (albo czego jest za du\u017co!) waszym r\u00f3wie\u015bnikom. Aby ZHP mog\u0142o spe\u0142nia\u0107 wasze oczekiwania, musicie zabra\u0107 g\u0142os. Bez was to si\u0119 nie uda!<\/p>\n<p>&nbsp;<\/p>\n","protected":false},"excerpt":{"rendered":"<p>Dyskusje na ten temat tocz\u0105 si\u0119 od lat! Czy ZHP jest organizacj\u0105 m\u0142odych, czy \u201ejedynie\u201d dla m\u0142odych? Czy w GK s\u0142ycha\u0107 g\u0142os harcerzy? Na pewno b\u0119dzie go s\u0142ycha\u0107 po 28 lutego, gdy zostanie powo\u0142ana Rada M\u0142odych, do kt\u00f3rej mo\u017cesz zg\u0142osi\u0107 si\u0119 ju\u017c dzi\u015b!<\/p>\n","protected":false},"author":152,"featured_media":0,"comment_status":"open","ping_status":"open","sticky":false,"template":"","format":"standard","meta":{"_acf_changed":false,"_exactmetrics_skip_tracking":false,"_exactmetrics_sitenote_active":false,"_exactmetrics_sitenote_note":"","_exactmetrics_sitenote_category":0,"footnotes":""},"categories":[197],"tags":[],"class_list":["post-31768","post","type-post","status-publish","format-standard","hentry","category-jwz"],"acf":{"attached_posts":{"link_1":"https:\/\/natropie.zhp.pl\/index.php\/bedzie-zabawa-albo-i-nie\/","link_2":"https:\/\/natropie.zhp.pl\/index.php\/erasmus-suomi\/","link_3":"https:\/\/natropie.zhp.pl\/index.php\/pobierz-aplikacje-na-tropie\/"}},"_links":{"self":[{"href":"https:\/\/natropie.zhp.pl\/index.php\/wp-json\/wp\/v2\/posts\/31768","targetHints":{"allow":["GET"]}}],"collection":[{"href":"https:\/\/natropie.zhp.pl\/index.php\/wp-json\/wp\/v2\/posts"}],"about":[{"href":"https:\/\/natropie.zhp.pl\/index.php\/wp-json\/wp\/v2\/types\/post"}],"author":[{"embeddable":true,"href":"https:\/\/natropie.zhp.pl\/index.php\/wp-json\/wp\/v2\/users\/152"}],"replies":[{"embeddable":true,"href":"https:\/\/natropie.zhp.pl\/index.php\/wp-json\/wp\/v2\/comments?post=31768"}],"version-history":[{"count":2,"href":"https:\/\/natropie.zhp.pl\/index.php\/wp-json\/wp\/v2\/posts\/31768\/revisions"}],"predecessor-version":[{"id":31770,"href":"https:\/\/natropie.zhp.pl\/index.php\/wp-json\/wp\/v2\/posts\/31768\/revisions\/31770"}],"wp:attachment":[{"href":"https:\/\/natropie.zhp.pl\/index.php\/wp-json\/wp\/v2\/media?parent=31768"}],"wp:term":[{"taxonomy":"category","embeddable":true,"href":"https:\/\/natropie.zhp.pl\/index.php\/wp-json\/wp\/v2\/categories?post=31768"},{"taxonomy":"post_tag","embeddable":true,"href":"https:\/\/natropie.zhp.pl\/index.php\/wp-json\/wp\/v2\/tags?post=31768"}],"curies":[{"name":"wp","href":"https:\/\/api.w.org\/{rel}","templated":true}]}}